{"id":34448,"date":"2024-08-12T13:33:14","date_gmt":"2024-08-12T10:33:14","guid":{"rendered":"https:\/\/mersinkadingazetesi.com\/?p=34448"},"modified":"2024-08-12T13:33:15","modified_gmt":"2024-08-12T10:33:15","slug":"baglarbasi-karasi-gorkemli-bir-festival-ile-tanitildi","status":"publish","type":"post","link":"https:\/\/mersinkadingazetesi.com\/?p=34448","title":{"rendered":"BA\u011eLARBA\u015eI KARASI G\u00d6RKEML\u0130 B\u0130R FEST\u0130VAL \u0130LE TANITILDI"},"content":{"rendered":"\n<p><em>Akdeniz Belediyesi\u2019nin, \u2018Ba\u011flarba\u015f\u0131 Karas\u0131\u2019 olarak bilinen, T\u00fcrkiye\u2019de en erken hasat edilen siyah incirini tan\u0131t\u0131p marka de\u011ferini artt\u0131rmak hedefiyle ilk kez d\u00fczenledi\u011fi &#8220;1\u2019inci Ba\u011flarba\u015f\u0131 \u0130ncir Festivali&#8221; b\u00fcy\u00fck bir co\u015fku ve yo\u011fun kat\u0131l\u0131m alt\u0131nda ger\u00e7ekle\u015fti.<\/em><\/p>\n\n\n\n<p>T\u00fcrkiye\u2019de, en erken hasad\u0131n yap\u0131ld\u0131\u011f\u0131, incir \u00fcretimi ve ihracat\u0131nda \u00f6nde gelen Ba\u011flarba\u015f\u0131 Mahallesi\u2019nde d\u00fczenlenen \u201cAkdeniz Belediyesi 1\u2019inci Ba\u011flarba\u015f\u0131 \u0130ncir Festivali\u201d g\u00f6rkemli bir organizasyonla ger\u00e7ekle\u015fti. K\u00fclt\u00fcr ve Sosyal \u0130\u015fler M\u00fcd\u00fcrl\u00fc\u011f\u00fc koordinesindeki festivalde, \u00f6d\u00fcll\u00fc en g\u00fczel incir yar\u0131\u015fmas\u0131 d\u00fczenlendi; ses sanat\u00e7\u0131lar\u0131 Kadir \u00c7at ve \u00d6zlem Taner \u015fark\u0131lar\u0131yla meydan\u0131 co\u015fturdu. \u00c7ocuklar i\u00e7in aktivite alanlar\u0131n\u0131n haz\u0131rland\u0131\u011f\u0131, konuklara y\u00f6resel \u00fcr\u00fcnlerin ikram edildi\u011fi incir festivaline, Akdeniz Belediyesi E\u015f Ba\u015fkanlar\u0131 Nuriye Arslan ve Ho\u015fyar Sar\u0131y\u0131ld\u0131z, Mersin Milletvekili Ali Bozan, DEM Parti il ve il\u00e7e y\u00f6neticileri, belediye ba\u015fkan yard\u0131mc\u0131lar\u0131, meclis \u00fcyeleri, mahalle muhtarlar\u0131, Ba\u011flarba\u015f\u0131l\u0131 incir \u00fcreticileri, \u015fehir i\u00e7i ve d\u0131\u015f\u0131ndan gelen \u00e7ok say\u0131da konuk ile 7\u2019den 70\u2019e y\u00fczlerce vatanda\u015f kat\u0131ld\u0131.<\/p>\n\n\n\n<p>Arslan; \u201cRotam\u0131z, halk\u0131m\u0131za hizmet etmektir\u201d<\/p>\n\n\n\n<p>Festivalin, Ba\u011flarba\u015f\u0131 Karas\u0131 incirinin yerel ve ulusal tan\u0131t\u0131m\u0131na ciddi katk\u0131 sa\u011flayaca\u011f\u0131n\u0131 vurgulayan E\u015f Ba\u015fkan Nuriye Arslan; \u201cBa\u011flarba\u015f\u0131&#8217;nda faaliyet g\u00f6steren \u00fcreticilerimizin ana ge\u00e7im kayna\u011f\u0131 olan bu k\u0131ymetli \u00fcr\u00fcn\u00fcn \u00f6nemine dikkat \u00e7ekmek, katma de\u011ferinin artmas\u0131 ve markala\u015fmas\u0131 sayesinde, \u00fclke ve d\u00fcnya pazarlar\u0131nda daha \u00e7ok tercih edilmesi hedefiyle incir festivaline b\u00fcy\u00fck \u00f6nem veriyoruz\u201d dedi. S\u00f6zlerini; \u201cBizim rotam\u0131z halk\u0131m\u0131za hizmet etmektir\u201d diyerek s\u00fcrd\u00fcren Arslan; \u201cAkdenizli emek\u00e7inin, \u00e7ift\u00e7inin \u00fcrettikleri \u00fcr\u00fcnleri hem \u00fclkemizde, hem de kentimizde tan\u0131tmak i\u00e7in elimizden gelen \u00e7abay\u0131 g\u00f6sterece\u011fimizin s\u00f6z\u00fcn\u00fc vermi\u015ftik. Se\u00e7imden bug\u00fcne halk\u0131m\u0131zla i\u00e7 i\u00e7eyiz. \u0130ki hafta \u00f6nce de Esenli Mahallemizde \u00fcz\u00fcm festivalimizi co\u015fkuyla ger\u00e7ekle\u015ftirdik. Bug\u00fcn de Ba\u011flarba\u015f\u0131\u2019nda siyah incir festivalinde bir araday\u0131z. T\u00fcrkiye genelinde siyah incirin ilk yeti\u015fti\u011fi yer buras\u0131. B\u00f6lgemizi d\u00fcnyaya tan\u0131tmak i\u00e7in elimizden geleni yapaca\u011f\u0131z\u201d \u015feklinde konu\u015ftu.<\/p>\n\n\n\n<p>Sar\u0131y\u0131ld\u0131z; \u201c\u00dcreticilerimizin her zaman yan\u0131nda olaca\u011f\u0131z\u201d<\/p>\n\n\n\n<p>Akdeniz Belediye E\u015f Ba\u015fkan\u0131 Ho\u015fyar Sar\u0131y\u0131ld\u0131z da Ba\u011flarba\u015f\u0131l\u0131 \u00fcreticilerin talebi \u00fczerine festival s\u00f6z\u00fcn\u00fc verdiklerini ve \u00f6n\u00fcm\u00fczdeki y\u0131llarda devam\u0131n\u0131n gelece\u011fini belirtti. Festival ile ama\u00e7lar\u0131n\u0131n, incirin tan\u0131t\u0131m\u0131n\u0131 yapmak, i\u00e7 ve d\u0131\u015f pazarda \u00fcr\u00fcnlerin te\u015fhiri ve sat\u0131\u015f\u0131n\u0131 kolayla\u015ft\u0131rmak oldu\u011funun alt\u0131n\u0131 \u00e7izen Sar\u0131y\u0131ld\u0131z, \u201cBu saatten sonra biz hizmetlerimize bakaca\u011f\u0131z, halk\u0131m\u0131zla bulu\u015fmaya yo\u011funla\u015faca\u011f\u0131z.<\/p>\n\n\n\n<p>Buraya gelirken de insanlar\u0131m\u0131z\u0131n y\u00fcz\u00fcndeki mutlulu\u011fu ve bize kar\u015f\u0131 sahiplenici tutumunu g\u00f6rd\u00fc\u011f\u00fcm\u00fczde ne kadar do\u011fru ve g\u00fczel bir i\u015f yapt\u0131\u011f\u0131m\u0131z\u0131 bir kez daha g\u00f6rd\u00fck. \u0130n\u015fallah birincisini ger\u00e7ekle\u015ftirdi\u011fimiz incir festivalimizin devam\u0131nda da bulu\u015faca\u011f\u0131z. Bununla da yetinmeyece\u011fiz, hem\u015ferilerimize m\u00fcjdesini vermi\u015f olal\u0131m; yak\u0131n zamanda \u015eevket S\u00fcmer\u2018de bir festival d\u00fczenleyece\u011fiz. Akabinde Karaduvar&#8217;da bal\u0131k festivalimiz olacak. Sonras\u0131nda Dikilita\u015f Mahallemizde de g\u00fcl festivalimizi yapaca\u011f\u0131z. Hangi \u00fcreticimizin bizden bu y\u00f6nde talep ve beklentisi olursa \u00e7ekinmeden yan\u0131nda olaca\u011f\u0131m\u0131z\u0131n da s\u00f6z\u00fcn\u00fc veriyoruz\u201d ifadelerini kulland\u0131.<\/p>\n\n\n\n<p>Bozan; \u201cAkdeniz\u2019in 65 mahallesinin tamam\u0131 bizim i\u00e7in e\u015fittir\u201d<\/p>\n\n\n\n<p>Mersin Milletvekili Ali Bozan ise konu\u015fmas\u0131nda; Akdeniz\u2019in 65 mahallesine e\u015fit hizmetin g\u00f6t\u00fcr\u00fclece\u011fini, Ba\u011flarba\u015f\u0131 ve Esenli Mahallesi\u2019ne verilen de\u011ferin t\u00fcm mahallere verilece\u011fini s\u00f6yledi. \u201cE\u015f Ba\u015fkanlar\u0131m\u0131z, Akdeniz\u2019de ya\u015fayan b\u00fct\u00fcn yurtta\u015flar\u0131n belediye ba\u015fkanlar\u0131 olacak. Akdeniz\u2019in 65 mahallesine e\u015fit hizmet g\u00f6t\u00fcrecekler. Ge\u00e7en 4 ayl\u0131k s\u00fcre\u00e7te belediyemizin hayata ge\u00e7irdiklerine bakt\u0131\u011f\u0131m\u0131zda, evet belediye e\u015f ba\u015fkanlar\u0131m\u0131z belediye y\u00f6netimimiz bu s\u00f6z\u00fcn arkas\u0131nda. Bizim i\u00e7in Ba\u011flarba\u015f\u0131 da bir, Esenli de Karaduvar da, Bah\u00e7e Mahallesi de, \u015eevket S\u00fcmer de, \u00c7ay Mahallesi de bir. Bundan sonraki s\u00fcre\u00e7te de Akdeniz\u2019de ya\u015fayan t\u00fcm yurtta\u015flar\u0131n belediye ba\u015fkanl\u0131\u011f\u0131n\u0131 yapmaya devam edecekler. Kendilerine bu konuda inanc\u0131m\u0131z tamd\u0131r\u201d \u015feklinde konu\u015ftu. Belediyelerin, zorluklara ra\u011fmen halka hizmet edece\u011finin alt\u0131n\u0131 \u00e7izen Milletvekili Bozan, &#8220;Alana ilk geldi\u011fimde \u015funu g\u00f6rd\u00fcm ki ger\u00e7ekten Mersin\u2019in, Akdeniz\u2019imizin y\u0131llard\u0131r \u00f6zlem duydu\u011fu bir tablo ile kar\u015f\u0131 kar\u015f\u0131yay\u0131z. Hep s\u00f6yledik,&nbsp; Mersin T\u00fcrkiye\u2019dir, Akdeniz T\u00fcrkiye\u2019dir. Bug\u00fcn bu tabloyu ya\u015fatan etkinlikte eme\u011fi ge\u00e7en t\u00fcm arkada\u015flar\u0131m\u0131za te\u015fekk\u00fcr ediyorum\u201d dedi.<\/p>\n\n\n\n<p>\u015eenate\u015f; \u201cFestival, incirimizin tan\u0131t\u0131m\u0131na b\u00fcy\u00fck katk\u0131 sa\u011flayacak\u201d<\/p>\n\n\n\n<p>Festivalin kendileri i\u00e7in \u00e7ok k\u0131ymetli ve de\u011ferli oldu\u011funun alt\u0131n\u0131 \u00e7izen Ba\u011flarba\u015f\u0131 Mahalle Muhtar\u0131 Mustafa \u015eenate\u015f ise; \u201cY\u00f6remizde yeti\u015fen Ba\u011flarba\u015f\u0131 Karas\u0131 incirinin tan\u0131t\u0131m\u0131 ve halk\u0131m\u0131z\u0131n ekonomisine katk\u0131s\u0131 i\u00e7in Say\u0131n E\u015f Ba\u015fkanlar\u0131m\u0131z Sar\u0131y\u0131ld\u0131z ve Arslan\u2019a \u015f\u00fckranlar\u0131m\u0131 sunuyorum. B\u00f6yle bir festivalde eme\u011fi ge\u00e7en, belediye y\u00f6neticileri ve personellerine te\u015fekk\u00fcr ediyorum\u201d diye konu\u015ftu.<\/p>\n\n\n\n<p>Ko\u00e7ak; \u201cK\u00fc\u00e7\u00fck \u00f6nerim b\u00fcy\u00fck bir projeye d\u00f6n\u00fc\u015ft\u00fc\u201d<\/p>\n\n\n\n<p>Ba\u011flarba\u015f\u0131 sakini aktivist \u00c7i\u011fdem \u00d6zta\u015f Ko\u00e7ak da meydan\u0131 dolduran vatanda\u015flara yapt\u0131\u011f\u0131 konu\u015fmada; \u201cK\u00fc\u00e7\u00fck bir projeyle sundu\u011fum \u00f6nerim, muhtar\u0131m\u0131z\u0131n \u00e7abas\u0131yla b\u00fcy\u00fck bir projeye d\u00f6n\u00fc\u015ft\u00fc. Etkinlik incirimizi tan\u0131tmak, incirimizi incir \u00fcreticilerimize moral motivasyon ama\u00e7l\u0131 olsa da bu vesile ile keyifli e\u011flenceli bir ortamda halk\u0131m\u0131z\u0131n bir araya gelip dayan\u0131\u015fma ve kayna\u015fma hasret gidermek, keyifli ve e\u011flenceli saatler ge\u00e7irmi\u015f olaca\u011f\u0131z.&nbsp; \u00d6n\u00fcm\u00fczdeki y\u0131llarda devam\u0131n\u0131n gelece\u011fi umut etti\u011fim incir festivalinde emek harcayan muhtar\u0131m\u0131za, k\u00f6yl\u00fc arkada\u015flar\u0131m\u0131za, hi\u00e7bir deste\u011fi esirgemeyen Akdeniz Belediyesi E\u015f Ba\u015fkanlar\u0131 Say\u0131n Nuriye Aslan ve Say\u0131n Ho\u015fyar Sar\u0131y\u0131ld\u0131z\u2019a, K\u00fclt\u00fcr M\u00fcd\u00fcr\u00fc Say\u0131n Sira\u00e7 \u00c7al\u0131k\u2019a, b\u00fcy\u00fck usta Ya\u015far Kemal\u2019in tabiri ile \u00c7ukurova\u2019n\u0131n sar\u0131 s\u0131ca\u011f\u0131nda, kep\u00e7elerle \u00e7al\u0131\u015fmalar\u0131n\u0131 yapan belediye emek\u00e7ilerimize te\u015fekk\u00fcrlerimi sunar\u0131m\u201d ifadelerini kulland\u0131.<\/p>\n","protected":false},"excerpt":{"rendered":"<p>Akdeniz Belediyesi\u2019nin, \u2018Ba\u011flarba\u015f\u0131 Karas\u0131\u2019 olarak bilinen, T\u00fcrkiye\u2019de en erken hasat edilen siyah incirini tan\u0131t\u0131p marka de\u011ferini artt\u0131rmak hedefiyle ilk kez d\u00fczenledi\u011fi &#8220;1\u2019inci Ba\u011flarba\u015f\u0131 \u0130ncir Festivali&#8221; b\u00fcy\u00fck bir co\u015fku ve yo\u011fun kat\u0131l\u0131m alt\u0131nda ger\u00e7ekle\u015fti. T\u00fcrkiye\u2019de, en erken hasad\u0131n yap\u0131ld\u0131\u011f\u0131, incir \u00fcretimi ve ihracat\u0131nda \u00f6nde gelen Ba\u011flarba\u015f\u0131 Mahallesi\u2019nde d\u00fczenlenen \u201cAkdeniz Belediyesi 1\u2019inci Ba\u011flarba\u015f\u0131 \u0130ncir Festivali\u201d g\u00f6rkemli bir [&hellip;]<\/p>\n","protected":false},"author":2,"featured_media":34449,"comment_status":"closed","ping_status":"closed","sticky":false,"template":"","format":"standard","meta":{"footnotes":""},"categories":[34,1,2,3,5],"tags":[],"class_list":["post-34448","post","type-post","status-publish","format-standard","has-post-thumbnail","hentry","category-flas-haber","category-genel","category-gundem","category-manset","category-mersin"],"views":5,"_links":{"self":[{"href":"https:\/\/mersinkadingazetesi.com\/index.php?rest_route=\/wp\/v2\/posts\/34448"}],"collection":[{"href":"https:\/\/mersinkadingazetesi.com\/index.php?rest_route=\/wp\/v2\/posts"}],"about":[{"href":"https:\/\/mersinkadingazetesi.com\/index.php?rest_route=\/wp\/v2\/types\/post"}],"author":[{"embeddable":true,"href":"https:\/\/mersinkadingazetesi.com\/index.php?rest_route=\/wp\/v2\/users\/2"}],"replies":[{"embeddable":true,"href":"https:\/\/mersinkadingazetesi.com\/index.php?rest_route=%2Fwp%2Fv2%2Fcomments&post=34448"}],"version-history":[{"count":1,"href":"https:\/\/mersinkadingazetesi.com\/index.php?rest_route=\/wp\/v2\/posts\/34448\/revisions"}],"predecessor-version":[{"id":34450,"href":"https:\/\/mersinkadingazetesi.com\/index.php?rest_route=\/wp\/v2\/posts\/34448\/revisions\/34450"}],"wp:featuredmedia":[{"embeddable":true,"href":"https:\/\/mersinkadingazetesi.com\/index.php?rest_route=\/wp\/v2\/media\/34449"}],"wp:attachment":[{"href":"https:\/\/mersinkadingazetesi.com\/index.php?rest_route=%2Fwp%2Fv2%2Fmedia&parent=34448"}],"wp:term":[{"taxonomy":"category","embeddable":true,"href":"https:\/\/mersinkadingazetesi.com\/index.php?rest_route=%2Fwp%2Fv2%2Fcategories&post=34448"},{"taxonomy":"post_tag","embeddable":true,"href":"https:\/\/mersinkadingazetesi.com\/index.php?rest_route=%2Fwp%2Fv2%2Ftags&post=34448"}],"curies":[{"name":"wp","href":"https:\/\/api.w.org\/{rel}","templated":true}]}}