{"id":34451,"date":"2024-08-13T10:05:12","date_gmt":"2024-08-13T07:05:12","guid":{"rendered":"https:\/\/mersinkadingazetesi.com\/?p=34451"},"modified":"2024-08-13T10:05:12","modified_gmt":"2024-08-13T07:05:12","slug":"mersin-buyuksehir-belediye-meclisinin-agustos-ayi-1-birlesimi-gerceklestirildi","status":"publish","type":"post","link":"https:\/\/mersinkadingazetesi.com\/?p=34451","title":{"rendered":"MERS\u0130N B\u00dcY\u00dcK\u015eEH\u0130R BELED\u0130YE MECL\u0130S\u0130&#8217;N\u0130N A\u011eUSTOS AYI 1. B\u0130RLE\u015e\u0130M\u0130 GER\u00c7EKLE\u015eT\u0130R\u0130LD\u0130"},"content":{"rendered":"\n<p>Mersin B\u00fcy\u00fck\u015fehir Belediye Meclisi&#8217;nin 2024 Y\u0131l\u0131 A\u011fustos Ay\u0131 Ola\u011fan Toplant\u0131s\u0131&#8217;n\u0131n 1. Birle\u015fimi, Mersin B\u00fcy\u00fck\u015fehir Belediye Meclis 1. Ba\u015fkan Vekili Ali Uyan ba\u015fkanl\u0131\u011f\u0131nda ger\u00e7ekle\u015ftirildi. Meclis&#8217;te; birimlerden gelen 51, komisyonlara havale edilen 42 ve g\u00fcndem d\u0131\u015f\u0131 3 madde olmak \u00fczere toplam 96 madde g\u00f6r\u00fc\u015f\u00fcld\u00fc.<\/p>\n\n\n\n<p><strong>&#8220;30 A\u011fustos, \u00f6zg\u00fcrl\u00fck ve ba\u011f\u0131ms\u0131zl\u0131k m\u00fccadelesidir&#8221;<\/strong><\/p>\n\n\n\n<p>G\u00fcndem d\u0131\u015f\u0131 konu\u015fmalar b\u00f6l\u00fcm\u00fcnde konu\u015fan Mersin B\u00fcy\u00fck\u015fehir Belediye Meclis 1. Ba\u015fkan Vekili Ali Uyan, 10 A\u011fustos Anafartalar Zaferi&#8217;nin 109. y\u0131l d\u00f6n\u00fcm\u00fcn\u00fc ve 30 A\u011fustos Zafer Bayram\u0131&#8217;n\u0131 kutlayarak,&nbsp;<strong>&#8220;30 A\u011fustos Zafer Bayram\u0131; zulme, i\u015fgale, esarete, teslimiyete ve t\u00fcm emperyalist \u00fclkelere kar\u015f\u0131 verilen \u00f6zg\u00fcrl\u00fck ve ba\u011f\u0131ms\u0131zl\u0131k m\u00fccadelesidir. Bu zafer sonucu egemenli\u011fin kay\u0131ts\u0131z ve \u015farts\u0131z millete devredildi\u011fi demokratik, laik, sosyal hukuk devleti olu\u015fturulmas\u0131 i\u00e7in m\u00fccadele eden ba\u015fta Ulu \u00d6nder Mustafa Kemal Atat\u00fcrk ve silah arkada\u015flar\u0131 ile b\u00fct\u00fcn kahramanlar\u0131m\u0131z\u0131 ve \u015fehitlerimizi sayg\u0131yla, rahmetle ve minnetle an\u0131yoruz&#8221;<\/strong>&nbsp;dedi.<\/p>\n\n\n\n<p>Belediyelerin SGK bor\u00e7lar\u0131na haciz gelmesiyle ilgili yap\u0131lan yorumlarla ilgili de de\u011ferlendirme yapan Uyan,&nbsp;<strong>&#8220;Her t\u00fcrl\u00fc engelleme, haks\u0131zl\u0131k ve adaletsizlik uygulamalar\u0131 ve ne olursa olsun Vahap Se\u00e7er Ba\u015fkan\u0131m\u0131z her zaman hizmetleri sonuna kadar devam ettirecek. Mersin&#8217;de ya\u015fayan yurtta\u015flar\u0131m\u0131z bu konuda m\u00fcsterih olsunlar. Her t\u00fcrl\u00fc \u00f6tekile\u015ftirmenin, ayr\u0131\u015ft\u0131rman\u0131n kar\u015f\u0131s\u0131nday\u0131z, her zaman da kar\u015f\u0131s\u0131nda olaca\u011f\u0131z. Bizler de isterdik ki b\u00f6yle bir ayr\u0131\u015ft\u0131rma, \u00f6tekile\u015ftirme olmas\u0131n. Ne diyelim demek ki b\u00f6yle bir anlay\u0131\u015f var&#8221;<\/strong>&nbsp;diye konu\u015ftu.<\/p>\n\n\n\n<p><strong>&#8220;Trafik kazalar\u0131 oluyor diye trafi\u011fi yasaklam\u0131yoruz&#8221;<\/strong><\/p>\n\n\n\n<p>Bir meclis \u00fcyesinin Sokak Hayvanlar\u0131 Yasas\u0131&#8217;na ili\u015fkin konu\u015fmas\u0131na yan\u0131t veren Uyan,&nbsp;<strong>&#8220;Trafik kazalar\u0131 oluyor diye trafi\u011fi yasaklam\u0131yoruz. Trafi\u011fe daha nas\u0131l tedbir al\u0131n\u0131r, nas\u0131l \u00f6nleyici kurallar konulur onu yap\u0131yoruz. Elbette ki hayvanlar\u0131 koruma anlam\u0131nda bu t\u00fcr s\u0131k\u0131nt\u0131lar oldu\u011funda hayvanlar\u0131 \u00f6ld\u00fcrelim de\u011fil, tedbirleri ald\u0131rmak laz\u0131m&#8221;<\/strong>&nbsp;diyerek, B\u00fcy\u00fck\u015fehir&#8217;in ald\u0131\u011f\u0131 kararlar\u0131n yasalar\u0131n \u00f6n\u00fcnde kararlar olmad\u0131\u011f\u0131n\u0131 vurgulad\u0131.<\/p>\n\n\n\n<p><strong>&#8220;SGK&#8217;nin amac\u0131 bor\u00e7 tahsili de\u011fil, muhalif belediyelerin halka hizmetini kesmek&#8221;<\/strong><\/p>\n\n\n\n<p>B\u00fcy\u00fck\u015fehir&#8217;in SGK bor\u00e7lar\u0131n\u0131n tahsiline ili\u015fkin konu\u015fan Uyan,&nbsp;<strong>&#8220;Belediyemize y\u0131ld\u0131r\u0131m h\u0131z\u0131yla bir uygulama yap\u0131ld\u0131. Belediyeler Cumhuriyet Halk Partisi&#8217;ne (CHP) ge\u00e7meden \u00f6nce olu\u015fmu\u015f olan bor\u00e7lar var, bunu 7&#8217;den 70&#8217;e herkes biliyor. Bunu T\u00fcrkiye&#8217;de ya\u015fayan vatanda\u015flar \u00e7ok net g\u00f6r\u00fcyorlar. Belediyeler Adalet ve Kalk\u0131nma Partisi&#8217;ndeyken bu uygulamalar gelmiyor ve 31 Mart 2024 se\u00e7imlerinden sonra CHP&#8217;li belediyeler oldu ve SGK&#8217;nin bor\u00e7lar\u0131n tahsilat\u0131 nedense yeni akla geldi&#8221;<\/strong>&nbsp;dedi. SGK&#8217;nin as\u0131l amac\u0131n\u0131n bor\u00e7 tahsili olmad\u0131\u011f\u0131n\u0131 s\u00f6yleyen Uyan,&nbsp;<strong>&#8220;As\u0131l ama\u00e7 CHP&#8217;li belediyelerimizin hizmetlerinin halka ula\u015fmas\u0131n\u0131 engellemek. Bunu biz de vatanda\u015flar da biliyor&#8221;<\/strong>&nbsp;ifadelerine yer verdi.<\/p>\n\n\n\n<p>Mecliste daha sonra yap\u0131lan g\u00f6r\u00fc\u015fmelerde; toplu ta\u015f\u0131ma hizmetinin aksamamas\u0131 ad\u0131na ihtiya\u00e7 duyulan&nbsp;<strong><em>&#8216;Elektrikli Toplu Ta\u015f\u0131ma Otob\u00fcs Al\u0131m\u0131 ve GES&#8217;<\/em><\/strong>&nbsp;projesinin ger\u00e7ekle\u015ftirilmesi amac\u0131yla Avrupa \u0130mar ve Kalk\u0131nma Bankas\u0131&#8217;ndan (EBRD) temin edilecek kredi bor\u00e7lanmas\u0131 ve hibe ile ilgili madde ilgili komisyonlara havale edildi.<\/p>\n\n\n\n<p>166 \u00fclkeden 8 bin 200 \u00fcyesi bulunan ve amac\u0131; \u00fcye \u015fehirlerin yak\u0131n dayan\u0131\u015fma yoluyla n\u00fckleer silahlar\u0131n tamamen ortadan kald\u0131r\u0131lmas\u0131, a\u00e7l\u0131k, yoksulluk, m\u00fcltecilerin durumu, insan haklar\u0131 ihlalleri ve \u00e7evre bozulmas\u0131 gibi insan \u0131rk\u0131 i\u00e7in hayati \u00f6neme sahip sorunlar\u0131 \u00e7\u00f6zmeye \u00e7al\u0131\u015farak kal\u0131c\u0131 d\u00fcnya bar\u0131\u015f\u0131n\u0131n sa\u011flanmas\u0131na katk\u0131da bulunmak olan&nbsp;<strong><em>&#8216;Bar\u0131\u015f \u0130\u00e7in Belediye Ba\u015fkanlar\u0131&#8217;<\/em><\/strong>&nbsp;a\u011f\u0131na \u00fcye olunmas\u0131 ile ilgili konu da ilgili komisyonlara havale edildi.<\/p>\n\n\n\n<p>Meclis toplant\u0131s\u0131nda ayr\u0131ca,&nbsp;<strong><em>&#8216;Mezitli 3 Ocak Hafif Rayl\u0131 Sistem Metro Hatt\u0131n\u0131n \u0130n\u015faat ve Elektromekanik Sistemlerinin Temini, Montaj\u0131 ve \u0130\u015fletmeye Al\u0131nmas\u0131 \u0130\u015fi&#8217;<\/em><\/strong>&nbsp;projesinde ihtiya\u00e7 duyulan finansman\u0131n ilgili mevzuat h\u00fck\u00fcmlerince Banka Kredisi veya Tahvil \u0130hrac\u0131 y\u00f6ntemi temini ile y\u0131llara s\u00e2ri harcamalar g\u00f6z \u00f6n\u00fcnde bulunduruldu\u011funda 3 milyar 507 milyon 990 bin TL tutar\u0131nda kredi temin edilmesi i\u00e7in g\u00f6r\u00fc\u015f\u00fclen madde de yine ilgili komisyonlara g\u00f6nderilen maddeler aras\u0131nda yer ald\u0131.<\/p>\n\n\n\n<p>Meclis toplant\u0131s\u0131 di\u011fer maddelerin de g\u00f6r\u00fc\u015f\u00fclmesinin ard\u0131ndan sona erdi.<br><\/p>\n","protected":false},"excerpt":{"rendered":"<p>Mersin B\u00fcy\u00fck\u015fehir Belediye Meclisi&#8217;nin 2024 Y\u0131l\u0131 A\u011fustos Ay\u0131 Ola\u011fan Toplant\u0131s\u0131&#8217;n\u0131n 1. Birle\u015fimi, Mersin B\u00fcy\u00fck\u015fehir Belediye Meclis 1. Ba\u015fkan Vekili Ali Uyan ba\u015fkanl\u0131\u011f\u0131nda ger\u00e7ekle\u015ftirildi. Meclis&#8217;te; birimlerden gelen 51, komisyonlara havale edilen 42 ve g\u00fcndem d\u0131\u015f\u0131 3 madde olmak \u00fczere toplam 96 madde g\u00f6r\u00fc\u015f\u00fcld\u00fc. &#8220;30 A\u011fustos, \u00f6zg\u00fcrl\u00fck ve ba\u011f\u0131ms\u0131zl\u0131k m\u00fccadelesidir&#8221; G\u00fcndem d\u0131\u015f\u0131 konu\u015fmalar b\u00f6l\u00fcm\u00fcnde konu\u015fan Mersin B\u00fcy\u00fck\u015fehir [&hellip;]<\/p>\n","protected":false},"author":2,"featured_media":34452,"comment_status":"closed","ping_status":"closed","sticky":false,"template":"","format":"standard","meta":{"footnotes":""},"categories":[34,2,3,5],"tags":[],"class_list":["post-34451","post","type-post","status-publish","format-standard","has-post-thumbnail","hentry","category-flas-haber","category-gundem","category-manset","category-mersin"],"views":12,"_links":{"self":[{"href":"https:\/\/mersinkadingazetesi.com\/index.php?rest_route=\/wp\/v2\/posts\/34451"}],"collection":[{"href":"https:\/\/mersinkadingazetesi.com\/index.php?rest_route=\/wp\/v2\/posts"}],"about":[{"href":"https:\/\/mersinkadingazetesi.com\/index.php?rest_route=\/wp\/v2\/types\/post"}],"author":[{"embeddable":true,"href":"https:\/\/mersinkadingazetesi.com\/index.php?rest_route=\/wp\/v2\/users\/2"}],"replies":[{"embeddable":true,"href":"https:\/\/mersinkadingazetesi.com\/index.php?rest_route=%2Fwp%2Fv2%2Fcomments&post=34451"}],"version-history":[{"count":1,"href":"https:\/\/mersinkadingazetesi.com\/index.php?rest_route=\/wp\/v2\/posts\/34451\/revisions"}],"predecessor-version":[{"id":34453,"href":"https:\/\/mersinkadingazetesi.com\/index.php?rest_route=\/wp\/v2\/posts\/34451\/revisions\/34453"}],"wp:featuredmedia":[{"embeddable":true,"href":"https:\/\/mersinkadingazetesi.com\/index.php?rest_route=\/wp\/v2\/media\/34452"}],"wp:attachment":[{"href":"https:\/\/mersinkadingazetesi.com\/index.php?rest_route=%2Fwp%2Fv2%2Fmedia&parent=34451"}],"wp:term":[{"taxonomy":"category","embeddable":true,"href":"https:\/\/mersinkadingazetesi.com\/index.php?rest_route=%2Fwp%2Fv2%2Fcategories&post=34451"},{"taxonomy":"post_tag","embeddable":true,"href":"https:\/\/mersinkadingazetesi.com\/index.php?rest_route=%2Fwp%2Fv2%2Ftags&post=34451"}],"curies":[{"name":"wp","href":"https:\/\/api.w.org\/{rel}","templated":true}]}}