{"id":34457,"date":"2024-08-13T10:07:04","date_gmt":"2024-08-13T07:07:04","guid":{"rendered":"https:\/\/mersinkadingazetesi.com\/?p=34457"},"modified":"2024-08-13T10:07:04","modified_gmt":"2024-08-13T07:07:04","slug":"toplanan-organik-atiklar-ile-cevreye-ve-ureticiye-destek","status":"publish","type":"post","link":"https:\/\/mersinkadingazetesi.com\/?p=34457","title":{"rendered":"TOPLANAN ORGAN\u0130K ATIKLAR \u0130LE \u00c7EVREYE VE \u00dcRET\u0130C\u0130YE DESTEK&#8230;"},"content":{"rendered":"\n<p>Daha ya\u015fanabilir ve daha temiz bir Mersin i\u00e7in 7\/24 esas\u0131na g\u00f6re \u00e7al\u0131\u015fan Mersin B\u00fcy\u00fck\u015fehir Belediyesi, \u00e7evre ve do\u011fa dostu projeleri ile vatanda\u015f\u0131n takdirini toplamaya devam ediyor. Tar\u0131msal Hizmetler Dairesi Ba\u015fkanl\u0131\u011f\u0131 koordinesinde her y\u0131l \u00f6rt\u00fc alt\u0131 \u00fcretimin yo\u011fun oldu\u011fu Akdeniz il\u00e7esinde&nbsp;<strong>&#8216;Sera At\u0131klar\u0131n\u0131n Toplanmas\u0131&#8217;<\/strong>&nbsp;projesini y\u00fcr\u00fcten B\u00fcy\u00fck\u015fehir; \u00fcreticilerin hem zamandan hem maliyetten tasarruf etmesini, hem de binlerce organik at\u0131\u011f\u0131n d\u00f6n\u00fc\u015ft\u00fcr\u00fclmesini sa\u011fl\u0131yor.<\/p>\n\n\n\n<p>Yeni sezona haz\u0131rl\u0131k yapmak isteyen \u00fcreticilere destek olan B\u00fcy\u00fck\u015fehir; tarlas\u0131ndan toplad\u0131\u011f\u0131 organik at\u0131klar\u0131 bo\u015f arazilere, orman veya yol kenarlar\u0131na b\u0131rakan \u00fcreticileri bu dertten kurtard\u0131. Tarlalardan toplanan organik at\u0131klar, B\u00fcy\u00fck\u015fehir ekiplerinin \u00e7al\u0131\u015fmas\u0131 sonucu, kat\u0131 at\u0131k ve bertaraf tesisine ula\u015ft\u0131r\u0131larak \u00e7evre felaketinin \u00f6n\u00fcne ge\u00e7iliyor. Her ge\u00e7en g\u00fcn artan girdi maliyetleri ile ba\u015f etmek zorunda kalan \u00fcreticiler de, B\u00fcy\u00fck\u015fehir sayesinde i\u015f\u00e7i ve i\u015f y\u00fck\u00fc maliyetinden kurtuluyor.<\/p>\n\n\n\n<p><strong>Se\u00e7kin: &#8220;B\u00fcy\u00fck\u015fehir olarak, daha sa\u011fl\u0131kl\u0131 bir \u00fcretim olmas\u0131n\u0131 ama\u00e7l\u0131yoruz&#8221;<\/strong><\/p>\n\n\n\n<p>Mersin&#8217;in \u00f6rt\u00fc alt\u0131 yeti\u015ftiricili\u011fi yapan illerin ba\u015f\u0131nda geldi\u011fini ve B\u00fcy\u00fck\u015fehir&#8217;in \u00e7evreci bir anlay\u0131\u015fla hareket ederek&nbsp;<strong>&#8216;Sera At\u0131klar\u0131n\u0131n Toplanmas\u0131&#8217;<\/strong>&nbsp;projesini y\u00fcr\u00fctt\u00fcklerini ifade eden Tar\u0131msal Hizmetler Dairesi Ba\u015fkanl\u0131\u011f\u0131&#8217;nda g\u00f6rev yapan Ziraat M\u00fchendisi Aysun Se\u00e7kin,&nbsp;<strong>&#8220;\u00d6rt\u00fc alt\u0131 \u00fcretimde, sezon bittikten sonra arta kalan \u00e7ok ciddi bir at\u0131k s\u00f6z konusu. Bu at\u0131klar\u0131 \u00fcreticiler daha \u00f6nce dere kenarlar\u0131na veya bo\u015f bulduklar\u0131 herhangi bir alana at\u0131yor veya yak\u0131yorlard\u0131. Bu da \u00e7evre kirlili\u011fi ile beraber, kimyasal at\u0131klar\u0131n da olu\u015fmas\u0131na sebep oluyordu. Bu durum hem insan, hem de \u00e7evre sa\u011fl\u0131\u011f\u0131na \u00e7ok ciddi zarar veriyor. B\u00fcy\u00fck\u015fehir Belediyesi olarak, daha sa\u011fl\u0131kl\u0131 bir ortam ve \u00fcretim olsun istedik. Bu ama\u00e7la da bitkisel \u00fcretimde olu\u015fan, \u00f6zellikle de \u00f6rt\u00fc alt\u0131 yeti\u015ftiricili\u011finde olu\u015fan at\u0131klar\u0131n belli noktalardan toplanarak, bertaraf tesisimize g\u00f6t\u00fcr\u00fclmesini ve geri d\u00f6n\u00fc\u015f\u00fcme kazand\u0131r\u0131lmas\u0131n\u0131 ama\u00e7 edindik&#8221;<\/strong>&nbsp;ifadelerini kulland\u0131.<\/p>\n\n\n\n<p>Akdeniz il\u00e7esinde \u00f6rt\u00fc alt\u0131 yeti\u015ftiricili\u011fin yap\u0131ld\u0131\u011f\u0131 Kazanl\u0131, Karacailyas, Adanal\u0131o\u011flu ve Abdullah \u015eahuto\u011flu mahallelerini pilot mahalle olarak belirlediklerini kaydeden Se\u00e7kin,&nbsp;<strong>&#8220;Buradaki \u00fcreticilerimiz, mahallelerde belirledi\u011fimiz at\u0131k toplama noktalar\u0131na kendi bitkisel at\u0131klar\u0131n\u0131 getiriyorlar. Biz bu at\u0131klar\u0131 topluyor ve Sar\u0131ibrahimli&#8217;de bulunan kat\u0131 at\u0131k depolama ve geri d\u00f6n\u00fc\u015f\u00fcm bertaraf tesisimize g\u00f6t\u00fcrerek elektrik enerjisi elde ediyoruz&#8221;<\/strong>&nbsp;s\u00f6zlerine yer verdi.&nbsp;<\/p>\n\n\n\n<p><strong>Muhtar Can: &#8220;B\u00fcy\u00fck\u015fehir, \u00fcreticiyi \u00f6nemli bir maliyetten kurtar\u0131yor&#8221;<\/strong><\/p>\n\n\n\n<p>Adanal\u0131o\u011flu Mahalle Muhtar\u0131 Kaz\u0131m Can ise; \u00fcreticilerin Eyl\u00fcl ve Ekim aylar\u0131nda ekim sezonunu ba\u015flatt\u0131klar\u0131n\u0131, Temmuz ve A\u011fustos aylar\u0131nda ise sezonu bitirdiklerini ifade etti. Sezon sonunda \u00fcreticilerin tarlalar\u0131ndan toplad\u0131klar\u0131 organik at\u0131klar\u0131 \u00e7evreye b\u0131rakt\u0131klar\u0131n\u0131 aktaran Muhtar Can,&nbsp;<strong>&#8220;B\u00fcy\u00fck\u015fehir Belediyesi, bu organik at\u0131klar\u0131 \u00e7evre kirlili\u011fi olmamas\u0131 i\u00e7in, her y\u0131l d\u00f6k\u00fcm sahas\u0131na g\u00f6t\u00fcr\u00fcyor. B\u00f6ylece \u00fcreticiyi de \u00e7ok ciddi bir maliyetten kurtar\u0131yor. Bu sayede araziler at\u0131l kalm\u0131yor ve \u00e7evre kirlili\u011finin de \u00f6n\u00fcne ge\u00e7iliyor&#8221;<\/strong>&nbsp;dedi.<\/p>\n","protected":false},"excerpt":{"rendered":"<p>Daha ya\u015fanabilir ve daha temiz bir Mersin i\u00e7in 7\/24 esas\u0131na g\u00f6re \u00e7al\u0131\u015fan Mersin B\u00fcy\u00fck\u015fehir Belediyesi, \u00e7evre ve do\u011fa dostu projeleri ile vatanda\u015f\u0131n takdirini toplamaya devam ediyor. Tar\u0131msal Hizmetler Dairesi Ba\u015fkanl\u0131\u011f\u0131 koordinesinde her y\u0131l \u00f6rt\u00fc alt\u0131 \u00fcretimin yo\u011fun oldu\u011fu Akdeniz il\u00e7esinde&nbsp;&#8216;Sera At\u0131klar\u0131n\u0131n Toplanmas\u0131&#8217;&nbsp;projesini y\u00fcr\u00fcten B\u00fcy\u00fck\u015fehir; \u00fcreticilerin hem zamandan hem maliyetten tasarruf etmesini, hem de binlerce organik [&hellip;]<\/p>\n","protected":false},"author":2,"featured_media":34458,"comment_status":"closed","ping_status":"closed","sticky":false,"template":"","format":"standard","meta":{"footnotes":""},"categories":[3],"tags":[],"class_list":["post-34457","post","type-post","status-publish","format-standard","has-post-thumbnail","hentry","category-manset"],"views":4,"_links":{"self":[{"href":"https:\/\/mersinkadingazetesi.com\/index.php?rest_route=\/wp\/v2\/posts\/34457"}],"collection":[{"href":"https:\/\/mersinkadingazetesi.com\/index.php?rest_route=\/wp\/v2\/posts"}],"about":[{"href":"https:\/\/mersinkadingazetesi.com\/index.php?rest_route=\/wp\/v2\/types\/post"}],"author":[{"embeddable":true,"href":"https:\/\/mersinkadingazetesi.com\/index.php?rest_route=\/wp\/v2\/users\/2"}],"replies":[{"embeddable":true,"href":"https:\/\/mersinkadingazetesi.com\/index.php?rest_route=%2Fwp%2Fv2%2Fcomments&post=34457"}],"version-history":[{"count":1,"href":"https:\/\/mersinkadingazetesi.com\/index.php?rest_route=\/wp\/v2\/posts\/34457\/revisions"}],"predecessor-version":[{"id":34459,"href":"https:\/\/mersinkadingazetesi.com\/index.php?rest_route=\/wp\/v2\/posts\/34457\/revisions\/34459"}],"wp:featuredmedia":[{"embeddable":true,"href":"https:\/\/mersinkadingazetesi.com\/index.php?rest_route=\/wp\/v2\/media\/34458"}],"wp:attachment":[{"href":"https:\/\/mersinkadingazetesi.com\/index.php?rest_route=%2Fwp%2Fv2%2Fmedia&parent=34457"}],"wp:term":[{"taxonomy":"category","embeddable":true,"href":"https:\/\/mersinkadingazetesi.com\/index.php?rest_route=%2Fwp%2Fv2%2Fcategories&post=34457"},{"taxonomy":"post_tag","embeddable":true,"href":"https:\/\/mersinkadingazetesi.com\/index.php?rest_route=%2Fwp%2Fv2%2Ftags&post=34457"}],"curies":[{"name":"wp","href":"https:\/\/api.w.org\/{rel}","templated":true}]}}