{"id":34479,"date":"2024-08-14T10:18:44","date_gmt":"2024-08-14T07:18:44","guid":{"rendered":"https:\/\/mersinkadingazetesi.com\/?p=34479"},"modified":"2024-08-14T10:18:44","modified_gmt":"2024-08-14T07:18:44","slug":"akdeniz-belediyesinin-urettigi-ekmeklik-bugdayi-un-oldu-sofralara-ulasti","status":"publish","type":"post","link":"https:\/\/mersinkadingazetesi.com\/?p=34479","title":{"rendered":"AKDEN\u0130Z BELED\u0130YES\u0130\u2019N\u0130N \u00dcRETT\u0130\u011e\u0130 EKMEKL\u0130K BU\u011eDAYI UN OLDU SOFRALARA ULA\u015eTI"},"content":{"rendered":"\n<p><em>Akdeniz Belediyesi\u2019nin, kurum \u00e7al\u0131\u015fanlar\u0131n\u0131n yo\u011fun eme\u011fi ve al\u0131n teri ile \u00fcretip hasad\u0131n\u0131 yapt\u0131\u011f\u0131 yerli ekmeklik yakamoz bu\u011fday\u0131 \u00f6\u011f\u00fct\u00fcl\u00fcp un oldu, paketlenip dezavantajl\u0131 durumdaki ihtiya\u00e7 sahibi ailelere ula\u015ft\u0131r\u0131ld\u0131.<\/em><\/p>\n\n\n\n<p>Akdeniz Belediyesi Tar\u0131msal Hizmetler M\u00fcd\u00fcrl\u00fc\u011f\u00fc personelinin; ge\u00e7en y\u0131l i\u00e7inde Akdam ve Anadolu mahallelerinde belediyeye ait toplam 20 d\u00f6n\u00fcm arazide ekimini ve sonras\u0131nda da hasad\u0131n\u0131 yapt\u0131\u011f\u0131 yerli yakamoz t\u00fcr\u00fc ekmeklik bu\u011fday\u0131, de\u011firmende \u00f6\u011f\u00fct\u00fcl\u00fcp un haline getirildi. Hasattan yakla\u015f\u0131k 8 ton verim elde edilirken, Sosyal Yard\u0131m \u0130\u015fleri M\u00fcd\u00fcrl\u00fc\u011f\u00fc personelince 5\u2019er kiloluk paketlere konulan ekmeklik unun, ihtiya\u00e7 sahibi ailelere da\u011f\u0131t\u0131m\u0131 ba\u015flad\u0131.<\/p>\n\n\n\n<p>Hasattan yakla\u015f\u0131k 8 ton bu\u011fday elde edilmi\u015fti<\/p>\n\n\n\n<p>Ge\u00e7en aylarda ger\u00e7ekle\u015fen ve Akdeniz Belediyesi E\u015f Ba\u015fkanlar\u0131 Nuriye Arslan ile Ho\u015fyar Sar\u0131y\u0131ld\u0131z\u2019\u0131n da kat\u0131ld\u0131\u011f\u0131 hasatta yakla\u015f\u0131k 8 ton yerli yakamoz t\u00fcr\u00fc olarak bilinen bu\u011fday, bi\u00e7erd\u00f6ver ve personel deste\u011fiyle toplanm\u0131\u015f ve \u00e7uvallara doldurulmu\u015ftu. \u00d6nceki g\u00fcnlerde bir de\u011firmene g\u00f6t\u00fcr\u00fcl\u00fcp \u00f6\u011f\u00fct\u00fclen unun bir tonu, 5\u2019er kiloluk paketlere dolduruldu.<\/p>\n\n\n\n<p>Kalan bu\u011fday da \u00f6n\u00fcm\u00fczdeki g\u00fcnlerde \u00f6\u011f\u00fct\u00fclecek<\/p>\n\n\n\n<p>Tar\u0131msal Hizmetler M\u00fcd\u00fcrl\u00fc\u011f\u00fc ekipleri taraf\u0131ndan ilk etapta toplamda 202 paket un haz\u0131rlan\u0131rken, kalan tonlarca bu\u011fday da ilerleyen g\u00fcnlerde yine de\u011firmende \u00f6\u011f\u00fct\u00fcl\u00fcp un haline getirilip Sosyal Yard\u0131m \u0130\u015fleri M\u00fcd\u00fcrl\u00fc\u011f\u00fc ekiplerinin deste\u011fiyle Akdeniz\u2019e ba\u011fl\u0131 mahalle muhtarlar\u0131n\u0131n belirledi\u011fi ihtiya\u00e7 sahibi ailelerin yan\u0131 s\u0131ra tand\u0131r evlerine ula\u015ft\u0131r\u0131lacak.<\/p>\n\n\n\n<p>\u00dcretimden hasada belediye personeli g\u00f6rev ald\u0131<\/p>\n\n\n\n<p>Tar\u0131msal Hizmetler M\u00fcd\u00fcrl\u00fc\u011f\u00fc\u2019nce, ge\u00e7en Ekim ay\u0131nda il\u00e7eye ba\u011fl\u0131 k\u0131rsal b\u00f6lgelerden olan Akdam ve Anadolu mahallerinde bulunan topraklara, yerli yakamoz t\u00fcr\u00fc ekmeklik bu\u011fday ekimi yap\u0131lm\u0131\u015ft\u0131. Ekim i\u015fleminden, g\u00fcbreleme ve bak\u0131m i\u015flemlerinden bi\u00e7imine dek t\u00fcm \u00e7al\u0131\u015fmalarda m\u00fcd\u00fcrl\u00fck personeli yo\u011fun emek vermi\u015fti. Aylar sonras\u0131nda Akdeniz Belediyesi E\u015f Ba\u015fkanlar\u0131 Ho\u015fyar Sar\u0131y\u0131ld\u0131z ile Nuriye Arslan\u2019\u0131n da kat\u0131l\u0131m\u0131yla, ad\u0131 ge\u00e7en 2 mahallede, belediyeye ait toplam 20 d\u00f6n\u00fcml\u00fck topra\u011fa ekilen, 2014 y\u0131l\u0131nda tescillenmi\u015f yerli ekmeklik yakamoz bu\u011fday\u0131n\u0131n, bi\u00e7erd\u00f6ver ve belediye personeli deste\u011fiyle g\u00fcnler s\u00fcren hasad\u0131 yap\u0131lm\u0131\u015f, hasattan yakla\u015f\u0131k 8 ton bu\u011fday elde edilmi\u015fti.<\/p>\n","protected":false},"excerpt":{"rendered":"<p>Akdeniz Belediyesi\u2019nin, kurum \u00e7al\u0131\u015fanlar\u0131n\u0131n yo\u011fun eme\u011fi ve al\u0131n teri ile \u00fcretip hasad\u0131n\u0131 yapt\u0131\u011f\u0131 yerli ekmeklik yakamoz bu\u011fday\u0131 \u00f6\u011f\u00fct\u00fcl\u00fcp un oldu, paketlenip dezavantajl\u0131 durumdaki ihtiya\u00e7 sahibi ailelere ula\u015ft\u0131r\u0131ld\u0131. Akdeniz Belediyesi Tar\u0131msal Hizmetler M\u00fcd\u00fcrl\u00fc\u011f\u00fc personelinin; ge\u00e7en y\u0131l i\u00e7inde Akdam ve Anadolu mahallelerinde belediyeye ait toplam 20 d\u00f6n\u00fcm arazide ekimini ve sonras\u0131nda da hasad\u0131n\u0131 yapt\u0131\u011f\u0131 yerli yakamoz t\u00fcr\u00fc [&hellip;]<\/p>\n","protected":false},"author":2,"featured_media":34480,"comment_status":"closed","ping_status":"closed","sticky":false,"template":"","format":"standard","meta":{"footnotes":""},"categories":[8,3],"tags":[],"class_list":["post-34479","post","type-post","status-publish","format-standard","has-post-thumbnail","hentry","category-ekonomi","category-manset"],"views":13,"_links":{"self":[{"href":"https:\/\/mersinkadingazetesi.com\/index.php?rest_route=\/wp\/v2\/posts\/34479"}],"collection":[{"href":"https:\/\/mersinkadingazetesi.com\/index.php?rest_route=\/wp\/v2\/posts"}],"about":[{"href":"https:\/\/mersinkadingazetesi.com\/index.php?rest_route=\/wp\/v2\/types\/post"}],"author":[{"embeddable":true,"href":"https:\/\/mersinkadingazetesi.com\/index.php?rest_route=\/wp\/v2\/users\/2"}],"replies":[{"embeddable":true,"href":"https:\/\/mersinkadingazetesi.com\/index.php?rest_route=%2Fwp%2Fv2%2Fcomments&post=34479"}],"version-history":[{"count":1,"href":"https:\/\/mersinkadingazetesi.com\/index.php?rest_route=\/wp\/v2\/posts\/34479\/revisions"}],"predecessor-version":[{"id":34481,"href":"https:\/\/mersinkadingazetesi.com\/index.php?rest_route=\/wp\/v2\/posts\/34479\/revisions\/34481"}],"wp:featuredmedia":[{"embeddable":true,"href":"https:\/\/mersinkadingazetesi.com\/index.php?rest_route=\/wp\/v2\/media\/34480"}],"wp:attachment":[{"href":"https:\/\/mersinkadingazetesi.com\/index.php?rest_route=%2Fwp%2Fv2%2Fmedia&parent=34479"}],"wp:term":[{"taxonomy":"category","embeddable":true,"href":"https:\/\/mersinkadingazetesi.com\/index.php?rest_route=%2Fwp%2Fv2%2Fcategories&post=34479"},{"taxonomy":"post_tag","embeddable":true,"href":"https:\/\/mersinkadingazetesi.com\/index.php?rest_route=%2Fwp%2Fv2%2Ftags&post=34479"}],"curies":[{"name":"wp","href":"https:\/\/api.w.org\/{rel}","templated":true}]}}