{"id":34488,"date":"2024-08-14T10:22:53","date_gmt":"2024-08-14T07:22:53","guid":{"rendered":"https:\/\/mersinkadingazetesi.com\/?p=34488"},"modified":"2024-08-14T10:22:53","modified_gmt":"2024-08-14T07:22:53","slug":"mutta-kadastro-calismalari-degerlendirildi","status":"publish","type":"post","link":"https:\/\/mersinkadingazetesi.com\/?p=34488","title":{"rendered":"Mut\u2019ta Kadastro \u00c7al\u0131\u015fmalar\u0131 De\u011ferlendirildi"},"content":{"rendered":"\n<p>Mersin Orman B\u00f6lge M\u00fcd\u00fcrl\u00fc\u011f\u00fcm\u00fcze ba\u011fl\u0131 Mut Orman i\u015fletme M\u00fcd\u00fcrl\u00fc\u011f\u00fcnde orman ve kadastro \u00e7al\u0131\u015fmalar\u0131na y\u00f6nelik toplant\u0131 ger\u00e7ekle\u015ftirildi.<\/p>\n\n\n\n<p>B\u00f6lge M\u00fcd\u00fcr Yard\u0131mc\u0131m\u0131z Ya\u015far Yaman Sa\u011flam ba\u015fkanl\u0131\u011f\u0131nda, komisyonda g\u00f6revli \u015eube M\u00fcd\u00fcrleri ve Mut Orman \u0130\u015fletme M\u00fcd\u00fcrl\u00fc\u011f\u00fc personeli ile orman kadastro \u00e7al\u0131\u015fmalar\u0131nda 6831 Say\u0131l\u0131 Orman Kanunu\u2019nun ek 16. maddesi kapsam\u0131nda orman s\u0131n\u0131rlar\u0131 d\u0131\u015f\u0131na \u00e7\u0131karma i\u015flemleri ve m\u00fcracaatlar\u0131 de\u011ferlendirildi. Toplant\u0131da ilgili g\u00f6rseller incelenip, yerinde \u00e7al\u0131\u015fmalar yap\u0131larak, dikkat edilmesi gereken hususlar \u00fczerinde uygulamal\u0131 olarak Kadastro ve M\u00fclkiyet \u015eube M\u00fcd\u00fcrl\u00fc\u011f\u00fcm\u00fczce konu detayl\u0131 olarak anlat\u0131lm\u0131\u015ft\u0131r<\/p>\n","protected":false},"excerpt":{"rendered":"<p>Mersin Orman B\u00f6lge M\u00fcd\u00fcrl\u00fc\u011f\u00fcm\u00fcze ba\u011fl\u0131 Mut Orman i\u015fletme M\u00fcd\u00fcrl\u00fc\u011f\u00fcnde orman ve kadastro \u00e7al\u0131\u015fmalar\u0131na y\u00f6nelik toplant\u0131 ger\u00e7ekle\u015ftirildi. B\u00f6lge M\u00fcd\u00fcr Yard\u0131mc\u0131m\u0131z Ya\u015far Yaman Sa\u011flam ba\u015fkanl\u0131\u011f\u0131nda, komisyonda g\u00f6revli \u015eube M\u00fcd\u00fcrleri ve Mut Orman \u0130\u015fletme M\u00fcd\u00fcrl\u00fc\u011f\u00fc personeli ile orman kadastro \u00e7al\u0131\u015fmalar\u0131nda 6831 Say\u0131l\u0131 Orman Kanunu\u2019nun ek 16. maddesi kapsam\u0131nda orman s\u0131n\u0131rlar\u0131 d\u0131\u015f\u0131na \u00e7\u0131karma i\u015flemleri ve m\u00fcracaatlar\u0131 de\u011ferlendirildi. Toplant\u0131da ilgili [&hellip;]<\/p>\n","protected":false},"author":2,"featured_media":34489,"comment_status":"closed","ping_status":"closed","sticky":false,"template":"","format":"standard","meta":{"footnotes":""},"categories":[3],"tags":[],"class_list":["post-34488","post","type-post","status-publish","format-standard","has-post-thumbnail","hentry","category-manset"],"views":5,"_links":{"self":[{"href":"https:\/\/mersinkadingazetesi.com\/index.php?rest_route=\/wp\/v2\/posts\/34488"}],"collection":[{"href":"https:\/\/mersinkadingazetesi.com\/index.php?rest_route=\/wp\/v2\/posts"}],"about":[{"href":"https:\/\/mersinkadingazetesi.com\/index.php?rest_route=\/wp\/v2\/types\/post"}],"author":[{"embeddable":true,"href":"https:\/\/mersinkadingazetesi.com\/index.php?rest_route=\/wp\/v2\/users\/2"}],"replies":[{"embeddable":true,"href":"https:\/\/mersinkadingazetesi.com\/index.php?rest_route=%2Fwp%2Fv2%2Fcomments&post=34488"}],"version-history":[{"count":1,"href":"https:\/\/mersinkadingazetesi.com\/index.php?rest_route=\/wp\/v2\/posts\/34488\/revisions"}],"predecessor-version":[{"id":34490,"href":"https:\/\/mersinkadingazetesi.com\/index.php?rest_route=\/wp\/v2\/posts\/34488\/revisions\/34490"}],"wp:featuredmedia":[{"embeddable":true,"href":"https:\/\/mersinkadingazetesi.com\/index.php?rest_route=\/wp\/v2\/media\/34489"}],"wp:attachment":[{"href":"https:\/\/mersinkadingazetesi.com\/index.php?rest_route=%2Fwp%2Fv2%2Fmedia&parent=34488"}],"wp:term":[{"taxonomy":"category","embeddable":true,"href":"https:\/\/mersinkadingazetesi.com\/index.php?rest_route=%2Fwp%2Fv2%2Fcategories&post=34488"},{"taxonomy":"post_tag","embeddable":true,"href":"https:\/\/mersinkadingazetesi.com\/index.php?rest_route=%2Fwp%2Fv2%2Ftags&post=34488"}],"curies":[{"name":"wp","href":"https:\/\/api.w.org\/{rel}","templated":true}]}}