{"id":34494,"date":"2024-08-14T10:26:43","date_gmt":"2024-08-14T07:26:43","guid":{"rendered":"https:\/\/mersinkadingazetesi.com\/?p=34494"},"modified":"2024-08-14T10:26:44","modified_gmt":"2024-08-14T07:26:44","slug":"transanatolia-rally-raid-yarismasinin-starti-mersinden-verilecek","status":"publish","type":"post","link":"https:\/\/mersinkadingazetesi.com\/?p=34494","title":{"rendered":"TRANSANATOLIA RALLY RAID YARI\u015eMASININ STARTI MERS\u0130N\u2019DEN VER\u0130LECEK"},"content":{"rendered":"\n<p>Valimiz Ali Hamza Pehlivan, ziyaretine gelen TransAnatolia Genel Koordinat\u00f6r\u00fc Burak B\u00fcy\u00fckp\u0131nar ile g\u00f6r\u00fc\u015ft\u00fc.<\/p>\n\n\n\n<p>Valilik makam\u0131nda ger\u00e7ekle\u015fen g\u00f6r\u00fc\u015fmede; Gen\u00e7lik ve Spor Bakanl\u0131\u011f\u0131, K\u00fclt\u00fcr ve Turizm Bakanl\u0131\u011f\u0131, Tar\u0131m ve Orman Bakanl\u0131\u011f\u0131, Orman Genel M\u00fcd\u00fcrl\u00fc\u011f\u00fc, T\u00fcrkiye Otomobil Sporlar\u0131 Federasyonu ile Antalya Offroad Kul\u00fcb\u00fcn\u00fcn katk\u0131lar\u0131 ve T\u00fcrkiye Turizm Tan\u0131t\u0131m ve Geli\u015ftirme Ajans\u0131 (TGA) deste\u011fiyle, 31 A\u011fustos\u2019ta Mersin \u0130limizden start alarak Karaman, Konya, Ni\u011fde, Adana, Kayseri, Yozgat, Sivas, Erzincan, Tunceli, El\u00e2z\u0131\u011f, Bing\u00f6l, Mu\u015f ve Bitlis \u0130l s\u0131n\u0131rlar\u0131ndan ge\u00e7ip, 7 Eyl\u00fcl\u2019de Van\u2019da tamamlanacak olan TransAnatolia Rally Raid organizasyonu ile ilgili de\u011ferlendirme ve bilgi al\u0131\u015fveri\u015finde bulunuldu.<\/p>\n\n\n\n<p>Do\u011fa, macera ve sporu tek yar\u0131\u015fta toplamay\u0131 ba\u015faran; bug\u00fcne kadar 27 farkl\u0131 \u00fclkeden binin \u00fczerinde yar\u0131\u015fmac\u0131n\u0131n T\u00fcrkiye\u2019nin e\u015fsiz co\u011frafyas\u0131nda a\u011f\u0131rland\u0131\u011f\u0131 14. TransAnatolia Rally Raid organizasyonuna 10 \u00fclkeden y\u00fczlerce yar\u0131\u015fmac\u0131 kat\u0131l\u0131m sa\u011flayacak.<\/p>\n\n\n\n<p>2.200 km\u2019lik yar\u0131\u015f; motosiklet, 4&#215;4 otomobil, SSV, Quad ve kamyonlar i\u00e7in rally ve raid olmak \u00fczere iki ayr\u0131 kategoride yap\u0131lacak.<\/p>\n\n\n\n<p>Yar\u0131\u015fmadan \u00fc\u00e7 g\u00fcn \u00f6nce b\u00fct\u00fcn kat\u0131l\u0131mc\u0131lar Mersin\u2019e gelecek ve 31 A\u011fustos 2024 g\u00fcn\u00fc ak\u015fam saatlerinde yar\u0131\u015fman\u0131n start\u0131 verilecek.<\/p>\n","protected":false},"excerpt":{"rendered":"<p>Valimiz Ali Hamza Pehlivan, ziyaretine gelen TransAnatolia Genel Koordinat\u00f6r\u00fc Burak B\u00fcy\u00fckp\u0131nar ile g\u00f6r\u00fc\u015ft\u00fc. Valilik makam\u0131nda ger\u00e7ekle\u015fen g\u00f6r\u00fc\u015fmede; Gen\u00e7lik ve Spor Bakanl\u0131\u011f\u0131, K\u00fclt\u00fcr ve Turizm Bakanl\u0131\u011f\u0131, Tar\u0131m ve Orman Bakanl\u0131\u011f\u0131, Orman Genel M\u00fcd\u00fcrl\u00fc\u011f\u00fc, T\u00fcrkiye Otomobil Sporlar\u0131 Federasyonu ile Antalya Offroad Kul\u00fcb\u00fcn\u00fcn katk\u0131lar\u0131 ve T\u00fcrkiye Turizm Tan\u0131t\u0131m ve Geli\u015ftirme Ajans\u0131 (TGA) deste\u011fiyle, 31 A\u011fustos\u2019ta Mersin \u0130limizden start [&hellip;]<\/p>\n","protected":false},"author":2,"featured_media":34495,"comment_status":"closed","ping_status":"closed","sticky":false,"template":"","format":"standard","meta":{"footnotes":""},"categories":[3],"tags":[],"class_list":["post-34494","post","type-post","status-publish","format-standard","has-post-thumbnail","hentry","category-manset"],"views":22,"_links":{"self":[{"href":"https:\/\/mersinkadingazetesi.com\/index.php?rest_route=\/wp\/v2\/posts\/34494"}],"collection":[{"href":"https:\/\/mersinkadingazetesi.com\/index.php?rest_route=\/wp\/v2\/posts"}],"about":[{"href":"https:\/\/mersinkadingazetesi.com\/index.php?rest_route=\/wp\/v2\/types\/post"}],"author":[{"embeddable":true,"href":"https:\/\/mersinkadingazetesi.com\/index.php?rest_route=\/wp\/v2\/users\/2"}],"replies":[{"embeddable":true,"href":"https:\/\/mersinkadingazetesi.com\/index.php?rest_route=%2Fwp%2Fv2%2Fcomments&post=34494"}],"version-history":[{"count":1,"href":"https:\/\/mersinkadingazetesi.com\/index.php?rest_route=\/wp\/v2\/posts\/34494\/revisions"}],"predecessor-version":[{"id":34496,"href":"https:\/\/mersinkadingazetesi.com\/index.php?rest_route=\/wp\/v2\/posts\/34494\/revisions\/34496"}],"wp:featuredmedia":[{"embeddable":true,"href":"https:\/\/mersinkadingazetesi.com\/index.php?rest_route=\/wp\/v2\/media\/34495"}],"wp:attachment":[{"href":"https:\/\/mersinkadingazetesi.com\/index.php?rest_route=%2Fwp%2Fv2%2Fmedia&parent=34494"}],"wp:term":[{"taxonomy":"category","embeddable":true,"href":"https:\/\/mersinkadingazetesi.com\/index.php?rest_route=%2Fwp%2Fv2%2Fcategories&post=34494"},{"taxonomy":"post_tag","embeddable":true,"href":"https:\/\/mersinkadingazetesi.com\/index.php?rest_route=%2Fwp%2Fv2%2Ftags&post=34494"}],"curies":[{"name":"wp","href":"https:\/\/api.w.org\/{rel}","templated":true}]}}