{"id":34503,"date":"2024-08-14T12:34:31","date_gmt":"2024-08-14T09:34:31","guid":{"rendered":"https:\/\/mersinkadingazetesi.com\/?p=34503"},"modified":"2024-08-14T12:34:31","modified_gmt":"2024-08-14T09:34:31","slug":"il-milli-egitim-muduru-fazilet-durmus-ilce-milli-egitim-mudurleri-ile-bir-araya-geldi","status":"publish","type":"post","link":"https:\/\/mersinkadingazetesi.com\/?p=34503","title":{"rendered":"\u0130L M\u0130LL\u00ce E\u011e\u0130T\u0130M M\u00dcD\u00dcR\u00dc FAZ\u0130LET DURMU\u015e \u0130L\u00c7E M\u0130LL\u00ce E\u011e\u0130T\u0130M M\u00dcD\u00dcRLER\u0130 \u0130LE B\u0130R ARAYA GELD\u0130\u00a0"},"content":{"rendered":"\n<p>&nbsp;\u0130l Mill\u00ee E\u011fitim M\u00fcd\u00fcr\u00fc Fazilet Durmu\u015f, Suphi \u00d6ner \u00d6\u011fretmenevi Vip salonunda \u0130l\u00e7e Milli E\u011fitim M\u00fcd\u00fcrleri ile bir araya geldi. Fazilet Durmu\u015f toplant\u0131ya, g\u00f6reve yeni ba\u015flayan \u0130l\u00e7e Milli E\u011fitim M\u00fcd\u00fcrlerine hay\u0131rl\u0131 olsun diyerek ba\u015flad\u0131. Fazilet Durmu\u015f: &#8220;E\u011fitim \u00f6\u011fretim davam\u0131z\u0131n kutlu yolculu\u011funda bayra\u011f\u0131 yere d\u00fc\u015f\u00fcrmeden, T\u00fcrkiye Y\u00fczy\u0131l\u0131&#8217;na giden yolda biz e\u011fitimcilerin omuzlar\u0131na y\u00fcklenen aziz g\u00f6revin fark\u0131ndal\u0131\u011f\u0131yla bulundu\u011funuz her yerde, her g\u00f6revde azimle \u00e7al\u0131\u015faca\u011f\u0131n\u0131zdan asla \u015f\u00fcphe duymuyorum. Yeni g\u00f6reviniz hay\u0131rl\u0131 u\u011furlu olsun. Ba\u015far\u0131lar dilerim.&#8221; dedi.<\/p>\n\n\n\n<p>&nbsp; &nbsp;\u0130l\u00e7e Mill\u00ee E\u011fitim M\u00fcd\u00fcrl\u00fc\u011f\u00fc g\u00f6revinin \u00e7ok \u00f6nemli sorumluluklar\u0131 oldu\u011funu ve il\u00e7elerin bu sorumluluklar\u0131 yerine getirmek konusunda \u0130l Milli E\u011fitim M\u00fcd\u00fcrl\u00fc\u011f\u00fc ile koordineli bir \u015fekilde b\u00fcy\u00fck \u00f6zveriyle \u00e7al\u0131\u015ft\u0131\u011f\u0131n\u0131 ifade eden Durmu\u015f: &#8220;\u0130l\u00e7e Mill\u00ee E\u011fitim M\u00fcd\u00fcrl\u00fckleri, merkezin hedef ve beklentilerini il\u00e7elere ta\u015f\u0131yan, \u00f6\u011frencilerin daha iyiye ula\u015fmas\u0131 i\u00e7in merkezle ortak hareket ederek canla ba\u015fla \u00e7al\u0131\u015fan kurumlard\u0131r.&#8221; dedi.<\/p>\n\n\n\n<p>&nbsp; &nbsp;Toplant\u0131da, e\u011fitim \u00f6\u011fretim konusunda ya\u015fanabilecek aksakl\u0131klar, al\u0131nabilecek tedbirler ve \u00e7\u00f6z\u00fcm \u00f6nerileriyle \u00f6\u011fretmenlerin mesleki geli\u015fimleri, \u00f6\u011frencilerin bireysel farkl\u0131l\u0131klar\u0131na y\u00f6nelik uygulamalar ve e\u011fitimde teknolojinin etkin kullan\u0131m\u0131 gibi konularla ilgili fikir al\u0131\u015fveri\u015finde bulunuldu.<\/p>\n\n\n\n<p>&nbsp; &nbsp;Yap\u0131m\u0131 devam eden ve tamamlanan okullar\u0131n durumu hakk\u0131nda il\u00e7elerden bilgi alan Fazilet Durmu\u015f, e\u011fitim yuvalar\u0131n\u0131n \u00f6\u011frenciler i\u00e7in \u00e7a\u011f\u0131n gereklerine uygun ve t\u00fcm fiziksel altyap\u0131s\u0131 tamamlanm\u0131\u015f, haz\u0131r \u015fekilde \u00f6\u011frencileri bekledi\u011fini ifade etti.&nbsp;<\/p>\n\n\n\n<p>&nbsp; &nbsp;Fazilet Durmu\u015f, devrald\u0131\u011f\u0131m\u0131z e\u011fitim bayra\u011f\u0131n\u0131 en ilerilere ta\u015f\u0131mak i\u00e7in elimizden geleni yapmaya devam edece\u011fiz, hepinize ba\u015far\u0131lar diliyorum, diyerek toplant\u0131y\u0131 sonland\u0131rd\u0131.<\/p>\n","protected":false},"excerpt":{"rendered":"<p>&nbsp;\u0130l Mill\u00ee E\u011fitim M\u00fcd\u00fcr\u00fc Fazilet Durmu\u015f, Suphi \u00d6ner \u00d6\u011fretmenevi Vip salonunda \u0130l\u00e7e Milli E\u011fitim M\u00fcd\u00fcrleri ile bir araya geldi. Fazilet Durmu\u015f toplant\u0131ya, g\u00f6reve yeni ba\u015flayan \u0130l\u00e7e Milli E\u011fitim M\u00fcd\u00fcrlerine hay\u0131rl\u0131 olsun diyerek ba\u015flad\u0131. Fazilet Durmu\u015f: &#8220;E\u011fitim \u00f6\u011fretim davam\u0131z\u0131n kutlu yolculu\u011funda bayra\u011f\u0131 yere d\u00fc\u015f\u00fcrmeden, T\u00fcrkiye Y\u00fczy\u0131l\u0131&#8217;na giden yolda biz e\u011fitimcilerin omuzlar\u0131na y\u00fcklenen aziz g\u00f6revin fark\u0131ndal\u0131\u011f\u0131yla bulundu\u011funuz [&hellip;]<\/p>\n","protected":false},"author":2,"featured_media":34504,"comment_status":"closed","ping_status":"closed","sticky":false,"template":"","format":"standard","meta":{"footnotes":""},"categories":[3],"tags":[],"class_list":["post-34503","post","type-post","status-publish","format-standard","has-post-thumbnail","hentry","category-manset"],"views":5,"_links":{"self":[{"href":"https:\/\/mersinkadingazetesi.com\/index.php?rest_route=\/wp\/v2\/posts\/34503"}],"collection":[{"href":"https:\/\/mersinkadingazetesi.com\/index.php?rest_route=\/wp\/v2\/posts"}],"about":[{"href":"https:\/\/mersinkadingazetesi.com\/index.php?rest_route=\/wp\/v2\/types\/post"}],"author":[{"embeddable":true,"href":"https:\/\/mersinkadingazetesi.com\/index.php?rest_route=\/wp\/v2\/users\/2"}],"replies":[{"embeddable":true,"href":"https:\/\/mersinkadingazetesi.com\/index.php?rest_route=%2Fwp%2Fv2%2Fcomments&post=34503"}],"version-history":[{"count":1,"href":"https:\/\/mersinkadingazetesi.com\/index.php?rest_route=\/wp\/v2\/posts\/34503\/revisions"}],"predecessor-version":[{"id":34505,"href":"https:\/\/mersinkadingazetesi.com\/index.php?rest_route=\/wp\/v2\/posts\/34503\/revisions\/34505"}],"wp:featuredmedia":[{"embeddable":true,"href":"https:\/\/mersinkadingazetesi.com\/index.php?rest_route=\/wp\/v2\/media\/34504"}],"wp:attachment":[{"href":"https:\/\/mersinkadingazetesi.com\/index.php?rest_route=%2Fwp%2Fv2%2Fmedia&parent=34503"}],"wp:term":[{"taxonomy":"category","embeddable":true,"href":"https:\/\/mersinkadingazetesi.com\/index.php?rest_route=%2Fwp%2Fv2%2Fcategories&post=34503"},{"taxonomy":"post_tag","embeddable":true,"href":"https:\/\/mersinkadingazetesi.com\/index.php?rest_route=%2Fwp%2Fv2%2Ftags&post=34503"}],"curies":[{"name":"wp","href":"https:\/\/api.w.org\/{rel}","templated":true}]}}