{"id":34506,"date":"2024-08-14T12:36:00","date_gmt":"2024-08-14T09:36:00","guid":{"rendered":"https:\/\/mersinkadingazetesi.com\/?p=34506"},"modified":"2024-08-14T12:36:01","modified_gmt":"2024-08-14T09:36:01","slug":"kulturun-izinde-mersin-tarihin-ve-kulturun-izini-surmeye-devam-ediyor","status":"publish","type":"post","link":"https:\/\/mersinkadingazetesi.com\/?p=34506","title":{"rendered":"&#8220;K\u00dcLT\u00dcR\u00dcN \u0130Z\u0130NDE MERS\u0130N&#8221; TAR\u0130H\u0130N VE K\u00dcLT\u00dcR\u00dcN \u0130Z\u0130N\u0130 S\u00dcRMEYE DEVAM ED\u0130YOR\u00a0"},"content":{"rendered":"\n<p>&#8220;K\u00fclt\u00fcr\u00fcn \u0130zinde Mersin&#8221; projesi kapsam\u0131nda, lise d\u00fczeyinde \u00f6\u011frenim g\u00f6ren 9. ve 10. s\u0131n\u0131f \u00f6\u011frencileri ile bir dizi etkinlik ger\u00e7ekle\u015ftirildi. Etkinlik kapsam\u0131nda \u00f6\u011frencilerimiz, \u015fehrimizin zengin k\u00fclt\u00fcrel ve tarih\u00ee miras\u0131n\u0131 ke\u015ffetme f\u0131rsat\u0131 buldu. Toroslar il\u00e7emizde bulunan tarih\u00ee ve k\u00fclt\u00fcrel mek\u00e2n olan G\u00f6zne Kalesi gezildi. \u00d6\u011frencilerimiz G\u00f6zne Kalesi&#8217;nde drama etkinli\u011fi ger\u00e7ekle\u015ftirdi. Daha sonra \u00f6\u011frencilerimizin &#8220;Y\u00f6r\u00fck K\u00fclt\u00fcr\u00fc&#8221; hakk\u0131nda fikir edinebilmeleri i\u00e7in Alanyal\u0131 k\u00f6y\u00fc ziyaret edildi. Alanyal\u0131 k\u00f6y muhtar\u0131 Ahmet Duran Yelli ve k\u00f6y halk\u0131yla \u00f6\u011frencilerimiz sohbet edip geleneksel &#8220;K\u0131l \u00c7ad\u0131r&#8221; k\u00fclt\u00fcr\u00fc hakk\u0131nda bilgi edindi. \u0130l Mill\u00ee E\u011fitim M\u00fcd\u00fcr\u00fc Fazilet Durmu\u015f ve \u00f6\u011frenciler birlikte, Y\u00f6r\u00fck K\u00fclt\u00fcr\u00fc&#8217;n\u00fcn ayr\u0131lmaz bir par\u00e7as\u0131 olan s\u0131kma ve g\u00f6zleme yaparak kat\u0131l\u0131mc\u0131lara ikram ettiler. Etkinlikler geleneksel m\u00fczik dinletisi ile devam etti.<\/p>\n\n\n\n<pre class=\"wp-block-code\"><code> \u00d6\u011frenci, \u00f6\u011fretmen ve k\u00f6yl\u00fclerle sohbet eden \u0130l Mill\u00ee E\u011fitim M\u00fcd\u00fcr\u00fc Fazilet Durmu\u015f: \"\u00d6ncelikle bizi k\u00f6ylerinde misafir eden Alanyal\u0131 k\u00f6y\u00fc muhtar\u0131 Ahmet Duran Yelli ve Alanyal\u0131 k\u00f6y\u00fcn\u00fcn misafirperver y\u00f6r\u00fcklerine \u00e7ok te\u015fekk\u00fcr ediyorum. Y\u00f6r\u00fck K\u00fclt\u00fcr\u00fc; Orta Asya'dan Tanr\u0131 Da\u011flar\u0131'ndan getirdi\u011fimiz binlerce y\u0131ll\u0131k k\u00f6kl\u00fc ge\u00e7mi\u015fimizin \u00f6nemli miraslar\u0131ndand\u0131r. \u00c7ocuklar\u0131m\u0131z\u0131n bu k\u00fclt\u00fcr\u00fc yak\u0131ndan tan\u0131ma f\u0131rsat\u0131 bulmalar\u0131n\u0131 sa\u011flayan \"K\u00fclt\u00fcr\u00fcn \u0130zinde\" projemizin ne kadar \u00f6nemli oldu\u011funu tekrar g\u00f6rm\u00fc\u015f olduk. Sevgili evlatlar\u0131m, gelece\u011fimizin mimar\u0131 g\u00f6z ayd\u0131nl\u0131\u011f\u0131 gen\u00e7lerimiz, nas\u0131l ki temel olmadan duvar in\u015fa edilemezse gelecek de mazi olmadan in\u015fa edilemez. Bu y\u00fczden her zaman \"K\u00f6kl\u00fc Ge\u00e7mi\u015f, G\u00fc\u00e7l\u00fc Gelecek\" anlay\u0131\u015f\u0131yla her alanda zaman\u0131n ruhunu a\u015fan bir nesil arzu ediyoruz. Bunu ba\u015faraca\u011f\u0131n\u0131zdan asla \u015f\u00fcphe duymuyorum.\" dedi.\n\n Etkinli\u011fe, \u0130l Mill\u00ee E\u011fitim M\u00fcd\u00fcr\u00fc Fazilet Durmu\u015f, \u0130l Mill\u00ee E\u011fitim \u015eube M\u00fcd\u00fcr\u00fc \u00c7a\u011fatay \u00c7etin, lise \u00f6\u011frencileri, veliler ve Alanyal\u0131 k\u00f6y\u00fc sakinlerimiz kat\u0131l\u0131m sa\u011flad\u0131.<\/code><\/pre>\n","protected":false},"excerpt":{"rendered":"<p>&#8220;K\u00fclt\u00fcr\u00fcn \u0130zinde Mersin&#8221; projesi kapsam\u0131nda, lise d\u00fczeyinde \u00f6\u011frenim g\u00f6ren 9. ve 10. s\u0131n\u0131f \u00f6\u011frencileri ile bir dizi etkinlik ger\u00e7ekle\u015ftirildi. Etkinlik kapsam\u0131nda \u00f6\u011frencilerimiz, \u015fehrimizin zengin k\u00fclt\u00fcrel ve tarih\u00ee miras\u0131n\u0131 ke\u015ffetme f\u0131rsat\u0131 buldu. Toroslar il\u00e7emizde bulunan tarih\u00ee ve k\u00fclt\u00fcrel mek\u00e2n olan G\u00f6zne Kalesi gezildi. \u00d6\u011frencilerimiz G\u00f6zne Kalesi&#8217;nde drama etkinli\u011fi ger\u00e7ekle\u015ftirdi. Daha sonra \u00f6\u011frencilerimizin &#8220;Y\u00f6r\u00fck K\u00fclt\u00fcr\u00fc&#8221; hakk\u0131nda fikir [&hellip;]<\/p>\n","protected":false},"author":2,"featured_media":34507,"comment_status":"closed","ping_status":"closed","sticky":false,"template":"","format":"standard","meta":{"footnotes":""},"categories":[3],"tags":[],"class_list":["post-34506","post","type-post","status-publish","format-standard","has-post-thumbnail","hentry","category-manset"],"views":8,"_links":{"self":[{"href":"https:\/\/mersinkadingazetesi.com\/index.php?rest_route=\/wp\/v2\/posts\/34506"}],"collection":[{"href":"https:\/\/mersinkadingazetesi.com\/index.php?rest_route=\/wp\/v2\/posts"}],"about":[{"href":"https:\/\/mersinkadingazetesi.com\/index.php?rest_route=\/wp\/v2\/types\/post"}],"author":[{"embeddable":true,"href":"https:\/\/mersinkadingazetesi.com\/index.php?rest_route=\/wp\/v2\/users\/2"}],"replies":[{"embeddable":true,"href":"https:\/\/mersinkadingazetesi.com\/index.php?rest_route=%2Fwp%2Fv2%2Fcomments&post=34506"}],"version-history":[{"count":1,"href":"https:\/\/mersinkadingazetesi.com\/index.php?rest_route=\/wp\/v2\/posts\/34506\/revisions"}],"predecessor-version":[{"id":34508,"href":"https:\/\/mersinkadingazetesi.com\/index.php?rest_route=\/wp\/v2\/posts\/34506\/revisions\/34508"}],"wp:featuredmedia":[{"embeddable":true,"href":"https:\/\/mersinkadingazetesi.com\/index.php?rest_route=\/wp\/v2\/media\/34507"}],"wp:attachment":[{"href":"https:\/\/mersinkadingazetesi.com\/index.php?rest_route=%2Fwp%2Fv2%2Fmedia&parent=34506"}],"wp:term":[{"taxonomy":"category","embeddable":true,"href":"https:\/\/mersinkadingazetesi.com\/index.php?rest_route=%2Fwp%2Fv2%2Fcategories&post=34506"},{"taxonomy":"post_tag","embeddable":true,"href":"https:\/\/mersinkadingazetesi.com\/index.php?rest_route=%2Fwp%2Fv2%2Ftags&post=34506"}],"curies":[{"name":"wp","href":"https:\/\/api.w.org\/{rel}","templated":true}]}}