{"id":34509,"date":"2024-08-14T12:38:57","date_gmt":"2024-08-14T09:38:57","guid":{"rendered":"https:\/\/mersinkadingazetesi.com\/?p=34509"},"modified":"2024-08-14T12:38:58","modified_gmt":"2024-08-14T09:38:58","slug":"sariyildiz-yavru-carettalarin-denizle-bulusmasina-taniklik-etti","status":"publish","type":"post","link":"https:\/\/mersinkadingazetesi.com\/?p=34509","title":{"rendered":"SARIYILDIZ, YAVRU CARETTALARIN DEN\u0130ZLE BULU\u015eMASINA TANIKLIK ETT\u0130"},"content":{"rendered":"\n<p><em>Akdeniz Belediye E\u015f Ba\u015fkan\u0131 Ho\u015fyar Sar\u0131y\u0131ld\u0131z, Kazanl\u0131 sahilinde bulunan yuvalar\u0131ndan \u00e7\u0131karak denizle bulu\u015fan Caretta Caretta ve Ye\u015fil Deniz Kaplumba\u011fas\u0131 yavrular\u0131n\u0131n muhte\u015fem yolculu\u011funa tan\u0131kl\u0131k etti. E\u015f Ba\u015fkan Sar\u0131y\u0131ld\u0131z, nesli koruma alt\u0131nda olan bu deniz canl\u0131lar\u0131 i\u00e7in t\u00fcm vatanda\u015flar\u0131 duyarl\u0131 olmaya davet etti.<\/em><\/p>\n\n\n\n<p>Akdeniz il\u00e7esine ba\u011fl\u0131 Kazanl\u0131 Mahallesi sahili, binlerce y\u0131ld\u0131r Caretta Caretta ve Ye\u015fil Deniz Kaplumba\u011falar\u0131 (Chelonia Mydas) i\u00e7in \u00f6nemli bir yuvalama alan\u0131. Her y\u0131l bu sahildeki yuvalardan binlerce yavru \u00e7\u0131karak denizle bulu\u015fuyor. Ancak bu yolculukta kar\u015f\u0131lar\u0131na \u00e7\u0131kan engeller nedeniyle kimi zaman y\u00fczlercesi hayat\u0131n\u0131 kaybediyor. Akdeniz \u00dc\u00e7\u00fcnc\u00fc G\u00f6z E\u011fitim ve Gen\u00e7lik Derne\u011fi ve g\u00f6n\u00fcll\u00fcler, bu kayb\u0131 en aza d\u00fc\u015f\u00fcrmek i\u00e7in bu s\u00fcre\u00e7te sahili tar\u0131yor ve kaplumba\u011fa yavrular\u0131n\u0131n denizle bulu\u015fmas\u0131na yard\u0131mc\u0131 oluyor.<\/p>\n\n\n\n<p>Sar\u0131y\u0131ld\u0131z, onlarca yavruyu denizle bulu\u015fturdu<\/p>\n\n\n\n<p>Akdeniz Belediyesi E\u015f Ba\u015fkan\u0131 Ho\u015fyar Sar\u0131y\u0131ld\u0131z da ak\u015fam saatlerinde, beraberinde \u00c7evre Koruma M\u00fcd\u00fcr\u00fc Aslan Ya\u015far, Akdeniz \u00dc\u00e7\u00fcnc\u00fc G\u00f6z E\u011fitim Gen\u00e7lik Derne\u011fi Ba\u015fkan\u0131 Seyhan Akdo\u011fan ve dernek \u00fcyesi g\u00f6n\u00fcll\u00fc gen\u00e7lerle birlikte Kazanl\u0131 sahilini tarad\u0131, yuvalar\u0131ndan \u00e7\u0131kan deniz kaplumba\u011falar\u0131n\u0131n e\u015fsiz yolculu\u011funa tan\u0131kl\u0131k etti. E\u015f Ba\u015fkan Sar\u0131y\u0131ld\u0131z, yuvalardan \u00e7\u0131karak ba\u015fka y\u00f6nlere do\u011fru gitti\u011fi i\u00e7in g\u00f6revlilerce toplan\u0131p kutuya konulan onlarca yavruyu da denizle bulu\u015fturdu.<\/p>\n\n\n\n<p>Sahildeki \u00e7al\u0131\u015fmalara kat\u0131l\u0131m\u0131 i\u00e7in E\u015f Ba\u015fkan Sar\u0131y\u0131ld\u0131z\u2019a te\u015fekk\u00fcr eden ve s\u00fcre\u00e7 hakk\u0131nda bilgi veren Dernek Ba\u015fkan\u0131 Akdo\u011fan, ilk yumurtlama g\u00fcn\u00fcnden itibaren sahilde olduklar\u0131n\u0131 ifade ederek; \u201cSon anne kaplumba\u011fa Temmuz ortas\u0131nda sahile gelir. 45 ila 60 g\u00fcn aras\u0131 kulu\u00e7ka s\u00fcreleri var. Biz de son anneyi takip ediyoruz, b\u00f6ylece son yuvan\u0131n a\u00e7\u0131laca\u011f\u0131 tarihi tahmin etmeye \u00e7al\u0131\u015f\u0131yoruz. Sonras\u0131nda da tarihlere g\u00f6re yuvalar\u0131 takip ediyoruz, hangisi ilk \u00e7\u0131kacak diye. Yumurtlamak i\u00e7in sahile gelen anneleri k\u00f6peklerden de koruyoruz. Dolay\u0131s\u0131yla yuvalar\u0131 da g\u00f6r\u00fcyoruz. B\u00f6ylece hem anneleri koruyoruz hem de yuvalar\u0131n\u0131 tespit ediyoruz. \u00c7evre M\u00fcd\u00fcrl\u00fc\u011f\u00fc\u2019n\u00fcn \u00e7al\u0131\u015fmalar\u0131 da g\u00fcnd\u00fczleri ba\u015fl\u0131yor, gelip yuvalar\u0131 tespit ediyorlar\u201d \u015feklinde konu\u015ftu.<\/p>\n\n\n\n<p>\u201c\u00c7ok \u00f6zel bir ana tan\u0131kl\u0131k ettik\u201d<\/p>\n\n\n\n<p>Emekleri ve duyarl\u0131l\u0131klar\u0131 i\u00e7in dernek y\u00f6netimi ve g\u00f6n\u00fcll\u00fc gen\u00e7lere te\u015fekk\u00fcr eden Akdeniz Belediyesi E\u015f Ba\u015fkan\u0131 Ho\u015fyar Sar\u0131y\u0131ld\u0131z; Kazanl\u0131 sahilinin \u00f6zel bir taraf\u0131n\u0131n oldu\u011funu belirterek; \u201cBuras\u0131; Caretta Caretta cinsi kaplumba\u011falar\u0131m\u0131z\u0131n gelip yumurta b\u0131rakt\u0131\u011f\u0131 bir b\u00f6lgemiz. Ak\u015fam vakitlerinde yavrular yuvalar\u0131ndan \u00e7\u0131k\u0131p denize do\u011fru ilerliyor. Toplum g\u00f6n\u00fcll\u00fcleri, \u00e7evrecilerimiz ve belediyemiz yetkilileri de yavrular\u0131n denize ula\u015fmas\u0131n\u0131n takip\u00e7isi oluyor. Bizler de bu ak\u015fam burada \u00e7ok \u00f6zel ve g\u00fczel anlara \u015fahitlik ettik\u201d dedi.<\/p>\n\n\n\n<p>\u201cSahilde \u0131\u015f\u0131k kirlili\u011fine yol a\u00e7mayal\u0131m\u201d<\/p>\n\n\n\n<p>Sar\u0131y\u0131ld\u0131z; \u00f6zellikle yuvalama ve yavru \u00e7\u0131k\u0131\u015f d\u00f6nemlerinde \u00e7ok dikkatli olunmas\u0131 gerekti\u011finin de alt\u0131n\u0131 \u00e7izerek; \u201cBu \u00f6zel alan\u0131n korunmas\u0131, temiz tutulmas\u0131 ve dahas\u0131 Caretta Caretta yavrular\u0131n\u0131n denize ula\u015f\u0131m\u0131 noktas\u0131nda \u0131\u015f\u0131k kirlili\u011fine neden olunmamas\u0131 \u00f6nem ta\u015f\u0131yor. \u00c7\u00fcnk\u00fc bu kaplumba\u011falar \u0131\u015f\u0131\u011fa \u00e7ok hassaslar. I\u015f\u0131k g\u00f6rd\u00fckleri zaman denizden uzakla\u015f\u0131yor, hatta ya\u015famlar\u0131n\u0131 yitiriyorlar. Bu nedenle deniz kenar\u0131nda \u0131\u015f\u0131k kayna\u011f\u0131 olmamas\u0131 bu canl\u0131n\u0131n ya\u015fam\u0131 i\u00e7in hayati derecede \u00f6nemli. Halk\u0131m\u0131z\u0131 da bu anlamda hem \u00e7evremizi temiz tutmaya hem de kaplumba\u011falar\u0131m\u0131z\u0131n g\u00fcvenli bir \u015fekilde ya\u015fam alanlar\u0131na d\u00f6nebilmesi a\u00e7\u0131s\u0131ndan buna dikkat etmeye \u00e7a\u011f\u0131r\u0131yoruz\u201d diye konu\u015ftu.<\/p>\n\n\n\n<p>\u201cKum zamba\u011f\u0131m\u0131z\u0131 koruyal\u0131m\u201d<\/p>\n\n\n\n<p>Kazanl\u0131 sahilinin, nesli koruma alt\u0131nda olan endemik bitkilerden biri olan kum zamba\u011f\u0131na da ev sahipli\u011fi yapt\u0131\u011f\u0131n\u0131 kaydeden E\u015f Ba\u015fkan Sar\u0131y\u0131ld\u0131z; \u201cMuhte\u015fem bir kokuya sahip kum zamba\u011f\u0131m\u0131z da hepimizin dikkat etmesi ve korumas\u0131 gereken g\u00fczelliklerimizden bir tanesi. T\u00fcm halk\u0131m\u0131z\u0131 hem kaplumba\u011falar\u0131m\u0131z\u0131 hem de kum zamba\u011f\u0131m\u0131z\u0131 koruma noktas\u0131nda duyarl\u0131 ve dikkatli olmaya davet ediyoruz\u201d ifadelerini kulland\u0131.<\/p>\n","protected":false},"excerpt":{"rendered":"<p>Akdeniz Belediye E\u015f Ba\u015fkan\u0131 Ho\u015fyar Sar\u0131y\u0131ld\u0131z, Kazanl\u0131 sahilinde bulunan yuvalar\u0131ndan \u00e7\u0131karak denizle bulu\u015fan Caretta Caretta ve Ye\u015fil Deniz Kaplumba\u011fas\u0131 yavrular\u0131n\u0131n muhte\u015fem yolculu\u011funa tan\u0131kl\u0131k etti. E\u015f Ba\u015fkan Sar\u0131y\u0131ld\u0131z, nesli koruma alt\u0131nda olan bu deniz canl\u0131lar\u0131 i\u00e7in t\u00fcm vatanda\u015flar\u0131 duyarl\u0131 olmaya davet etti. Akdeniz il\u00e7esine ba\u011fl\u0131 Kazanl\u0131 Mahallesi sahili, binlerce y\u0131ld\u0131r Caretta Caretta ve Ye\u015fil Deniz Kaplumba\u011falar\u0131 [&hellip;]<\/p>\n","protected":false},"author":2,"featured_media":34510,"comment_status":"closed","ping_status":"closed","sticky":false,"template":"","format":"standard","meta":{"footnotes":""},"categories":[34,2,3,5],"tags":[],"class_list":["post-34509","post","type-post","status-publish","format-standard","has-post-thumbnail","hentry","category-flas-haber","category-gundem","category-manset","category-mersin"],"views":6,"_links":{"self":[{"href":"https:\/\/mersinkadingazetesi.com\/index.php?rest_route=\/wp\/v2\/posts\/34509"}],"collection":[{"href":"https:\/\/mersinkadingazetesi.com\/index.php?rest_route=\/wp\/v2\/posts"}],"about":[{"href":"https:\/\/mersinkadingazetesi.com\/index.php?rest_route=\/wp\/v2\/types\/post"}],"author":[{"embeddable":true,"href":"https:\/\/mersinkadingazetesi.com\/index.php?rest_route=\/wp\/v2\/users\/2"}],"replies":[{"embeddable":true,"href":"https:\/\/mersinkadingazetesi.com\/index.php?rest_route=%2Fwp%2Fv2%2Fcomments&post=34509"}],"version-history":[{"count":1,"href":"https:\/\/mersinkadingazetesi.com\/index.php?rest_route=\/wp\/v2\/posts\/34509\/revisions"}],"predecessor-version":[{"id":34511,"href":"https:\/\/mersinkadingazetesi.com\/index.php?rest_route=\/wp\/v2\/posts\/34509\/revisions\/34511"}],"wp:featuredmedia":[{"embeddable":true,"href":"https:\/\/mersinkadingazetesi.com\/index.php?rest_route=\/wp\/v2\/media\/34510"}],"wp:attachment":[{"href":"https:\/\/mersinkadingazetesi.com\/index.php?rest_route=%2Fwp%2Fv2%2Fmedia&parent=34509"}],"wp:term":[{"taxonomy":"category","embeddable":true,"href":"https:\/\/mersinkadingazetesi.com\/index.php?rest_route=%2Fwp%2Fv2%2Fcategories&post=34509"},{"taxonomy":"post_tag","embeddable":true,"href":"https:\/\/mersinkadingazetesi.com\/index.php?rest_route=%2Fwp%2Fv2%2Ftags&post=34509"}],"curies":[{"name":"wp","href":"https:\/\/api.w.org\/{rel}","templated":true}]}}