{"id":34512,"date":"2024-08-14T12:41:23","date_gmt":"2024-08-14T09:41:23","guid":{"rendered":"https:\/\/mersinkadingazetesi.com\/?p=34512"},"modified":"2024-08-14T12:41:24","modified_gmt":"2024-08-14T09:41:24","slug":"baskan-ozyigit-bu-eserler-kentimizin-en-guzide-yapilari-olacak","status":"publish","type":"post","link":"https:\/\/mersinkadingazetesi.com\/?p=34512","title":{"rendered":"Ba\u015fkan \u00d6zyi\u011fit, \u201cBu eserler, kentimizin en g\u00fczide yap\u0131lar\u0131 olacak.\u201d"},"content":{"rendered":"\n<p>Mersin Yeni\u015fehir Belediyesi, k\u00fct\u00fcphane ve taziyeevinden olu\u015facak Emine-Halil Aydemir K\u00fclt\u00fcr Kompleksi\u2019nin temelini att\u0131. Temel atma t\u00f6reninde konu\u015fan Yeni\u015fehir Belediye Ba\u015fkan\u0131 Abdullah \u00d6zyi\u011fit, bir hafta i\u00e7inde \u00fc\u00e7 b\u00fcy\u00fck projenin temelini atacaklar\u0131n\u0131 ifade ederek, <strong>\u201c16 A\u011fustos\u2019ta bir ilkokulumuzun, 20 A\u011fustos\u2019ta ise b\u00fcy\u00fck kent k\u00fct\u00fcphanesi, oyuncak m\u00fczesi ve \u00e7ocuk k\u00fct\u00fcphanesinden olu\u015facak bir ba\u015fka kompleksimizin temelini ataca\u011f\u0131z.&nbsp; Bu eserler, kentimizin en g\u00fczide yap\u0131lar\u0131 olacak. Bizim i\u00e7in b\u00fcy\u00fck bir onur. Yeni\u015fehir\u2019imize \u015fimdiden hay\u0131rl\u0131 olsun.\u201d <\/strong>dedi.<\/p>\n\n\n\n<p>Yeni\u015fehir Belediyesi Emine-Halil Aydemir K\u00fclt\u00fcr Kompleksi\u2019nin temeli d\u00fczenlenen t\u00f6renle at\u0131ld\u0131. E\u011fir\u00e7am Mahallesi\u2019nde in\u015fa edilecek 850 metrekarelik kompleksin temel atma t\u00f6renine Yeni\u015fehir Belediye Ba\u015fkan\u0131 Abdullah \u00d6zyi\u011fit ve projenin in\u015faat\u0131n\u0131 \u00fcstlenen hay\u0131rsever i\u015f insan\u0131 Zeynel Aydemir\u2019in yan\u0131 s\u0131ra Cumhuriyet Halk Partisi(CHP)Parti Meclisi \u00dcyesi Erbil Ayd\u0131nl\u0131k, \u00d6nceki D\u00f6nem CHP Milletvekilleri Alpay Antmen, Cengiz G\u00f6k\u00e7el ve Aziz Ayd\u0131nl\u0131k, Toroslar Belediye Ba\u015fkan\u0131 Abdurrahman Y\u0131ld\u0131z, Mersin Ticaret ve Sanayi Odas\u0131 (MTSO) Y\u00f6netim Kurulu Ba\u015fkan\u0131 Hakan Sefa \u00c7ak\u0131r, MTSO Meclis Ba\u015fkan\u0131 Hamit \u0130zol, Akdeniz Belediye Ba\u015fkanvekili Orhan Sanr\u0131, Mersin Cemevi Ba\u015fkan\u0131 Hasan K\u0131lavuz, CHP Yeni\u015fehir \u0130l\u00e7e Kad\u0131n Kollar\u0131 Ba\u015fkan\u0131 \u0130lknur Akkul, Yeni\u015fehir Kent Konseyi Ba\u015fkan\u0131 Belgin G\u00fcra\u011fa\u00e7, sivil toplum kurulu\u015flar\u0131n\u0131n ba\u015fkan ve temsilcileri, mahalle muhtarlar\u0131, belediye meclis \u00fcyeleri, i\u015f insanlar\u0131 ve \u00e7ok say\u0131da vatanda\u015f kat\u0131ld\u0131.<\/p>\n\n\n\n<p><strong>Ba\u015fkan \u00d6zyi\u011fit, \u201cBu eserler, kentimizin en g\u00fczide yap\u0131lar\u0131 olacak.\u201d<\/strong><\/p>\n\n\n\n<p>T\u00f6rende konu\u015fan Yeni\u015fehir Belediye Ba\u015fkan\u0131 Abdullah \u00d6zyi\u011fit, Yeni\u015fehir i\u00e7in \u00e7ok \u00f6zel bir hafta oldu\u011funu s\u00f6yleyerek, kente yeni eserler kazand\u0131racaklar\u0131n\u0131 belirtti. Ba\u015fkan \u00d6zyi\u011fit, <strong>\u201cYeni\u015fehir i\u00e7in \u00e7ok \u00f6zel bir haftaday\u0131z, \u00e7\u00fcnk\u00fc bu hafta temel atma haftam\u0131z. Bu hafta birbirinden k\u0131ymetli \u00fc\u00e7 eseri kentimize kazand\u0131raca\u011f\u0131z. &nbsp;Bug\u00fcn burada k\u00fct\u00fcphane ve taziyeevinden olu\u015fan k\u00fclt\u00fcr kompleksimizin temelini at\u0131yoruz.&nbsp; Hemen ard\u0131ndan yine hay\u0131rsever i\u015f insanlar\u0131m\u0131z\u0131n deste\u011fiyle 16 A\u011fustos\u2019ta bir ilkokulumuzun, 20 A\u011fustos\u2019ta ise b\u00fcy\u00fck kent k\u00fct\u00fcphanesi, oyuncak m\u00fczesi ve \u00e7ocuk k\u00fct\u00fcphanesinden olu\u015facak bir kompleksimizin temelini ataca\u011f\u0131z.&nbsp; Bu eserler, kentimizin en g\u00fczide yap\u0131lar\u0131 olacak. Bizim i\u00e7in b\u00fcy\u00fck bir onur. Yeni\u015fehir\u2019imize \u015fimdiden hay\u0131rl\u0131 olsun.\u201d<\/strong><\/p>\n\n\n\n<p><strong>\u201cBuras\u0131 her ne kadar E\u011fri\u00e7am Mahallesi s\u0131n\u0131rlar\u0131 i\u00e7erisinde olsa da Akkent ve Bat\u0131kent\u2019e de hitap eden bir b\u00f6lgede yer al\u0131yor.\u201d<\/strong><\/p>\n\n\n\n<p>Bu projenin daha \u00f6nce Mente\u015f Mahallesi\u2019nde in\u015fa edilen Yeni\u015fehir Belediyesi Kerimo\u011flu K\u00fclt\u00fcr Kompleksi projesinin bir devam\u0131 niteli\u011finde oldu\u011funu dile getiren Ba\u015fkan Abdullah \u00d6zyi\u011fit \u015funlar\u0131 s\u00f6yledi: <strong>\u201cGen\u00e7lerimiz, \u00e7ocuklar\u0131m\u0131z ve t\u00fcm Yeni\u015fehir halk\u0131 i\u00e7in yar\u0131nlara uzanan bu k\u00f6pr\u00fcleri hep birlikte b\u00fcy\u00fctece\u011fiz.&nbsp; Bu k\u00f6pr\u00fc, bilgiyle donanm\u0131\u015f, birbirine sayg\u0131 ve sevgiyle ba\u011fl\u0131, dayan\u0131\u015fma ruhu g\u00fc\u00e7l\u00fc bir toplum in\u015fa etmemize yard\u0131mc\u0131 olacak. Bu proje, daha \u00f6nce Mente\u015f Mahallemizde hayata ge\u00e7irdi\u011fimiz k\u00fclt\u00fcr kompleksimizin bir devam\u0131 niteli\u011finde.&nbsp; Orada g\u00f6rd\u00fc\u011f\u00fcm\u00fcz ilgi ve memnuniyet, do\u011fru yolda oldu\u011fumuzu g\u00f6sterdi ve bu ad\u0131m\u0131 atmam\u0131z\u0131 sa\u011flad\u0131. Buras\u0131 her ne kadar E\u011fri\u00e7am Mahallesi s\u0131n\u0131rlar\u0131 i\u00e7erisinde olsa da Akkent ve Bat\u0131kent\u2019e de hitap eden bir b\u00f6lgede yer al\u0131yor. Mente\u015f\u2019te ba\u015flad\u0131k, ikincisini burada yap\u0131yoruz. T\u00fcm mahallelerimize buna benzer mekanlar kazand\u0131raca\u011f\u0131z.\u201d<\/strong><\/p>\n\n\n\n<p><strong>\u201cBu \u00e7al\u0131\u015fmalar\u0131m\u0131z \u00fclkemizde zaten derin bir \u00e7eli\u015fki olan e\u011fitimde f\u0131rsat e\u015fitsizli\u011fini ortadan kald\u0131rmak i\u00e7in bir ad\u0131m.\u201d<\/strong><\/p>\n\n\n\n<p>Mahallelere kurduklar\u0131 k\u00fct\u00fcphanelerin e\u011fitimde f\u0131rsat e\u015fitli\u011fini sa\u011flamak i\u00e7in bir ad\u0131m oldu\u011funa dikkat \u00e7eken Ba\u015fkan \u00d6zyi\u011fit, <strong>\u201cBana \u2018Ba\u015fkan\u0131m, taziyeevi ile k\u00fct\u00fcphanenin ayn\u0131 alanda olur mu?\u2019 diye soranlar oluyor. \u00c7ok k\u0131ymetli dostum Zeynel Aydemir ilk olarak taziyeevi niyeti ile yan\u0131m\u0131za geldi. Ben de \u2018mahallelerimizde k\u00fct\u00fcphaneye de ihtiya\u00e7 oldu\u011funu s\u00f6yledim.\u2019 Neden? \u00c7\u00fcnk\u00fc \u00f6zellikle geli\u015fmekte olan mahallelerimizde insanlar\u0131n ya\u015fam ko\u015fullar\u0131 \u00e7ok daha zor, iki odal\u0131 bir evde \u00fc\u00e7 \u00e7ocuk, anne ve baba. \u00c7ocu\u011fun biri oyun oynamak, biri televizyon izlemek di\u011feri de ders \u00e7al\u0131\u015fmak istiyor. Ba\u015far\u0131 i\u00e7in ders \u00e7al\u0131\u015fmak zorundalar. Bir\u00e7ok \u00e7ocu\u011fumuzun evinde ders \u00e7al\u0131\u015fma alanlar\u0131 yok, bunu kendim g\u00f6rd\u00fcm. Onun i\u00e7in dedim ki her mahalleye k\u00fclt\u00fcr kompleksleri&nbsp; yapmam\u0131z laz\u0131m. Bu tesislerimizde \u00e7ocuklar\u0131m\u0131z bir dan\u0131\u015fman e\u015fli\u011finde derslerini \u00e7al\u0131\u015fabilsin ve evine yar\u0131n okula haz\u0131r bir \u015fekilde gitsin. Bu \u00e7al\u0131\u015fmalar\u0131m\u0131z \u00fclkemizde zaten derin bir \u00e7eli\u015fki olan e\u011fitimde f\u0131rsat e\u015fitsizli\u011fini ortadan kald\u0131rmak i\u00e7in bir ad\u0131m.\u201d<\/strong> ifadelerini kulland\u0131. &nbsp;<\/p>\n\n\n\n<p>&nbsp;\u201c<strong>Projeleri \u015fekillendirirken, Yeni\u015fehirli vatanda\u015flar\u0131m\u0131z\u0131n taleplerini, ihtiya\u00e7lar\u0131n\u0131 ve \u00f6nerilerini dikkate al\u0131yoruz.\u201d<\/strong><\/p>\n\n\n\n<p>Yeni\u015fehir\u2019i daha da ileriye ta\u015f\u0131yacak projeler \u00fczerinde \u00e7al\u0131\u015ft\u0131klar\u0131n\u0131, halk\u0131n \u00f6nerileri ve taleplerini dikkate alarak hareket ettiklerini s\u00f6yleyen Yeni\u015fehir Belediye Ba\u015fkan\u0131 Abdullah \u00d6zyi\u011fit, <strong>\u201cG\u00f6reve geldi\u011fimiz g\u00fcnden bu yana Yeni\u015fehir\u2019imizin her k\u00f6\u015fesine hizmet g\u00f6t\u00fcrmek ve&nbsp; her vatanda\u015f\u0131m\u0131z i\u00e7in eri\u015filebilir hizmet sa\u011flamak i\u00e7in \u00e7al\u0131\u015f\u0131yoruz.&nbsp; Bug\u00fcn burada temelini att\u0131\u011f\u0131m\u0131z projemiz de bu anlay\u0131\u015f\u0131m\u0131z\u0131n bir yans\u0131mas\u0131d\u0131r. Bu projemizin hayata ge\u00e7mesinde eme\u011fi ge\u00e7en herkese, \u00f6zellikle hay\u0131rsever i\u015f insan\u0131, k\u0131ymetli arkada\u015f\u0131m Zeynel Aydemir ve ailesine te\u015fekk\u00fcrlerimi sunuyorum. &nbsp;Yeni\u015fehir Belediyesi olarak yar\u0131nlara daha umutla bakmam\u0131z\u0131 sa\u011flayacak projeler \u00fczerinde \u00e7al\u0131\u015f\u0131yoruz.&nbsp; Bu projeleri \u015fekillendirirken, Yeni\u015fehirli vatanda\u015flar\u0131m\u0131z\u0131n taleplerini, ihtiya\u00e7lar\u0131n\u0131 ve \u00f6nerilerini dikkate al\u0131yoruz. Mahalle toplant\u0131lar\u0131 d\u00fczenliyoruz, bire bir g\u00f6r\u00fc\u015f\u00fcyoruz.&nbsp; \u015eehrimizin her k\u00f6\u015fesinde y\u00fcr\u00fctt\u00fc\u011f\u00fcm\u00fcz altyap\u0131 \u00e7al\u0131\u015fmalar\u0131, parklar ve ye\u015fil alanlar, spor ve sanat tesisleriyle Yeni\u015fehir\u2019i daha ya\u015fanabilir bir hale getirmek temel hedefimiz.&nbsp; Hepinizin bildi\u011fi gibi e\u011fitim bizim i\u00e7in daima \u00f6ncelikli bir alan olmu\u015ftur. \u00d6zellikle erken \u00e7ocukluk e\u011fitiminde g\u00f6rd\u00fc\u011f\u00fcm\u00fcz a\u00e7\u0131k \u00fczerine hayata ge\u00e7irdi\u011fimiz proje ile ba\u015far\u0131l\u0131 i\u015flerimize devam ediyoruz.&nbsp; Bu nedenle, k\u00fct\u00fcphanelerimizden k\u00fclt\u00fcr merkezlerimize, spor alanlar\u0131ndan sosyal hizmetlere kadar her alana yat\u0131r\u0131m yap\u0131yoruz.&nbsp; Amac\u0131m\u0131z, her Yeni\u015fehirli \u00e7ocu\u011fun, gencin ve yeti\u015fkinin e\u011fitim, k\u00fclt\u00fcr ve spor gibi \u00e7a\u011fda\u015f hizmetlere en kolay \u015fekilde eri\u015febilmesini sa\u011flamak. Ayn\u0131 zamanda, sosyal projelerimizle dayan\u0131\u015fma ruhunu peki\u015ftirmeye devam ediyoruz. \u0130htiya\u00e7 sahiplerine destek veren sosyal yard\u0131m projelerimizle, halk\u0131m\u0131za olan sorumlulu\u011fumuzun bilincinde olarak \u00e7al\u0131\u015f\u0131yoruz.&nbsp; Hep birlikte daha g\u00fc\u00e7l\u00fc, daha dayan\u0131\u015fmac\u0131 bir Yeni\u015fehir i\u00e7in \u00e7al\u0131\u015fmaya devam edece\u011fiz.&nbsp;&nbsp; Bu yolda y\u00fcr\u00fcrken, hem\u015fehrilerimin k\u0131ymetli deste\u011fini daima yan\u0131m\u0131za ald\u0131k. Bu bizim i\u00e7in en \u00f6nemli motivasyon kayna\u011f\u0131d\u0131r.&nbsp; G\u00fcveninize lay\u0131k olmak i\u00e7in var g\u00fcc\u00fcm\u00fczle \u00e7al\u0131\u015faca\u011f\u0131z.&nbsp; Hep birlikte el ele vererek, \u015fehrimizi daha ileriye ta\u015f\u0131yaca\u011f\u0131m\u0131za y\u00fcrekten inan\u0131yorum.\u201d<\/strong> dedi.<\/p>\n\n\n\n<p><strong>Zeynel Aydemir \u201cTopluma fayda sa\u011flayacak bir projeyi hayata ge\u00e7irmek bizler i\u00e7in \u00e7ok \u00f6nemliydi.\u201d<\/strong><\/p>\n\n\n\n<p>Projenin ba\u011f\u0131\u015f\u00e7\u0131s\u0131 hay\u0131rsever i\u015f insan\u0131 Zeynel Aydemir ise yapt\u0131\u011f\u0131 konu\u015fmada \u015fu ifadeleri kulland\u0131: \u201c<strong>Rahmetli annem Emine Aydemir ve babam Halil Aydemir\u2019in ad\u0131n\u0131 ya\u015fataca\u011f\u0131m\u0131z taziyeevi ve k\u00fct\u00fcphane ile onlar\u0131n an\u0131s\u0131n\u0131 ya\u015fatmak, onlar\u0131n de\u011ferlerine ve hayata bak\u0131\u015f a\u00e7\u0131lar\u0131na uygun bir \u015fekilde topluma fayda sa\u011flayacak bir projeyi hayata ge\u00e7irmek bizler i\u00e7in \u00e7ok \u00f6nemliydi. Taziyeevi insanlar\u0131n ac\u0131lar\u0131na payla\u015ft\u0131klar\u0131 ve birbirlerine destek olduklar\u0131 bir mekan olacakt\u0131r. Bu vesile ile toplumsal dayan\u0131\u015fmay\u0131 peki\u015ftirmek istiyoruz. \u0130n\u015fa edece\u011fimiz k\u00fct\u00fcphane de bilgiye ve \u00f6\u011frenmeye olan ba\u011fl\u0131l\u0131\u011f\u0131m\u0131z\u0131n bir g\u00f6stergesi olacakt\u0131r. Bu projeyi hayata ge\u00e7irmemizde b\u00fcy\u00fck katk\u0131s\u0131 olan arsay\u0131 sa\u011flayarak, destek veren Yeni\u015fehir Belediye Ba\u015fkan\u0131m Abdullah \u00d6zyi\u011fit\u2019e te\u015fekk\u00fcr ediyorum.\u201d<\/strong><\/p>\n\n\n\n<p><strong>Abdurrahman Y\u0131ld\u0131z, \u201cBa\u011f\u0131\u015f\u00e7\u0131lar\u0131m\u0131z\u0131n Toroslar\u2019da da bu \u00e7al\u0131\u015fmalar\u0131n\u0131 devam ettirmelerini istiyorum.\u201d<\/strong><\/p>\n\n\n\n<p>Projenin Yeni\u015fehir\u2019e hay\u0131rl\u0131 olmas\u0131n\u0131 dileyen Toroslar Belediye Ba\u015fkan\u0131 Abdurrahman Y\u0131ld\u0131z ise&nbsp; <strong>\u201cYeni\u015fehir, Mersin\u2019in ya\u015fam kalitesi ve konforu en y\u00fcksek il\u00e7elerinden biri. Bu anlamda Yeni\u015fehir\u2019de ya\u015fayanlar \u015fansl\u0131lar. Yeni\u015fehir Belediye Ba\u015fkan\u0131m\u0131z da iki d\u00f6nemdir kentin kalitesini ve konforunu y\u00fckseltmek i\u00e7in \u00f6zel bir \u00e7aba sarf ediyor. K\u0131ymetli ba\u011f\u0131\u015f\u00e7\u0131m\u0131z\u0131n bu ba\u011f\u0131\u015f\u0131 Yeni\u015fehir\u2019e yeni bir de\u011fer katacak. Ba\u011f\u0131\u015f\u00e7\u0131lar\u0131m\u0131z\u0131n Toroslar\u2019da da bu \u00e7al\u0131\u015fmalar\u0131n\u0131 devam ettirmelerini istiyorum. Toroslar\u2019\u0131m\u0131z\u0131n da birden fazla k\u00fclt\u00fcr kompleksine ihtiyac\u0131 oldu\u011funu biliyorum.\u201d dedi.<\/strong><\/p>\n\n\n\n<p>E\u011fri\u00e7am Mahalle Muhtar\u0131 \u0130brahim \u00dcnel de yapt\u0131\u011f\u0131 konu\u015fmada E\u011fri\u00e7am\u2019a b\u00f6yle bir projeyi kazand\u0131rd\u0131klar\u0131 i\u00e7in Yeni\u015fehir Belediye Ba\u015fkan\u0131 Abdullah \u00d6zyi\u011fit\u2019e ve ba\u011f\u0131\u015f\u00e7\u0131 Zeynel Aydemir\u2019e mahalle sakinleri ad\u0131na te\u015fekk\u00fcr etti.<\/p>\n","protected":false},"excerpt":{"rendered":"<p>Mersin Yeni\u015fehir Belediyesi, k\u00fct\u00fcphane ve taziyeevinden olu\u015facak Emine-Halil Aydemir K\u00fclt\u00fcr Kompleksi\u2019nin temelini att\u0131. Temel atma t\u00f6reninde konu\u015fan Yeni\u015fehir Belediye Ba\u015fkan\u0131 Abdullah \u00d6zyi\u011fit, bir hafta i\u00e7inde \u00fc\u00e7 b\u00fcy\u00fck projenin temelini atacaklar\u0131n\u0131 ifade ederek, \u201c16 A\u011fustos\u2019ta bir ilkokulumuzun, 20 A\u011fustos\u2019ta ise b\u00fcy\u00fck kent k\u00fct\u00fcphanesi, oyuncak m\u00fczesi ve \u00e7ocuk k\u00fct\u00fcphanesinden olu\u015facak bir ba\u015fka kompleksimizin temelini ataca\u011f\u0131z.&nbsp; Bu eserler, [&hellip;]<\/p>\n","protected":false},"author":2,"featured_media":34513,"comment_status":"closed","ping_status":"closed","sticky":false,"template":"","format":"standard","meta":{"footnotes":""},"categories":[34,2,3,5],"tags":[],"class_list":["post-34512","post","type-post","status-publish","format-standard","has-post-thumbnail","hentry","category-flas-haber","category-gundem","category-manset","category-mersin"],"views":11,"_links":{"self":[{"href":"https:\/\/mersinkadingazetesi.com\/index.php?rest_route=\/wp\/v2\/posts\/34512"}],"collection":[{"href":"https:\/\/mersinkadingazetesi.com\/index.php?rest_route=\/wp\/v2\/posts"}],"about":[{"href":"https:\/\/mersinkadingazetesi.com\/index.php?rest_route=\/wp\/v2\/types\/post"}],"author":[{"embeddable":true,"href":"https:\/\/mersinkadingazetesi.com\/index.php?rest_route=\/wp\/v2\/users\/2"}],"replies":[{"embeddable":true,"href":"https:\/\/mersinkadingazetesi.com\/index.php?rest_route=%2Fwp%2Fv2%2Fcomments&post=34512"}],"version-history":[{"count":1,"href":"https:\/\/mersinkadingazetesi.com\/index.php?rest_route=\/wp\/v2\/posts\/34512\/revisions"}],"predecessor-version":[{"id":34514,"href":"https:\/\/mersinkadingazetesi.com\/index.php?rest_route=\/wp\/v2\/posts\/34512\/revisions\/34514"}],"wp:featuredmedia":[{"embeddable":true,"href":"https:\/\/mersinkadingazetesi.com\/index.php?rest_route=\/wp\/v2\/media\/34513"}],"wp:attachment":[{"href":"https:\/\/mersinkadingazetesi.com\/index.php?rest_route=%2Fwp%2Fv2%2Fmedia&parent=34512"}],"wp:term":[{"taxonomy":"category","embeddable":true,"href":"https:\/\/mersinkadingazetesi.com\/index.php?rest_route=%2Fwp%2Fv2%2Fcategories&post=34512"},{"taxonomy":"post_tag","embeddable":true,"href":"https:\/\/mersinkadingazetesi.com\/index.php?rest_route=%2Fwp%2Fv2%2Ftags&post=34512"}],"curies":[{"name":"wp","href":"https:\/\/api.w.org\/{rel}","templated":true}]}}