{"id":34521,"date":"2024-08-15T11:36:19","date_gmt":"2024-08-15T08:36:19","guid":{"rendered":"https:\/\/mersinkadingazetesi.com\/?p=34521"},"modified":"2024-08-15T11:36:20","modified_gmt":"2024-08-15T08:36:20","slug":"solideki-kazinin-aratosla-ilgisi-yok","status":"publish","type":"post","link":"https:\/\/mersinkadingazetesi.com\/?p=34521","title":{"rendered":"&#8220;SOL\u0130&#8217;DEK\u0130 KAZININ ARATOS&#8217;LA \u0130LG\u0130S\u0130 YOK&#8221;"},"content":{"rendered":"\n<p>\u00dclkemiz uygarl\u0131klar ve arkeolojik de\u011ferler a\u00e7\u0131s\u0131ndan olduk\u00e7a zengin. Anadolu, d\u00fcnyan\u0131n a\u00e7\u0131k hava m\u00fczesi gibidir. Yaz aylar\u0131 T\u00fcrkiye&#8217;nin \u00e7e\u015fitli kentlerinde yerli ve yabanc\u0131 ekiplerce yap\u0131lan arkeolojik kaz\u0131larla dolu.<\/p>\n\n\n\n<p>Ayn\u0131 \u015fekilde b\u00f6lgemizde de Adana&#8217;da Tatarl\u0131 H\u00f6y\u00fck, Tarsus&#8217;ta G\u00f6zlukule H\u00f6y\u00fc\u011f\u00fc, Mersin&#8217;de Soli ve Yumuktepe gibi alanlarda arkeolojik kaz\u0131lar \u00e7e\u015fitli \u00fcniversitelerce y\u00fcr\u00fct\u00fclmektedir.<\/p>\n\n\n\n<p>\u00d6te yandan Soli&#8217;de Aratos&#8217;un mezar\u0131 oldu\u011fu iddias\u0131yla uzun y\u0131llard\u0131r kaz\u0131lan yap\u0131n\u0131n Aratos&#8217;un mezar\u0131 olmad\u0131\u011f\u0131 anla\u015f\u0131ld\u0131. Bu konudaki son noktay\u0131 bir anlamda Prof. Dr. Murat Durukan koydu.<\/p>\n\n\n\n<p>Mersin \u00dcniversitesi Arkeoloji B\u00f6l\u00fcm\u00fc&#8217;n\u00fcn ge\u00e7en d\u00f6nem ba\u015fkanl\u0131\u011f\u0131n\u0131 da yapm\u0131\u015f olan Prof. Dr. Murat Durukan, filozof Aratos&#8217;un mezar\u0131n\u0131n Soli&#8217;de olmad\u0131\u011f\u0131n\u0131 belirtti. \u0130\u00e7el Tv&#8217;de 24 Nisan 2024 tarihinde, \u0130brahim \u00d6ng\u00fc ve Aratos Felsefe Dergisi Yay\u0131n Y\u00f6netmeni gazeteci-yazar U\u011fur Pi\u015fmanl\u0131k&#8217;\u0131n birlikte haz\u0131rlay\u0131p sundu\u011fu&nbsp;<em>&#8220;Aratos&#8217;un Penceresinden Felsefe&#8221;<\/em>&nbsp;program\u0131na konuk olan arkeolog Prof. Dr. Murat Durukan, konuya ili\u015fkin olarak yapt\u0131\u011f\u0131 a\u00e7\u0131klamada, Aratos&#8217;un mezar\u0131 olarak an\u0131lan yap\u0131da \u00e7\u0131kan malzemenin Aratos d\u00f6nemiyle ilgisi olmad\u0131\u011f\u0131n\u0131 belirtti.<\/p>\n\n\n\n<p>Program\u0131n ak\u0131\u015f\u0131 i\u00e7erisinde \u0130brahim \u00d6ng\u00fc&#8217;n\u00fcn sorusu \u00fczerine, Aratos Felsefe Dergisi Yay\u0131n Y\u00f6netmeni U\u011fur Pi\u015fmanl\u0131k, Soli&#8217;de Prof. Dr. Remzi Ya\u011fc\u0131 taraf\u0131ndan kaz\u0131lan yerin Aratos&#8217;a ait mezar olmad\u0131\u011f\u0131, Aratos&#8217;un ait mezar\u0131n\u0131n Makedonya&#8217;n\u0131n Pella kentinde bulundu\u011fu ve Aratos&#8217;un Tarsuslu oldu\u011funu belirtti.<\/p>\n\n\n\n<p>Prof. Dr. Murat Durukan, Pi\u015fmanl\u0131k&#8217;\u0131n s\u00f6zleri \u00fczerine yapt\u0131\u011f\u0131 a\u00e7\u0131klamada, Soli&#8217;deki kaz\u0131da Mersin \u00dcniversitesi&#8217;nin de kat\u0131l\u0131m\u0131 oldu\u011funu ifade ederek,&nbsp;<em>&#8220;Soli&#8217;deki kaz\u0131y\u0131 da yak\u0131ndan takip ediyoruz. Oran\u0131n Aratos&#8217;un \u00f6ld\u00fc\u011f\u00fc d\u00f6nemle ilgilisi olmayan bir yap\u0131 oldu\u011funu \u00e7\u0131kan malzemelerden de s\u00f6yleyebilirim. Aratos M\u00d6 3. y\u00fczy\u0131lda \u00f6lm\u00fc\u015f. Zaten Kilikya&#8217;da da \u00f6lmemi\u015f. Yunanistan&#8217;da \u00f6lm\u00fc\u015f.&nbsp;<\/em><em>Kenotaphion (Cenotaphe) dedi\u011fimiz&nbsp;<\/em><em>i\u00e7inde g\u00f6m\u00fc olmayan mezar tipleri var. Ancak kendisi ad\u0131na bir mezar an\u0131s\u0131na in\u015fa edilmi\u015f olabilir mi acaba diye d\u00fc\u015f\u00fcnd\u00fck. Fakat bunu bize g\u00f6sterecek olan kan\u0131t, i\u00e7inden \u00e7\u0131kan malzemenin Aratos d\u00f6nemiyle ilintisiydi. \u0130\u00e7inden \u00e7\u0131kan malzemenin Aratos d\u00f6nemiyle ilgisi yok. M\u00d6 1 y\u00fczy\u0131la kadar inen buluntulardan s\u00f6z ediliyor. Onun d\u0131\u015f\u0131nda M\u00d6 3. y\u00fczy\u0131lla aras\u0131nda 200 sene var. Yap\u0131n\u0131n o d\u00f6nemle alakas\u0131 olmad\u0131\u011f\u0131 arkeolojik malzemeyle de belgelenmi\u015f oldu. Dolay\u0131s\u0131yla bu Aratos&#8217;la alakas\u0131 olmayan bir konudur&#8221;&nbsp;<\/em>diye konu\u015ftu.<\/p>\n\n\n\n<p><strong>Arkeologlar\u0131n Ortak G\u00f6r\u00fc\u015f\u00fc: O Yap\u0131 Mezar De\u011fil<\/strong><\/p>\n\n\n\n<p>Aratos&#8217;un mezar\u0131n\u0131n Mersin&#8217;in Mezitli il\u00e7esindeki Soli antik kentinde oldu\u011fu iddialar\u0131na \u00e7e\u015fitli \u00fcniversitelerden akademisyenler aksi g\u00f6r\u00fc\u015f bildirilerek s\u00f6z konusu yap\u0131n\u0131n mezar olmad\u0131\u011f\u0131 belirtildi.<\/p>\n\n\n\n<p>Prof. Dr. Remzi Ya\u011fc\u0131, Soli&#8217;de y\u0131llarca yapt\u0131\u011f\u0131 kaz\u0131n\u0131n Aratos&#8217;un mezar\u0131 oldu\u011funu bas\u0131na ve kamuoyuna a\u00e7\u0131klam\u0131\u015ft\u0131.&nbsp;&nbsp;Ancak kaz\u0131lan yap\u0131n\u0131n mezar olmad\u0131\u011f\u0131 y\u00f6n\u00fcnde g\u00f6r\u00fc\u015fler var.<\/p>\n\n\n\n<p>Dokuz Eyl\u00fcl \u00dcniversitesi M\u00fczecilik B\u00f6l\u00fcm\u00fc&#8217;nden Prof. Dr. Remzi Ya\u011fc\u0131, Soli (Pompeipolis) kentinin s\u0131n\u0131rlar\u0131 i\u00e7erisinde ve antik liman\u0131n yan\u0131 ba\u015f\u0131nda kaz\u0131s\u0131n\u0131 yapt\u0131\u011f\u0131 yap\u0131n\u0131n filozof Aratos&#8217;un mezar\u0131 oldu\u011funu a\u00e7\u0131klam\u0131\u015ft\u0131. Aratos&#8217;un Solili oldu\u011funu da iddia eden Prof. Dr. Remzi Ya\u011fc\u0131&#8217;n\u0131n kazd\u0131\u011f\u0131 yerin Aratos&#8217;un mezar\u0131 olmad\u0131\u011f\u0131, hatta mezar bile olmad\u0131\u011f\u0131na dair g\u00f6r\u00fc\u015flerin ortaya konulmaya ba\u015fland\u0131.<\/p>\n\n\n\n<p>Kar\u015f\u0131 iddialar \u00fczerine Prof. Dr. Remzi Ya\u011fc\u0131, a\u00e7\u0131klamalar\u0131nda y\u00f6n de\u011fi\u015ftirerek,&nbsp;<em>&#8220;Tarsus do\u011fumlu \u015fair, matematik\u00e7i ve g\u00f6kbilimci Aratos<\/em>&#8221; diye ifade ederken, kaz\u0131s\u0131n\u0131 yapt\u0131\u011f\u0131 yap\u0131ya dair ise,&nbsp;<em>&#8220;Bu mezar Aratos&#8217;a da ait olabilir ba\u015fkas\u0131na&#8221;<\/em>&nbsp;da \u015feklinde a\u00e7\u0131klamalarda bulundu.<\/p>\n\n\n\n<p>Prof. Dr. Remzi Ya\u011fc\u0131 bu a\u00e7\u0131klamalar\u0131yla \u00f6nceki iddialar\u0131ndan vaz ge\u00e7me e\u011filimine girdi\u011fi anla\u015f\u0131lmaktad\u0131r. \u00c7e\u015fitli \u00fcniversitelerden akademisyenler de Prof. Dr. Remzi Ya\u011fc\u0131&#8217;n\u0131n kazd\u0131\u011f\u0131 yerin mezar olmad\u0131 g\u00f6r\u00fc\u015f\u00fcn\u00fc dile getirerek, s\u00f6z konusu yap\u0131n\u0131n mezar olmad\u0131\u011f\u0131, bal\u0131k deposu (Macellum), tah\u0131l ambar\u0131 ya da bu\u011fday silosu (Granarium) olabilece\u011fi belirtilmektedir.<\/p>\n\n\n\n<p>Ayr\u0131ca Soli antik kentinin liman\u0131na yak\u0131nl\u0131\u011f\u0131 nedeniyle g\u00f6zetleme kulesi ya da deniz feneri olabilece\u011fi g\u00f6r\u00fc\u015f\u00fc de \u00f6ne s\u00fcr\u00fclmektedir.<\/p>\n\n\n\n<p>Aratos&#8217;un mezar\u0131 diye kaz\u0131lan yerin mezar bile olmad\u0131\u011f\u0131 konusundaki arkeologlar\u0131n g\u00f6r\u00fc\u015fleri \u015fu \u015fekildedir;<\/p>\n\n\n\n<p><strong>Prof. Dr. Mustafa \u015eahin (Uluda\u011f \u00dcniversitesi Arkeoloji B\u00f6l\u00fcm\u00fc)<\/strong><\/p>\n\n\n\n<p><em>Bu yap\u0131 i\u00e7in Ben de mezar demiyorum. Bal\u0131k deposu Macellum olmal\u0131. Benzer \u00f6rne\u011fi Perge&#8217;de var. Tabandaki su giderine i\u015faret edilebilir. Yap\u0131n\u0131n mezar oldu\u011funu d\u00fc\u015f\u00fcnm\u00fcyorum.<\/em><\/p>\n\n\n\n<p><em>E\u011fer limanda dolgu varsa, 2. evre olarak liman feneri ya da g\u00f6zetleme kulesi olarak de\u011ferlendirilebilir. Ama ilk evresi g\u00f6sterdi\u011fim detaylardan dolay\u0131 Macellum olarak de\u011ferlendirilebilir.<\/em><\/p>\n\n\n\n<p><strong>Prof. Dr. Mehmet Tekocak (Sel\u00e7uk \u00dcniversitesi Arkeoloji B\u00f6l\u00fcm\u00fc)<\/strong><\/p>\n\n\n\n<p><em>&#8220;Oras\u0131 mezar de\u011fil. Ben bu yap\u0131n\u0131n tah\u0131l ambar\u0131 olabilece\u011fini s\u00f6yl\u00fcyorum.&#8221;<\/em><\/p>\n\n\n\n<p><strong>Arkeolog H\u00fcseyin Ad\u0131belli (Avi Evran \u00dcniversitesi Arekeoloji B\u00f6l\u00fcm\u00fc Emekli \u00d6\u011frt. G\u00f6rv.)<\/strong><\/p>\n\n\n\n<p><em>&#8220;Soli&#8217;deki bu yer mezar da olabilir ba\u015fka bir \u015fey de. Ama bu geni\u015flik Granarium&#8217;a da benziyor. Yani bir liman kentinde olmas\u0131 gerekli bu\u011fday silosu. A\u015fa\u011f\u0131daki (dromos) delik bunu \u00e7a\u011fr\u0131\u015ft\u0131r\u0131yor.&#8221;<\/em><\/p>\n\n\n\n<p>\u00d6te yandan, Aratos d\u00f6nemiyle ilgisi olmayan s\u00f6z konusu yap\u0131n\u0131n mezar olmad\u0131\u011f\u0131 belirtilirken, Kilikya b\u00f6lgesinde dairesel formda ne mezar ne de an\u0131t mezar olmad\u0131\u011f\u0131 da ifade edildi.<\/p>\n\n\n\n<p>Aratos&#8217;a dair g\u00f6r\u00fc\u015flerini ifade eden Tarsus&#8217;ta yay\u0131nlanan Aratos dergisi yay\u0131n y\u00f6netmeni gazeteci-yazar U\u011fur Pi\u015fmanl\u0131k ise, G\u00f6kbilimci filozof Aratos&#8217;un Tarsuslu oldu\u011funu belirterek, &#8220;Tarsuslu filozof Aratos&#8217;un mezar\u0131n\u0131n Soli&#8217;de olmad\u0131\u011f\u0131, ancak onun \u00fczerinden yap\u0131lan sansasyonla bu de\u011ferli filozof, bir turizm malzemesine d\u00f6n\u00fc\u015ft\u00fcrmeye \u00e7al\u0131\u015f\u0131lm\u0131\u015ft\u0131r. \u00dcniversitenin Tarsuslu filozof Aratos&#8217;un mezar\u0131n\u0131n Soli&#8217;de olmad\u0131\u011f\u0131 g\u00f6r\u00fc\u015f\u00fcne kat\u0131l\u0131yorum. Aratos&#8217;\u0131n mezar\u0131 Makedonya&#8217;dad\u0131r. Aratos dergisi olarak Aratos&#8217;un mezar\u0131yla de\u011fil, felsefesiyle ilgilendik. Ortada bir mezar olmad\u0131\u011f\u0131 bir kez daha g\u00f6r\u00fclm\u00fc\u015f oldu&#8221; diye konu\u015ftu.<\/p>\n","protected":false},"excerpt":{"rendered":"<p>\u00dclkemiz uygarl\u0131klar ve arkeolojik de\u011ferler a\u00e7\u0131s\u0131ndan olduk\u00e7a zengin. Anadolu, d\u00fcnyan\u0131n a\u00e7\u0131k hava m\u00fczesi gibidir. Yaz aylar\u0131 T\u00fcrkiye&#8217;nin \u00e7e\u015fitli kentlerinde yerli ve yabanc\u0131 ekiplerce yap\u0131lan arkeolojik kaz\u0131larla dolu. Ayn\u0131 \u015fekilde b\u00f6lgemizde de Adana&#8217;da Tatarl\u0131 H\u00f6y\u00fck, Tarsus&#8217;ta G\u00f6zlukule H\u00f6y\u00fc\u011f\u00fc, Mersin&#8217;de Soli ve Yumuktepe gibi alanlarda arkeolojik kaz\u0131lar \u00e7e\u015fitli \u00fcniversitelerce y\u00fcr\u00fct\u00fclmektedir. \u00d6te yandan Soli&#8217;de Aratos&#8217;un mezar\u0131 oldu\u011fu iddias\u0131yla [&hellip;]<\/p>\n","protected":false},"author":2,"featured_media":34522,"comment_status":"closed","ping_status":"closed","sticky":false,"template":"","format":"standard","meta":{"footnotes":""},"categories":[34,2,3],"tags":[],"class_list":["post-34521","post","type-post","status-publish","format-standard","has-post-thumbnail","hentry","category-flas-haber","category-gundem","category-manset"],"views":50,"_links":{"self":[{"href":"https:\/\/mersinkadingazetesi.com\/index.php?rest_route=\/wp\/v2\/posts\/34521"}],"collection":[{"href":"https:\/\/mersinkadingazetesi.com\/index.php?rest_route=\/wp\/v2\/posts"}],"about":[{"href":"https:\/\/mersinkadingazetesi.com\/index.php?rest_route=\/wp\/v2\/types\/post"}],"author":[{"embeddable":true,"href":"https:\/\/mersinkadingazetesi.com\/index.php?rest_route=\/wp\/v2\/users\/2"}],"replies":[{"embeddable":true,"href":"https:\/\/mersinkadingazetesi.com\/index.php?rest_route=%2Fwp%2Fv2%2Fcomments&post=34521"}],"version-history":[{"count":1,"href":"https:\/\/mersinkadingazetesi.com\/index.php?rest_route=\/wp\/v2\/posts\/34521\/revisions"}],"predecessor-version":[{"id":34523,"href":"https:\/\/mersinkadingazetesi.com\/index.php?rest_route=\/wp\/v2\/posts\/34521\/revisions\/34523"}],"wp:featuredmedia":[{"embeddable":true,"href":"https:\/\/mersinkadingazetesi.com\/index.php?rest_route=\/wp\/v2\/media\/34522"}],"wp:attachment":[{"href":"https:\/\/mersinkadingazetesi.com\/index.php?rest_route=%2Fwp%2Fv2%2Fmedia&parent=34521"}],"wp:term":[{"taxonomy":"category","embeddable":true,"href":"https:\/\/mersinkadingazetesi.com\/index.php?rest_route=%2Fwp%2Fv2%2Fcategories&post=34521"},{"taxonomy":"post_tag","embeddable":true,"href":"https:\/\/mersinkadingazetesi.com\/index.php?rest_route=%2Fwp%2Fv2%2Ftags&post=34521"}],"curies":[{"name":"wp","href":"https:\/\/api.w.org\/{rel}","templated":true}]}}