{"id":34524,"date":"2024-08-15T11:38:47","date_gmt":"2024-08-15T08:38:47","guid":{"rendered":"https:\/\/mersinkadingazetesi.com\/?p=34524"},"modified":"2024-08-15T11:38:48","modified_gmt":"2024-08-15T08:38:48","slug":"sehidimizi-unutmadik","status":"publish","type":"post","link":"https:\/\/mersinkadingazetesi.com\/?p=34524","title":{"rendered":"\u015eehidimizi Unutmad\u0131k"},"content":{"rendered":"\n<p>14 A\u011fustos 2021 de Kahramanmara\u015f&#8217;ta meydana gelen orman yang\u0131n\u0131na m\u00fcdahale esnas\u0131nda k\u0131r\u0131ma u\u011frayan yang\u0131n s\u00f6nd\u00fcrme u\u00e7a\u011f\u0131nda g\u00f6revli Orman M\u00fchendisi O\u011fuz Av\u015far AYDIN ve beraberindeki, yabanc\u0131 uyruklu 5 m\u00fcrettebat ile 2 T\u00fcrk uyruklu m\u00fcrettebat\u0131m\u0131z olmak \u00fczere toplam 8 personelimiz \u015fehit olmu\u015ftur.<\/p>\n\n\n\n<p>Ye\u015fil Vatan&#8217;\u0131m\u0131z\u0131 can\u0131 pahas\u0131na korurken \u015fehit olan Orman M\u00fchendisi O\u011fuz Av\u015far AYDIN\u2019\u0131 \u015fehadetinin sene-i devriyesinde Kuran&#8217;\u0131 Kerim tilaveti ve dualar e\u015fli\u011finde mezar\u0131 ba\u015f\u0131nda ziyaret ettik.<\/p>\n\n\n\n<p>Ye\u015fil Vatan i\u00e7in m\u00fccadele ederken \u015fehit olan b\u00fct\u00fcn personelimizi sayg\u0131 ve minnetle yad ediyoruz. Ruhlar\u0131 \u015fad olsun.<\/p>\n","protected":false},"excerpt":{"rendered":"<p>14 A\u011fustos 2021 de Kahramanmara\u015f&#8217;ta meydana gelen orman yang\u0131n\u0131na m\u00fcdahale esnas\u0131nda k\u0131r\u0131ma u\u011frayan yang\u0131n s\u00f6nd\u00fcrme u\u00e7a\u011f\u0131nda g\u00f6revli Orman M\u00fchendisi O\u011fuz Av\u015far AYDIN ve beraberindeki, yabanc\u0131 uyruklu 5 m\u00fcrettebat ile 2 T\u00fcrk uyruklu m\u00fcrettebat\u0131m\u0131z olmak \u00fczere toplam 8 personelimiz \u015fehit olmu\u015ftur. Ye\u015fil Vatan&#8217;\u0131m\u0131z\u0131 can\u0131 pahas\u0131na korurken \u015fehit olan Orman M\u00fchendisi O\u011fuz Av\u015far AYDIN\u2019\u0131 \u015fehadetinin sene-i devriyesinde [&hellip;]<\/p>\n","protected":false},"author":2,"featured_media":34525,"comment_status":"closed","ping_status":"closed","sticky":false,"template":"","format":"standard","meta":{"footnotes":""},"categories":[3],"tags":[],"class_list":["post-34524","post","type-post","status-publish","format-standard","has-post-thumbnail","hentry","category-manset"],"views":10,"_links":{"self":[{"href":"https:\/\/mersinkadingazetesi.com\/index.php?rest_route=\/wp\/v2\/posts\/34524"}],"collection":[{"href":"https:\/\/mersinkadingazetesi.com\/index.php?rest_route=\/wp\/v2\/posts"}],"about":[{"href":"https:\/\/mersinkadingazetesi.com\/index.php?rest_route=\/wp\/v2\/types\/post"}],"author":[{"embeddable":true,"href":"https:\/\/mersinkadingazetesi.com\/index.php?rest_route=\/wp\/v2\/users\/2"}],"replies":[{"embeddable":true,"href":"https:\/\/mersinkadingazetesi.com\/index.php?rest_route=%2Fwp%2Fv2%2Fcomments&post=34524"}],"version-history":[{"count":1,"href":"https:\/\/mersinkadingazetesi.com\/index.php?rest_route=\/wp\/v2\/posts\/34524\/revisions"}],"predecessor-version":[{"id":34526,"href":"https:\/\/mersinkadingazetesi.com\/index.php?rest_route=\/wp\/v2\/posts\/34524\/revisions\/34526"}],"wp:featuredmedia":[{"embeddable":true,"href":"https:\/\/mersinkadingazetesi.com\/index.php?rest_route=\/wp\/v2\/media\/34525"}],"wp:attachment":[{"href":"https:\/\/mersinkadingazetesi.com\/index.php?rest_route=%2Fwp%2Fv2%2Fmedia&parent=34524"}],"wp:term":[{"taxonomy":"category","embeddable":true,"href":"https:\/\/mersinkadingazetesi.com\/index.php?rest_route=%2Fwp%2Fv2%2Fcategories&post=34524"},{"taxonomy":"post_tag","embeddable":true,"href":"https:\/\/mersinkadingazetesi.com\/index.php?rest_route=%2Fwp%2Fv2%2Ftags&post=34524"}],"curies":[{"name":"wp","href":"https:\/\/api.w.org\/{rel}","templated":true}]}}