{"id":34530,"date":"2024-08-15T11:42:31","date_gmt":"2024-08-15T08:42:31","guid":{"rendered":"https:\/\/mersinkadingazetesi.com\/?p=34530"},"modified":"2024-08-15T11:42:31","modified_gmt":"2024-08-15T08:42:31","slug":"egitim-siyasetin-arka-bahcesi-olamaz","status":"publish","type":"post","link":"https:\/\/mersinkadingazetesi.com\/?p=34530","title":{"rendered":"&#8220;E\u011e\u0130T\u0130M S\u0130YASET\u0130N ARKA BAH\u00c7ES\u0130 OLAMAZ&#8221;"},"content":{"rendered":"\n<p>Mersin Milletvekili G\u00fclcan K\u0131\u015f, Tarsus \u0130l\u00e7e Milli E\u011fitim M\u00fcd\u00fcr\u00fc Mustafa Anteplio\u011flu&#8217;nun atan\u0131r atanmaz okul m\u00fcd\u00fcrlerini yan\u0131na al\u0131p Mersin AKP \u0130l Ba\u015fkanl\u0131\u011f\u0131n\u0131 ziyaret etmesine sert tepki g\u00f6sterdi. K\u0131\u015f, &#8220;Tarsus il\u00e7emizde e\u011fitimde ve okullarda b\u00fct\u00fcn sorunlar bitmi\u015f gibi Anteplio\u011flu&#8217;nun i\u015f g\u00fcc\u00fc b\u0131rak\u0131p AKP \u0130l Ba\u015fkanl\u0131\u011f\u0131na ko\u015fmas\u0131 e\u011fitimdeki ba\u015far\u0131s\u0131zl\u0131\u011f\u0131m\u0131z\u0131n kan\u0131t\u0131 niteli\u011findedir&#8221; dedi.<\/p>\n\n\n\n<p><strong>ANKARA\/\/\/<\/strong><\/p>\n\n\n\n<p>Mersin Milletvekili G\u00fclcan K\u0131\u015f, Tarsus \u0130l\u00e7e Milli E\u011fitim M\u00fcd\u00fcrl\u00fc\u011f\u00fcne atanan Mustafa Anteplio\u011flu&#8217;nun 40&#8217;a yak\u0131n okul m\u00fcd\u00fcr\u00fcn\u00fc al\u0131p Mersin AKP \u0130l Ba\u015fkanl\u0131\u011f\u0131n\u0131 ziyaret etmesini ele\u015ftirdi.&nbsp; Anteplio\u011flu ve okul m\u00fcd\u00fcrlerinin devlet memuru oldu\u011funu hat\u0131rlatan K\u0131\u015f, &#8220;Biz beklerdik ki Anteplio\u011flu, okullar\u0131 ziyaret etsin, okullar\u0131n ve \u00f6\u011frencilerin eksiklerini belirlesin ve \u00e7\u00f6z\u00fcm \u00fcretsin.&nbsp; Kendisi bunun yerine AKP \u0130l Ba\u015fkanl\u0131\u011f\u0131nda foto\u011fraf vermeyi tercih etti. Bu ziyaret e\u011fitim sistemimizin tarafs\u0131zl\u0131k ve liyakat ilkelerine olan inanc\u0131 zedeleyen, kabul edilemez bir olayd\u0131r&#8221; ifadelerini kulland\u0131.<\/p>\n\n\n\n<p><strong>&#8220;E\u011e\u0130T\u0130M S\u0130YASET\u0130N ARKA BAH\u00c7ES\u0130 OLAMAZ&#8221;<\/strong><\/p>\n\n\n\n<p>Milli E\u011fitimin siyaset \u00fcst\u00fc olmas\u0131 gerekti\u011fini, idarecilerin de herkese e\u015fit mesafede yakla\u015fmas\u0131 gerekti\u011fini kaydeden K\u0131\u015f, \u015f\u00f6yle devam etti:<\/p>\n\n\n\n<p>&#8220;\u00d6zellikle okul m\u00fcd\u00fcrlerinin zorunlu olarak bu davete icap etmesi, siyasi bask\u0131 ve dayatman\u0131n bir g\u00f6stergesidir. E\u011fitim siyasetin arka bah\u00e7esi olamaz. Okullar bilimin ve \u00e7a\u011fda\u015f e\u011fitimin yuvas\u0131 olmal\u0131d\u0131r. Gelece\u011fimizi \u00e7a\u011fda\u015f bir \u015fekilde in\u015fa etmenin tek yolu budur. \u0130dareciler de bu bilin\u00e7le hareket etmelidir.&nbsp; Okullar\u0131n siyasetin arka bah\u00e7esi haline getirilmesi, gelece\u011fimizin teminat\u0131 olan \u00e7ocuklar\u0131m\u0131z\u0131n e\u011fitim kalitesini olumsuz y\u00f6nde etkileyecektir.&#8221;<\/p>\n\n\n\n<p><strong>DEVLET\u0130N \u00c7\u0130V\u0130S\u0130 \u00c7IKTI<\/strong><\/p>\n\n\n\n<p>Tarsus&#8217;ta e\u011fitimde, okullarda b\u00fct\u00fcn sorunlar bitmi\u015f gibi Anteplio\u011flu&#8217;nun i\u015f g\u00fcc\u00fc b\u0131rak\u0131p AKP \u0130l Ba\u015fkanl\u0131\u011f\u0131na ko\u015fmas\u0131 e\u011fitimdeki ba\u015far\u0131s\u0131zl\u0131\u011f\u0131m\u0131z\u0131n kan\u0131t\u0131 niteli\u011findedir. Anteplio\u011flu, AKP&#8217;nin de\u011fil, Tarsus&#8217;un il\u00e7e milli e\u011fitim m\u00fcd\u00fcr\u00fcd\u00fcr. Biz &#8216;devletin \u00e7ivisi \u00e7\u0131kt\u0131&#8217; derken kastetti\u011fimiz tam da bu foto\u011fraft\u0131r. E\u011fitim kalitesini y\u00fckseltmenin yolunu AKP \u0130l Ba\u015fkanl\u0131\u011f\u0131&#8217;nda g\u00f6ren bu zihniyetin ne \u00e7ocuklar\u0131m\u0131za ne de Tarsus&#8217;a verece\u011fi hi\u00e7bir \u015fey yoktur!&#8221;<\/p>\n\n\n\n<p><strong>&#8220;BASKILAR SON BULSUN&#8221;<\/strong><\/p>\n\n\n\n<p>E\u011fitimin siyasetten ar\u0131nd\u0131r\u0131lmas\u0131 ve liyakat ilkesinin g\u00f6zetilmesi i\u00e7in m\u00fccadelelerini s\u00fcrd\u00fcreceklerini belirten K\u0131\u015f, &#8220;E\u011fitimde tarafs\u0131zl\u0131k, adalet ve e\u015fitlik ilkelerine sonuna kadar sahip \u00e7\u0131kaca\u011f\u0131z. Yetkilileri, bu t\u00fcr uygulamalardan derhal vazge\u00e7meye ve e\u011fitim camias\u0131na y\u00f6nelik bask\u0131lar\u0131n\u0131 sonland\u0131rmaya davet ediyorum&#8221; dedi.<\/p>\n","protected":false},"excerpt":{"rendered":"<p>Mersin Milletvekili G\u00fclcan K\u0131\u015f, Tarsus \u0130l\u00e7e Milli E\u011fitim M\u00fcd\u00fcr\u00fc Mustafa Anteplio\u011flu&#8217;nun atan\u0131r atanmaz okul m\u00fcd\u00fcrlerini yan\u0131na al\u0131p Mersin AKP \u0130l Ba\u015fkanl\u0131\u011f\u0131n\u0131 ziyaret etmesine sert tepki g\u00f6sterdi. K\u0131\u015f, &#8220;Tarsus il\u00e7emizde e\u011fitimde ve okullarda b\u00fct\u00fcn sorunlar bitmi\u015f gibi Anteplio\u011flu&#8217;nun i\u015f g\u00fcc\u00fc b\u0131rak\u0131p AKP \u0130l Ba\u015fkanl\u0131\u011f\u0131na ko\u015fmas\u0131 e\u011fitimdeki ba\u015far\u0131s\u0131zl\u0131\u011f\u0131m\u0131z\u0131n kan\u0131t\u0131 niteli\u011findedir&#8221; dedi. ANKARA\/\/\/ Mersin Milletvekili G\u00fclcan K\u0131\u015f, Tarsus [&hellip;]<\/p>\n","protected":false},"author":2,"featured_media":34531,"comment_status":"closed","ping_status":"closed","sticky":false,"template":"","format":"standard","meta":{"footnotes":""},"categories":[34,2,3,5],"tags":[],"class_list":["post-34530","post","type-post","status-publish","format-standard","has-post-thumbnail","hentry","category-flas-haber","category-gundem","category-manset","category-mersin"],"views":7,"_links":{"self":[{"href":"https:\/\/mersinkadingazetesi.com\/index.php?rest_route=\/wp\/v2\/posts\/34530"}],"collection":[{"href":"https:\/\/mersinkadingazetesi.com\/index.php?rest_route=\/wp\/v2\/posts"}],"about":[{"href":"https:\/\/mersinkadingazetesi.com\/index.php?rest_route=\/wp\/v2\/types\/post"}],"author":[{"embeddable":true,"href":"https:\/\/mersinkadingazetesi.com\/index.php?rest_route=\/wp\/v2\/users\/2"}],"replies":[{"embeddable":true,"href":"https:\/\/mersinkadingazetesi.com\/index.php?rest_route=%2Fwp%2Fv2%2Fcomments&post=34530"}],"version-history":[{"count":1,"href":"https:\/\/mersinkadingazetesi.com\/index.php?rest_route=\/wp\/v2\/posts\/34530\/revisions"}],"predecessor-version":[{"id":34532,"href":"https:\/\/mersinkadingazetesi.com\/index.php?rest_route=\/wp\/v2\/posts\/34530\/revisions\/34532"}],"wp:featuredmedia":[{"embeddable":true,"href":"https:\/\/mersinkadingazetesi.com\/index.php?rest_route=\/wp\/v2\/media\/34531"}],"wp:attachment":[{"href":"https:\/\/mersinkadingazetesi.com\/index.php?rest_route=%2Fwp%2Fv2%2Fmedia&parent=34530"}],"wp:term":[{"taxonomy":"category","embeddable":true,"href":"https:\/\/mersinkadingazetesi.com\/index.php?rest_route=%2Fwp%2Fv2%2Fcategories&post=34530"},{"taxonomy":"post_tag","embeddable":true,"href":"https:\/\/mersinkadingazetesi.com\/index.php?rest_route=%2Fwp%2Fv2%2Ftags&post=34530"}],"curies":[{"name":"wp","href":"https:\/\/api.w.org\/{rel}","templated":true}]}}