{"id":34537,"date":"2024-08-15T13:21:47","date_gmt":"2024-08-15T10:21:47","guid":{"rendered":"https:\/\/mersinkadingazetesi.com\/?p=34537"},"modified":"2024-08-15T13:21:48","modified_gmt":"2024-08-15T10:21:48","slug":"akdenizin-demir-yumruklari-bursa-yolcusu","status":"publish","type":"post","link":"https:\/\/mersinkadingazetesi.com\/?p=34537","title":{"rendered":"AKDEN\u0130Z\u2019\u0130N DEM\u0130R YUMRUKLARI BURSA YOLCUSU"},"content":{"rendered":"\n<p><em>Akdeniz Belediyesi E\u015f Ba\u015fkanlar\u0131 Nuriye Arslan ve Ho\u015fyar Sar\u0131y\u0131ld\u0131z, Belediye Spor Kul\u00fcb\u00fc\u2019n\u00fcn ba\u015far\u0131l\u0131 boks sporcular\u0131n\u0131 Bursa\u2019da ger\u00e7ekle\u015ftirilecek olan T\u00fcrkiye Ferdi Boks \u015eampiyonas\u0131\u2019na u\u011furlad\u0131.<\/em><\/p>\n\n\n\n<p>U\u011furlama \u00f6ncesi Akdeniz Belediye hizmet binas\u0131 \u00f6n\u00fcnde ger\u00e7ekle\u015fen bulu\u015fmaya E\u015f Ba\u015fkanlar ve 15-23 A\u011fustos tarihleri aras\u0131ndaki \u015fampiyonaya kat\u0131lacak boks sporcular\u0131n\u0131n yan\u0131 s\u0131ra, ba\u015fkan yard\u0131mc\u0131lar\u0131 ve Meclis \u00fcyeleri, Akdeniz Belediye Spor Kul\u00fcb\u00fc Ba\u015fkan\u0131 Nuri Ay, antren\u00f6r Nas\u0131r Kandemir ile birlikte belediye personeli kat\u0131ld\u0131.<\/p>\n\n\n\n<p>\u201cMadalyalarla d\u00f6nece\u011fimize inan\u0131yoruz\u201d<\/p>\n\n\n\n<p>Seyahat \u00f6ncesi bir a\u00e7\u0131klama yapan Akdeniz Belediye Spor Kul\u00fcb\u00fc Ba\u015fkan\u0131 Nuri Ay; \u201cBursa\u2019da d\u00fczenlenecek olan T\u00fcrkiye Ferdi Boks \u015eampiyonas\u0131\u2019nda ba\u015far\u0131l\u0131 sporcular\u0131m\u0131zla birlikte yer alaca\u011f\u0131z. Sporcular\u0131m\u0131za g\u00fcveniyoruz. Bu s\u00fcre\u00e7te eme\u011fi ge\u00e7en Akdeniz Belediyesi E\u015f Ba\u015fkanlar\u0131m\u0131z Say\u0131n Ho\u015fyar Sar\u0131y\u0131ld\u0131z ve Say\u0131n Nuriye Arslan\u2019a, spor kul\u00fcb\u00fcm\u00fcze verdikleri desteklerden dolay\u0131 \u00e7ok te\u015fekk\u00fcr ediyoruz\u201d dedi.&nbsp;<\/p>\n\n\n\n<p>Akdeniz Belediye Spor Kul\u00fcb\u00fc Boks ve Kick Boks Antren\u00f6r\u00fc Nas\u0131r Kandemir de yapt\u0131\u011f\u0131 konu\u015fmada; \u201c\u00d6ncelikle yak\u0131n ilgilerinden, maddi ve manevi desteklerinden dolay\u0131 E\u015f Ba\u015fkanlar\u0131m\u0131za ve kul\u00fcp Ba\u015fkan\u0131m\u0131za \u00e7ok te\u015fekk\u00fcr ediyoruz. \u0130n\u015fallah bizler de Bursa\u2019da yap\u0131lacak \u015fampiyonadan madalyalarla d\u00f6nerek bu deste\u011fin kar\u015f\u0131l\u0131\u011f\u0131n\u0131 lay\u0131k\u0131yla vermek istiyoruz\u201d diye konu\u015ftu.<\/p>\n\n\n\n<p>\u201cAvrupa ve D\u00fcnya \u015fampiyonu sporcular\u0131m\u0131z var\u201d<\/p>\n\n\n\n<p>Y\u00fczlerce \u00e7ocuk ve gencin, Akdeniz Belediye Spor Kul\u00fcb\u00fc b\u00fcnyesinde farkl\u0131 spor dallar\u0131nda kurs ald\u0131\u011f\u0131n\u0131 belirten E\u015f Ba\u015fkan Ho\u015fyar Sar\u0131y\u0131ld\u0131z ise, \u201cBu sporcular\u0131m\u0131z aras\u0131nda b\u00fcy\u00fck ba\u015far\u0131lar\u0131 olan gen\u00e7lerimiz de var.<\/p>\n\n\n\n<p>Hatta Avrupa ve D\u00fcnya \u015fampiyonalar\u0131nda madalya ve kupa kazanm\u0131\u015f arkada\u015flar\u0131m\u0131z da var. Yak\u0131n zamanda Makedonya\u2019ya da giden Hatip (Emlek), bizim medar\u0131 iftihar\u0131m\u0131z\u2026 Yine \u00f6n\u00fcm\u00fczdeki aylarda da Bak\u00fc\u2019ye gidecek ve bizi yurtd\u0131\u015f\u0131nda temsil edecek. Maddi ve manevi anlamda t\u00fcm sporcular\u0131m\u0131z\u0131n yan\u0131nday\u0131z. Hepsine \u015fimdiden ba\u015far\u0131lar diliyorum\u201d dedi.<\/p>\n\n\n\n<p>\u201cMadalyalarla d\u00f6nmelerini temenni ediyoruz\u201d<\/p>\n\n\n\n<p>Akdeniz Belediyesi E\u015f Ba\u015fkan\u0131 Nuriye Arslan ise konu\u015fmas\u0131nda; \u201cSpor kul\u00fcb\u00fcm\u00fcz b\u00fcnyesinde m\u00fccadele eden ve b\u00fcy\u00fck ba\u015far\u0131lara imza atan sporcu arkada\u015flar\u0131m\u0131za her anlamda deste\u011fimiz devam edecek. Gelece\u011fimiz olan gen\u00e7lerimizin maddi manevi daima yanlar\u0131nda olaca\u011f\u0131z. Hepsine kat\u0131lacaklar\u0131 m\u00fcsabakalarda ba\u015far\u0131lar diliyor, madalyalarla d\u00f6nmelerini temenni ediyoruz\u201d ifadelerini kulland\u0131.<\/p>\n\n\n\n<p>Konu\u015fmalar\u0131n ard\u0131ndan E\u015f Ba\u015fkanlar, kul\u00fcp y\u00f6neticileri ve belediye personeli, 15-23 A\u011fustos 2024 tarihlerinde d\u00fczenlenecek olan T\u00fcrkiye Ferdi Boks \u015eampiyonas\u0131 i\u00e7in Bursa\u2019ya u\u011furlad\u0131.<\/p>\n","protected":false},"excerpt":{"rendered":"<p>Akdeniz Belediyesi E\u015f Ba\u015fkanlar\u0131 Nuriye Arslan ve Ho\u015fyar Sar\u0131y\u0131ld\u0131z, Belediye Spor Kul\u00fcb\u00fc\u2019n\u00fcn ba\u015far\u0131l\u0131 boks sporcular\u0131n\u0131 Bursa\u2019da ger\u00e7ekle\u015ftirilecek olan T\u00fcrkiye Ferdi Boks \u015eampiyonas\u0131\u2019na u\u011furlad\u0131. U\u011furlama \u00f6ncesi Akdeniz Belediye hizmet binas\u0131 \u00f6n\u00fcnde ger\u00e7ekle\u015fen bulu\u015fmaya E\u015f Ba\u015fkanlar ve 15-23 A\u011fustos tarihleri aras\u0131ndaki \u015fampiyonaya kat\u0131lacak boks sporcular\u0131n\u0131n yan\u0131 s\u0131ra, ba\u015fkan yard\u0131mc\u0131lar\u0131 ve Meclis \u00fcyeleri, Akdeniz Belediye Spor Kul\u00fcb\u00fc Ba\u015fkan\u0131 [&hellip;]<\/p>\n","protected":false},"author":2,"featured_media":34538,"comment_status":"closed","ping_status":"closed","sticky":false,"template":"","format":"standard","meta":{"footnotes":""},"categories":[10],"tags":[],"class_list":["post-34537","post","type-post","status-publish","format-standard","has-post-thumbnail","hentry","category-spor"],"views":14,"_links":{"self":[{"href":"https:\/\/mersinkadingazetesi.com\/index.php?rest_route=\/wp\/v2\/posts\/34537"}],"collection":[{"href":"https:\/\/mersinkadingazetesi.com\/index.php?rest_route=\/wp\/v2\/posts"}],"about":[{"href":"https:\/\/mersinkadingazetesi.com\/index.php?rest_route=\/wp\/v2\/types\/post"}],"author":[{"embeddable":true,"href":"https:\/\/mersinkadingazetesi.com\/index.php?rest_route=\/wp\/v2\/users\/2"}],"replies":[{"embeddable":true,"href":"https:\/\/mersinkadingazetesi.com\/index.php?rest_route=%2Fwp%2Fv2%2Fcomments&post=34537"}],"version-history":[{"count":1,"href":"https:\/\/mersinkadingazetesi.com\/index.php?rest_route=\/wp\/v2\/posts\/34537\/revisions"}],"predecessor-version":[{"id":34539,"href":"https:\/\/mersinkadingazetesi.com\/index.php?rest_route=\/wp\/v2\/posts\/34537\/revisions\/34539"}],"wp:featuredmedia":[{"embeddable":true,"href":"https:\/\/mersinkadingazetesi.com\/index.php?rest_route=\/wp\/v2\/media\/34538"}],"wp:attachment":[{"href":"https:\/\/mersinkadingazetesi.com\/index.php?rest_route=%2Fwp%2Fv2%2Fmedia&parent=34537"}],"wp:term":[{"taxonomy":"category","embeddable":true,"href":"https:\/\/mersinkadingazetesi.com\/index.php?rest_route=%2Fwp%2Fv2%2Fcategories&post=34537"},{"taxonomy":"post_tag","embeddable":true,"href":"https:\/\/mersinkadingazetesi.com\/index.php?rest_route=%2Fwp%2Fv2%2Ftags&post=34537"}],"curies":[{"name":"wp","href":"https:\/\/api.w.org\/{rel}","templated":true}]}}