{"id":34549,"date":"2024-08-16T09:55:10","date_gmt":"2024-08-16T06:55:10","guid":{"rendered":"https:\/\/mersinkadingazetesi.com\/?p=34549"},"modified":"2024-08-16T09:55:10","modified_gmt":"2024-08-16T06:55:10","slug":"kirsal-mahalle-bulusmalari-ile-kadinlar-mersini-yeniden-kesfediyor","status":"publish","type":"post","link":"https:\/\/mersinkadingazetesi.com\/?p=34549","title":{"rendered":"KIRSAL MAHALLE BULU\u015eMALARI \u0130LE KADINLAR, MERS\u0130N&#8217;\u0130 YEN\u0130DEN KE\u015eFED\u0130YOR"},"content":{"rendered":"\n<p>Mersin B\u00fcy\u00fck\u015fehir Belediyesi&#8217;nin Kad\u0131n ve Aile Hizmetleri Dairesi Ba\u015fkanl\u0131\u011f\u0131 koordinesinde ger\u00e7ekle\u015ftirdi\u011fi k\u00fclt\u00fcr gezilerinin bir par\u00e7as\u0131 olan&nbsp;<strong>&#8216;K\u0131rsal Mahalle Bulu\u015fmalar\u0131&#8217;&nbsp;<\/strong>n\u0131n yeni dura\u011f\u0131 Tarsus \u0130l\u00e7esine ba\u011fl\u0131 Dar\u0131p\u0131nar\u0131 Mahallesi oldu. Etkinli\u011fe; merkezden Akbelen ve Bah\u00e7elievler Mahallesinden kad\u0131nlar\u0131n yan\u0131 s\u0131ra STK temsilcileri ve Tarsus&#8217;tan \u00fcretici kad\u0131nlar kat\u0131ld\u0131.&nbsp;<\/p>\n\n\n\n<p>Merkezde ya\u015fayan kad\u0131nlar\u0131n Mersin&#8217;in tarihi ve \u00f6ren yerlerini ke\u015ffederek \u015fehre farkl\u0131 bir g\u00f6zle bakmalar\u0131n\u0131 sa\u011flamak amac\u0131yla d\u00fczenlenen gezide kad\u0131nlar, il\u00e7e ile \u00f6zde\u015fle\u015fen Toros Da\u011flar\u0131&#8217;n\u0131n do\u011fal g\u00fczellikleri yak\u0131ndan tan\u0131ma f\u0131rsat\u0131 buldular.<\/p>\n\n\n\n<p>Bulu\u015fma kapsam\u0131nda \u00f6nce piknik yapan kad\u0131nlar, y\u00f6re halk\u0131n\u0131n \u00fcretici stantlar\u0131n\u0131 gezerek organik \u00fcr\u00fcnlerden incir, elma, k\u0131z\u0131lc\u0131k, \u015feftali, hurma, meyve kurular\u0131 gibi \u00fcr\u00fcnler sat\u0131n ald\u0131. Dar\u0131p\u0131nar\u0131&#8217;n\u0131n ye\u015fil ortam\u0131 ve serin havas\u0131na hayran kad\u0131nlar, Karage\u00e7it mevkiinde e\u015fsiz bir do\u011fa turu yaparak gezilerini sonland\u0131rd\u0131lar.&nbsp;<\/p>\n\n\n\n<p><strong>Sert: &#8220;Projemiz kapsam\u0131nda \u00fcretici kad\u0131nlar\u0131 destekliyor, y\u00f6resel \u00fcr\u00fcnleri tan\u0131t\u0131yoruz&#8221;<\/strong><\/p>\n\n\n\n<p>B\u00fcy\u00fck\u015fehir Belediyesi Kad\u0131n ve Aile Hizmetleri Dairesi Ba\u015fkanl\u0131\u011f\u0131&#8217;ndan Burcu Sert,&nbsp;<strong>&#8216;K\u0131rsal Mahalle Bulu\u015fmalar\u0131&#8217;<\/strong>&nbsp;kapsam\u0131nda merkezdeki kad\u0131nlar\u0131 il\u00e7elerde misafir ederek k\u00f6ylerdeki \u00fcretimle tan\u0131\u015ft\u0131rd\u0131klar\u0131n\u0131 ifade etti. B\u00fcy\u00fck\u015fehir olarak k\u00f6ylerde \u00fcretim yapan \u00fcretici kad\u0131nlar\u0131 da bu sayede desteklediklerini aktaran Sert,&nbsp;<strong>&#8220;Bu sayede projemiz kapsam\u0131nda k\u00f6yde yeti\u015fen \u00fcr\u00fcnlerimizi de tan\u0131tm\u0131\u015f oluyoruz. Bulu\u015fmam\u0131z\u0131n bir di\u011fer amac\u0131 da merkezde bulunan alanlar\u0131 gezdirmek. Misafirlerimiz Karage\u00e7it&#8217;te k\u0131sa bir do\u011fa y\u00fcr\u00fcy\u00fc\u015f\u00fc de yapt\u0131lar. Kad\u0131nlar\u0131n hem sosyalle\u015fmelerini sa\u011flad\u0131\u011f\u0131m\u0131z hem de temiz ve sa\u011fl\u0131kl\u0131 g\u0131daya ula\u015ft\u0131rmak ama\u00e7l\u0131 yapt\u0131\u011f\u0131m\u0131z bulu\u015fmalar\u0131m\u0131z\u0131n devam\u0131 gelecek&#8221;<\/strong>&nbsp;dedi.<\/p>\n\n\n\n<p><strong>Muhtar \u0130nce: &#8220;Etkinlikte kad\u0131nlar hem sohbet edip kayna\u015ft\u0131 hem de k\u00fclt\u00fcrlerini payla\u015ft\u0131&#8221;<\/strong><\/p>\n\n\n\n<p>Etkinli\u011fin kad\u0131nlar\u0131n sosyalle\u015fmesine katk\u0131 sundu\u011funu ve g\u00fczel bir g\u00fcn ge\u00e7irdiklerini belirten Akbelen Mahallesi Muhtar\u0131 Merve Meral \u0130nce,&nbsp;<strong>&#8220;Harika bir gezinin ard\u0131ndan Tarsus&#8217;un g\u00fczel bir k\u00f6y\u00fcn\u00fc gezdik. Karage\u00e7it&#8217;te y\u00fcr\u00fcy\u00fc\u015f yapt\u0131k. Kad\u0131nlarla sohbet edip, sosyalle\u015ftik. Birbirimizle kayna\u015ft\u0131k. Bilmediklerimizi, \u00f6\u011frenmek istediklerimizi, k\u00fclt\u00fcrlerimizi payla\u015ft\u0131k&#8221;&nbsp;<\/strong>diyerek bu imkan\u0131 yaratan B\u00fcy\u00fck\u015fehir Belediyesi&#8217;ne te\u015fekk\u00fcr etti.<\/p>\n\n\n\n<p><strong>\u0130l\u00e7enin ye\u015fil ortam\u0131na hayran kalan kad\u0131nlar, yeni yerler g\u00f6rmenin mutlulu\u011funu ya\u015fad\u0131lar<\/strong><\/p>\n\n\n\n<p>Bisikletli ula\u015f\u0131m\u0131n yayg\u0131nla\u015ft\u0131r\u0131lmas\u0131 i\u00e7in \u00e7al\u0131\u015fmalar yapan aktivist Ebru Petek Budur, etkinli\u011fi \u00e7ok be\u011fendi\u011fini, \u00f6zellikle \u015fehir merkezinin kalabal\u0131\u011f\u0131ndan uzakla\u015farak, do\u011fa ile i\u00e7 i\u00e7e zaman ge\u00e7irdiklerini belirtti. Budur, etkinlikle ilgili duygular\u0131n\u0131;&nbsp;<strong>&#8220;\u015eehirden bu kadar uzakta, b\u00f6yle m\u00fcthi\u015f bir do\u011fan\u0131n i\u00e7erisinde bu y\u00f6renin insanlar\u0131n\u0131n yeti\u015ftirdi\u011fi \u00fcr\u00fcnlere ula\u015fmam\u0131z ve yerelde \u00fcreticilerin kalk\u0131nmas\u0131na da ufak da olsa bir katk\u0131da bulunmam\u0131z \u00e7ok k\u0131ymetli. B\u00f6yle ziyaretlerimiz ilk olarak Dar\u0131sekisi ile ba\u015flam\u0131\u015ft\u0131. S\u0131k s\u0131k mahalle ve il\u00e7e gezileri ile yereldeki insanlar\u0131 \u015fehirdekilerle bir araya getirip kucakla\u015ft\u0131rma hem bu y\u00f6re halk\u0131 hem \u015fehirde ya\u015fayan bizler i\u00e7in \u00e7ok k\u0131ymetli&#8221;<\/strong>&nbsp;diyerek belirtti.<\/p>\n\n\n\n<p>Dar\u0131p\u0131nar\u0131&#8217;n\u0131 ilk kez gezdi\u011fini s\u00f6yleyen ve Akbelen Mahallesi&#8217;nde ya\u015fayan Serpil \u00c7elik,&nbsp;<strong>&#8220;\u0130lk kez etkinli\u011fe kat\u0131ld\u0131m. B\u00fcy\u00fck\u015fehir Belediye Ba\u015fkan\u0131m\u0131z Vahap Se\u00e7er&#8217;in sundu\u011fu e\u011flence ve gezilerden \u00e7ok memnunuz. \u00c7al\u0131\u015fan kad\u0131nlar\u0131n yapt\u0131\u011f\u0131 \u00fcr\u00fcnleri de\u011ferlendirmesi a\u00e7\u0131s\u0131ndan \u00e7ok faydal\u0131. Ben de diki\u015f konusunda \u00fcreten biri olarak b\u00f6yle yerlere kat\u0131lmam\u0131z, kendi \u00fcrettiklerimizi satman\u0131n ve tan\u0131tman\u0131n mutlulu\u011fu bizi memnun ediyor&#8221;<\/strong>&nbsp;dedi.<\/p>\n\n\n\n<p>B\u00f6yle etkinliklerin mahalleleri kayna\u015ft\u0131rd\u0131\u011f\u0131n\u0131 s\u00f6yleyen Salime Topakta\u015f,&nbsp;<strong>&#8220;Havas\u0131, ortam\u0131 \u00e7ok g\u00fczel. \u0130nsanlar \u00e7ok s\u0131cak ve samimiydi. Ben ilk kez kat\u0131ld\u0131m. Bundan sonra b\u00f6yle etkinliklere daha \u00e7ok kat\u0131lmaya \u00e7al\u0131\u015faca\u011f\u0131m. B\u00fcy\u00fck\u015fehir, ekonomisi gezmek i\u00e7in elveri\u015fli olmayan insanlar\u0131n da bu imk\u00e2n\u0131 ya\u015famas\u0131na vesile olmu\u015f oluyor&#8221;<\/strong>&nbsp;ifadelerine yer verdi.<\/p>\n\n\n\n<p>Etkinlikle ilgili duygu ve d\u00fc\u015f\u00fcncelerini payla\u015fan Mehtap S\u00fczge\u00e7 ise&nbsp;<strong>&#8220;\u00c7ok g\u00fczel bir g\u00fcn oldu. Piknik ve al\u0131\u015fveri\u015f yapt\u0131k. Organik \u00fcr\u00fcnlerden ald\u0131k. Arkada\u015flarla sohbet ettik ve kayna\u015ft\u0131k. Do\u011fa y\u00fcr\u00fcy\u00fc\u015f\u00fc yapt\u0131k. Hem sosyalle\u015ftim hem de kad\u0131nlarla i\u00e7 i\u00e7e harika bir g\u00fcn ge\u00e7irdim&#8221;<\/strong>&nbsp;dedi.<\/p>\n\n\n\n<p>Dar\u0131p\u0131nar\u0131 Mahallesinde ya\u015fayan \u00fcretici kad\u0131nlardan Vahide \u015eahin, etkinli\u011fi d\u00fczenleyen B\u00fcy\u00fck\u015fehir Belediyesi&#8217;ne te\u015fekk\u00fcr ederek,&nbsp;<strong>&#8220;B\u00fcy\u00fck\u015fehir Belediye Ba\u015fkan\u0131m\u0131z Vahap Se\u00e7er&#8217;in sundu\u011fu bu g\u00fczelliklerle emeklerimiz bo\u015fa gitmiyor. Buradaki kad\u0131nlar bu \u00fcr\u00fcnlerini ba\u015fka yere g\u00f6t\u00fcr\u00fcp de\u011ferlendiremiyorlar. Aile b\u00fct\u00e7esine katk\u0131da bulunduklar\u0131ndan dolay\u0131 \u00e7ok memnunuz&#8221;<\/strong>&nbsp;diye konu\u015ftu.<\/p>\n","protected":false},"excerpt":{"rendered":"<p>Mersin B\u00fcy\u00fck\u015fehir Belediyesi&#8217;nin Kad\u0131n ve Aile Hizmetleri Dairesi Ba\u015fkanl\u0131\u011f\u0131 koordinesinde ger\u00e7ekle\u015ftirdi\u011fi k\u00fclt\u00fcr gezilerinin bir par\u00e7as\u0131 olan&nbsp;&#8216;K\u0131rsal Mahalle Bulu\u015fmalar\u0131&#8217;&nbsp;n\u0131n yeni dura\u011f\u0131 Tarsus \u0130l\u00e7esine ba\u011fl\u0131 Dar\u0131p\u0131nar\u0131 Mahallesi oldu. Etkinli\u011fe; merkezden Akbelen ve Bah\u00e7elievler Mahallesinden kad\u0131nlar\u0131n yan\u0131 s\u0131ra STK temsilcileri ve Tarsus&#8217;tan \u00fcretici kad\u0131nlar kat\u0131ld\u0131.&nbsp; Merkezde ya\u015fayan kad\u0131nlar\u0131n Mersin&#8217;in tarihi ve \u00f6ren yerlerini ke\u015ffederek \u015fehre farkl\u0131 bir g\u00f6zle [&hellip;]<\/p>\n","protected":false},"author":2,"featured_media":34550,"comment_status":"closed","ping_status":"closed","sticky":false,"template":"","format":"standard","meta":{"footnotes":""},"categories":[3,5],"tags":[],"class_list":["post-34549","post","type-post","status-publish","format-standard","has-post-thumbnail","hentry","category-manset","category-mersin"],"views":14,"_links":{"self":[{"href":"https:\/\/mersinkadingazetesi.com\/index.php?rest_route=\/wp\/v2\/posts\/34549"}],"collection":[{"href":"https:\/\/mersinkadingazetesi.com\/index.php?rest_route=\/wp\/v2\/posts"}],"about":[{"href":"https:\/\/mersinkadingazetesi.com\/index.php?rest_route=\/wp\/v2\/types\/post"}],"author":[{"embeddable":true,"href":"https:\/\/mersinkadingazetesi.com\/index.php?rest_route=\/wp\/v2\/users\/2"}],"replies":[{"embeddable":true,"href":"https:\/\/mersinkadingazetesi.com\/index.php?rest_route=%2Fwp%2Fv2%2Fcomments&post=34549"}],"version-history":[{"count":1,"href":"https:\/\/mersinkadingazetesi.com\/index.php?rest_route=\/wp\/v2\/posts\/34549\/revisions"}],"predecessor-version":[{"id":34551,"href":"https:\/\/mersinkadingazetesi.com\/index.php?rest_route=\/wp\/v2\/posts\/34549\/revisions\/34551"}],"wp:featuredmedia":[{"embeddable":true,"href":"https:\/\/mersinkadingazetesi.com\/index.php?rest_route=\/wp\/v2\/media\/34550"}],"wp:attachment":[{"href":"https:\/\/mersinkadingazetesi.com\/index.php?rest_route=%2Fwp%2Fv2%2Fmedia&parent=34549"}],"wp:term":[{"taxonomy":"category","embeddable":true,"href":"https:\/\/mersinkadingazetesi.com\/index.php?rest_route=%2Fwp%2Fv2%2Fcategories&post=34549"},{"taxonomy":"post_tag","embeddable":true,"href":"https:\/\/mersinkadingazetesi.com\/index.php?rest_route=%2Fwp%2Fv2%2Ftags&post=34549"}],"curies":[{"name":"wp","href":"https:\/\/api.w.org\/{rel}","templated":true}]}}