{"id":34555,"date":"2024-08-16T12:29:24","date_gmt":"2024-08-16T09:29:24","guid":{"rendered":"https:\/\/mersinkadingazetesi.com\/?p=34555"},"modified":"2024-08-16T12:29:25","modified_gmt":"2024-08-16T09:29:25","slug":"sabanci-holding-istiraki-cimsa-2024un-ilk-6-aylik-finansal-sonuclarini-acikladi","status":"publish","type":"post","link":"https:\/\/mersinkadingazetesi.com\/?p=34555","title":{"rendered":"Sabanc\u0131 Holding i\u015ftiraki \u00c7imsa 2024\u2019\u00fcn ilk 6 ayl\u0131k finansal sonu\u00e7lar\u0131n\u0131 a\u00e7\u0131klad\u0131"},"content":{"rendered":"\n<p><strong><em>Sabanc\u0131 Holding i\u015ftiraki \u00c7imsa 2024\u2019\u00fcn ilk 6 ayl\u0131k finansal sonu\u00e7lar\u0131n\u0131 a\u00e7\u0131klad\u0131.<\/em><\/strong><\/p>\n\n\n\n<p><strong><em>Y\u0131l\u0131n ilk yar\u0131s\u0131nda 11.5 milyar TL ciro elde eden \u00c7imsa, net kar\u0131n\u0131 ge\u00e7en y\u0131l\u0131n ayn\u0131 d\u00f6nemine g\u00f6re %4.2 art\u0131rarak 1.9 milyar TL\u2019ye \u00e7\u0131kard\u0131.&nbsp;<\/em><\/strong><\/p>\n\n\n\n<p>\u00c7imsa, ilk 6 ayl\u0131k finansal sonu\u00e7lar\u0131n\u0131 a\u00e7\u0131klad\u0131. Finansal performans\u0131n\u0131n yan\u0131 s\u0131ra, s\u00fcrd\u00fcr\u00fclebilirlik \u00e7al\u0131\u015fmalar\u0131, m\u00fc\u015fteri odakl\u0131 yenilik\u00e7i \u00e7\u00f6z\u00fcmleri ve global pazarlarda artan etkinli\u011fi ile \u00f6nemli ba\u015far\u0131lar elde eden \u00c7imsa, bu d\u00f6nemde 11.5 milyar TL ciro elde etti. Ayn\u0131 d\u00f6nemde \u00c7imsa, net k\u00e2r\u0131n\u0131 y\u0131ll\u0131k reel %4.2 art\u0131rarak 1.9 milyar TL\u2019ye \u00e7\u0131kard\u0131.&nbsp;<\/p>\n\n\n\n<p>\u00c7imsa, finansal alandaki bu ba\u015far\u0131lar\u0131n\u0131 s\u00fcrd\u00fcr\u00fclebilirlikteki ilerlemeleriyle ta\u00e7land\u0131rd\u0131.&nbsp;<strong>\u00c7imsa CEO&#8217;su Umut Zenar,<\/strong>&nbsp;\u015firketin bu d\u00f6nemdeki performans\u0131yla ilgili olarak,&nbsp;<em>\u201c\u00c7imsa olarak s\u00fcrd\u00fcr\u00fclebilirlikte att\u0131\u011f\u0131m\u0131z ad\u0131mlar, d\u00fc\u015f\u00fck karbonlu \u00fcr\u00fcnlerimizin ba\u015far\u0131yla tescillenmesi ve ihracat alan\u0131ndaki liderli\u011fimizle birlikte, FTSE4Good Emerging Endeksi\u2019ne dahil olmam\u0131z, do\u011fru yolda oldu\u011fumuzu g\u00f6steriyor. Gelece\u011fe y\u00f6nelik g\u00fc\u00e7l\u00fc ad\u0131mlar atmaya hem \u00fclkemize hem de sekt\u00f6re de\u011fer katmaya devam edece\u011fiz\u201d<\/em>&nbsp;dedi.<\/p>\n\n\n\n<p><strong>Umut Zenar&nbsp;<\/strong>\u015f\u00f6yle devam etti; \u201c<em>\u015eirketlerin ger\u00e7ek performans\u0131n\u0131 g\u00f6steren Fortune 500 ve Capital 500 listelerinde ivmemizi art\u0131rmam\u0131z \u00c7imsa olarak sekt\u00f6rdeki konumumuzu ve finansal g\u00fcc\u00fcm\u00fcz\u00fc teyit ederken, ayn\u0131 zamanda yat\u0131r\u0131mc\u0131lar\u0131m\u0131z ve i\u015f ortaklar\u0131m\u0131z nezdinde g\u00fcvenilirli\u011fimizi de art\u0131r\u0131yor. Biz de stratejik hedeflerimize ula\u015fma yolunda do\u011fru ad\u0131mlar att\u0131\u011f\u0131m\u0131z\u0131 kan\u0131tl\u0131yoruz. \u00d6n\u00fcm\u00fczdeki d\u00f6nem hedefimiz s\u00fcrd\u00fcr\u00fclebilir b\u00fcy\u00fcmemize ve yenilik\u00e7i projelerimize yat\u0131r\u0131m yapmaya devam ederek global pazarda daha g\u00fc\u00e7l\u00fc bir konum elde etmek. Bu sayede, sadece T\u00fcrkiye\u2019de de\u011fil, uluslararas\u0131 alanda da ad\u0131m\u0131zdan s\u00f6z ettirmeye devam edece\u011fiz.\u201d&nbsp;<\/em><\/p>\n\n\n\n<p>\u00c7imsa, Fortune T\u00fcrkiye taraf\u0131ndan haz\u0131rlanan \u201cFortune 500 T\u00fcrkiye\u2019nin En B\u00fcy\u00fck \u015eirketleri\u201d listesinde b\u00fcy\u00fck bir s\u0131\u00e7rama ger\u00e7ekle\u015ftirerek, genel s\u0131ralamada 55 basamak birden ilerledi ve ilk 100 \u015firket aras\u0131nda yer ald\u0131. Fortune Ara\u015ft\u0131rmas\u0131\u2019n\u0131n ard\u0131ndan ise, Capital Dergisi\u2019nin \u201cT\u00fcrkiye\u2019nin En B\u00fcy\u00fck 500 \u015eirketi\u201d ara\u015ft\u0131rmas\u0131nda 44 s\u0131ra birden y\u00fckseldi. Bu ba\u015far\u0131, \u00c7imsa\u2019n\u0131n hem ulusal hem de uluslararas\u0131 arenada g\u00fcc\u00fcn\u00fc ve itibar\u0131n\u0131 art\u0131rd\u0131\u011f\u0131n\u0131n bir g\u00f6stergesi olarak de\u011ferlendiriliyor.<\/p>\n\n\n\n<p>\u00c7imsa\u2019n\u0131n s\u00fcrd\u00fcr\u00fclebilirlik odakl\u0131 yat\u0131r\u0131mlar\u0131n\u0131 destekleyen bir di\u011fer \u00f6nemli ad\u0131m ise Avrupa \u0130mar ve Kalk\u0131nma Bankas\u0131 (EBRD) ile imzalanan 25 milyon Euro tutar\u0131ndaki kredi anla\u015fmas\u0131 oldu. EBRD\u2019nin, T\u00fcrkiye&#8217;de ilk defa bir \u00e7imento \u015firketine uzun vadeli sa\u011flam\u0131\u015f oldu\u011fu bu finansman, Eski\u015fehir Fabrikas\u0131\u2019nda ger\u00e7ekle\u015ftirilecek olan G\u00fcne\u015f Enerjisi Santrali (GES) ve At\u0131k Is\u0131 Geri Kazan\u0131m (WHR) sistemleri ve di\u011fer enerji ve verimlilik projelerinde kullan\u0131lacak. Ayr\u0131ca, \u015firketin \u0130spanya\u2019daki Bu\u00f1ol Fabrikas\u0131\u2019nda tamamlad\u0131\u011f\u0131 g\u00fcne\u015f enerjisi santrali yat\u0131r\u0131m\u0131, \u00c7imsa\u2019n\u0131n yenilenebilir enerji alan\u0131ndaki kararl\u0131l\u0131\u011f\u0131n\u0131 ve \u00e7evresel s\u00fcrd\u00fcr\u00fclebilirli\u011fe olan ba\u011fl\u0131l\u0131\u011f\u0131n\u0131 bir kez daha g\u00f6zler \u00f6n\u00fcne serdi.<\/p>\n\n\n\n<p>Ayr\u0131ca \u00c7imsa, 2023 y\u0131l\u0131 \u0130hracat\u0131n \u015eampiyonlar\u0131 \u00f6d\u00fcllerinde beyaz \u00e7imento sekt\u00f6r\u00fcnde \u201cEn Fazla \u0130hracat Ger\u00e7ekle\u015ftiren Firma\u201d ve gri \u00e7imento sekt\u00f6r\u00fcnde ise \u201cEn Fazla \u0130hracat\u0131n\u0131 Art\u0131ran Firma\u201d kategorilerinde birincilik \u00f6d\u00fcllerine lay\u0131k g\u00f6r\u00fcld\u00fc.&nbsp;<\/p>\n","protected":false},"excerpt":{"rendered":"<p>Sabanc\u0131 Holding i\u015ftiraki \u00c7imsa 2024\u2019\u00fcn ilk 6 ayl\u0131k finansal sonu\u00e7lar\u0131n\u0131 a\u00e7\u0131klad\u0131. Y\u0131l\u0131n ilk yar\u0131s\u0131nda 11.5 milyar TL ciro elde eden \u00c7imsa, net kar\u0131n\u0131 ge\u00e7en y\u0131l\u0131n ayn\u0131 d\u00f6nemine g\u00f6re %4.2 art\u0131rarak 1.9 milyar TL\u2019ye \u00e7\u0131kard\u0131.&nbsp; \u00c7imsa, ilk 6 ayl\u0131k finansal sonu\u00e7lar\u0131n\u0131 a\u00e7\u0131klad\u0131. Finansal performans\u0131n\u0131n yan\u0131 s\u0131ra, s\u00fcrd\u00fcr\u00fclebilirlik \u00e7al\u0131\u015fmalar\u0131, m\u00fc\u015fteri odakl\u0131 yenilik\u00e7i \u00e7\u00f6z\u00fcmleri ve global pazarlarda artan [&hellip;]<\/p>\n","protected":false},"author":2,"featured_media":34556,"comment_status":"closed","ping_status":"closed","sticky":false,"template":"","format":"standard","meta":{"footnotes":""},"categories":[3],"tags":[],"class_list":["post-34555","post","type-post","status-publish","format-standard","has-post-thumbnail","hentry","category-manset"],"views":19,"_links":{"self":[{"href":"https:\/\/mersinkadingazetesi.com\/index.php?rest_route=\/wp\/v2\/posts\/34555"}],"collection":[{"href":"https:\/\/mersinkadingazetesi.com\/index.php?rest_route=\/wp\/v2\/posts"}],"about":[{"href":"https:\/\/mersinkadingazetesi.com\/index.php?rest_route=\/wp\/v2\/types\/post"}],"author":[{"embeddable":true,"href":"https:\/\/mersinkadingazetesi.com\/index.php?rest_route=\/wp\/v2\/users\/2"}],"replies":[{"embeddable":true,"href":"https:\/\/mersinkadingazetesi.com\/index.php?rest_route=%2Fwp%2Fv2%2Fcomments&post=34555"}],"version-history":[{"count":1,"href":"https:\/\/mersinkadingazetesi.com\/index.php?rest_route=\/wp\/v2\/posts\/34555\/revisions"}],"predecessor-version":[{"id":34557,"href":"https:\/\/mersinkadingazetesi.com\/index.php?rest_route=\/wp\/v2\/posts\/34555\/revisions\/34557"}],"wp:featuredmedia":[{"embeddable":true,"href":"https:\/\/mersinkadingazetesi.com\/index.php?rest_route=\/wp\/v2\/media\/34556"}],"wp:attachment":[{"href":"https:\/\/mersinkadingazetesi.com\/index.php?rest_route=%2Fwp%2Fv2%2Fmedia&parent=34555"}],"wp:term":[{"taxonomy":"category","embeddable":true,"href":"https:\/\/mersinkadingazetesi.com\/index.php?rest_route=%2Fwp%2Fv2%2Fcategories&post=34555"},{"taxonomy":"post_tag","embeddable":true,"href":"https:\/\/mersinkadingazetesi.com\/index.php?rest_route=%2Fwp%2Fv2%2Ftags&post=34555"}],"curies":[{"name":"wp","href":"https:\/\/api.w.org\/{rel}","templated":true}]}}