{"id":34570,"date":"2024-08-18T10:45:10","date_gmt":"2024-08-18T07:45:10","guid":{"rendered":"https:\/\/mersinkadingazetesi.com\/?p=34570"},"modified":"2024-08-18T10:45:10","modified_gmt":"2024-08-18T07:45:10","slug":"hibe-ve-kredi-desteklerinin-kullanilabilmesi-icin-hukumetin-burokratik-surecleri-hizlandirmasi-gerekiyor","status":"publish","type":"post","link":"https:\/\/mersinkadingazetesi.com\/?p=34570","title":{"rendered":"&#8220;H\u0130BE VE KRED\u0130 DESTEKLER\u0130N\u0130N KULLANILAB\u0130LMES\u0130 \u0130\u00c7\u0130N H\u00dcK\u00dcMET\u0130N B\u00dcROKRAT\u0130K S\u00dcRE\u00c7LER\u0130 HIZLANDIRMASI GEREK\u0130YOR&#8221;"},"content":{"rendered":"\n<p>Mersin B\u00fcy\u00fck\u015fehir Belediye Meclisi&#8217;nin 2024 Y\u0131l\u0131 A\u011fustos Ay\u0131 Ola\u011fan Toplant\u0131s\u0131&#8217;n\u0131n 2. Birle\u015fimi, Mersin B\u00fcy\u00fck\u015fehir Belediye Ba\u015fkan\u0131 Vahap Se\u00e7er ba\u015fkanl\u0131\u011f\u0131nda ger\u00e7ekle\u015ftirildi. Kongre ve Sergi Saray\u0131 \u00c7ok Ama\u00e7l\u0131 Salon&#8217;da ger\u00e7ekle\u015ftirilen Meclis Toplant\u0131s\u0131&#8217;nda komisyonlara havale edilen 15 ve birimlerden gelen 2 madde olmak \u00fczere toplam 17 madde g\u00f6r\u00fc\u015f\u00fcld\u00fc. Meclis toplant\u0131s\u0131 giri\u015finde Mersin B\u00fcy\u00fck\u015fehir Belediyesi Sosyal Hizmetler Dairesi Ba\u015fkanl\u0131\u011f\u0131 taraf\u0131ndan a\u015fure da\u011f\u0131t\u0131m\u0131 da ger\u00e7ekle\u015ftirildi.<\/p>\n\n\n\n<p><strong>Se\u00e7er, Meclis \u00fcyelerinden Metro Projesi i\u00e7in de destek istedi<\/strong><\/p>\n\n\n\n<p>Mecliste kabul edilen Mezitli 3 Ocak Hafif Rayl\u0131 Sistem Metro Hatt\u0131&#8217;n\u0131n in\u015faat\u0131 i\u00e7in 3 milyar 507 milyon 990 bin TL bor\u00e7lanma yetkisine ili\u015fkin konu\u015fan Se\u00e7er, Hazine ve Maliye Bakanl\u0131\u011f\u0131&#8217;n\u0131n iznine ba\u011fl\u0131 olarak bu paray\u0131 kullanabileceklerini s\u00f6yleyerek,&nbsp;<strong>&#8220;\u00c7ok te\u015fekk\u00fcr ediyoruz, komisyonumuz takdir etti bu bor\u00e7lanma yetkisini taraf\u0131ma verdi. Ama as\u0131l i\u015f Hazine ve Maliye Bakanl\u0131\u011f\u0131&#8217;nda bu i\u015fin onaylanmas\u0131&#8221;<\/strong>&nbsp;diyerek, onaylar\u0131n uzun s\u00fcre bekletildi\u011fini ve bor\u00e7lanma yetkisi alamad\u0131\u011f\u0131 i\u00e7in projelerin gecikti\u011fini s\u00f6yledi.<\/p>\n\n\n\n<p>Onaylar\u0131n verilmemesinden dolay\u0131 projelerin gecikti\u011fini vurgulayan Se\u00e7er,&nbsp;<strong>&#8220;2021&#8217;in A\u011fustos ay\u0131nda o g\u00fcnk\u00fc yat\u0131r\u0131m program\u0131ndaki 900 milyon TL bor\u00e7lanma yetkisini Meclis&#8217;ten ald\u0131k, Hazine ve Maliye Bakanl\u0131\u011f\u0131&#8217;na g\u00f6nderdik. O d\u00f6nemden bug\u00fcne 3 bakan ge\u00e7ti. Ge\u00e7ti\u011fimiz y\u0131l \u015fu anki Hazine ve Maliye Bakan\u0131 Say\u0131n \u015eim\u015fek yeni bakan oldu\u011funda \u0130stanbul, \u0130zmir ve Mersin&#8217;i imzalad\u0131. 1 y\u0131l \u00f6nce biz de kredi aramaya \u00e7\u0131kt\u0131k&#8221;<\/strong>&nbsp;diyerek, T\u00fcrkiye&#8217;nin kredi puan\u0131n\u0131n d\u00fc\u015fmesi ve para piyasalar\u0131ndaki d\u00fc\u015f\u00fc\u015ften dolay\u0131 sonu\u00e7 almakta zorland\u0131klar\u0131n\u0131 kaydetti. Mersin halk\u0131n\u0131 kand\u0131rmad\u0131klar\u0131n\u0131 ve kand\u0131rmayacaklar\u0131n\u0131 s\u00f6yleyen Se\u00e7er,&nbsp;<strong>&#8220;AFD ile olumlu g\u00f6r\u00fc\u015fmeler yapt\u0131k. Bunun yan\u0131nda maliyeti daha ucuz oldu\u011fu i\u00e7in kalk\u0131nma bankalar\u0131yla g\u00f6r\u00fc\u015f\u00fcyoruz. Para piyasalar\u0131ndaki s\u0131k\u0131nt\u0131 ya da T\u00fcrkiye&#8217;ye olumsuz bak\u0131\u015f a\u00e7\u0131s\u0131 devam ediyor ki h\u00fck\u00fcmet de bor\u00e7lanam\u0131yor. Biz \u015fu anda bunun \u00e7abas\u0131n\u0131 g\u00f6steriyoruz&#8221;<\/strong>&nbsp;diyerek, Meclis \u00fcyelerinden kredi i\u00e7in de destek istedi.<\/p>\n\n\n\n<p><strong>B\u00fcy\u00fck\u015fehir, Mersin&#8217;in her yan\u0131na rayl\u0131 sistemleri g\u00f6t\u00fcrecek<\/strong><\/p>\n\n\n\n<p>Mersinlilere m\u00fcjde de veren Se\u00e7er,&nbsp;<strong>&#8220;Burada ilk kez bir \u015fey a\u00e7\u0131klamak istiyorum. Bizim sadece 13,5 kilometrelik Yeralt\u0131 Metrosu projemiz yok. Bu en a\u011f\u0131r proje. Biz bu 5 y\u0131lda bo\u015f durmad\u0131k. \u00dcniversite Travmay\u0131; 11 kilometre, daha rahat sistemler, \u00e7ok daha rahat ucuz paralarla d\u00fc\u015f\u00fck maliyetle yap\u0131l\u0131yor. Yine Akdeniz ve Toroslar il\u00e7esinin i\u00e7erisinden ge\u00e7ip \u015eehir Hastanesi&#8217;ne oradan otogara kadar ula\u015facak 10,5 kilometrelik hafif tayl\u0131 sistem projesini de tamamlad\u0131k. Altyap\u0131 Genel M\u00fcd\u00fcrl\u00fc\u011f\u00fc&#8217;nden bu iki projenin de iznini ald\u0131k. \u00dc\u00e7\u00fcnc\u00fc proje ise Tarsus Travmay\u0131. \u015eu anda bu konudaki \u00e7al\u0131\u015fmalar\u0131m\u0131z devam ediyor&#8221;<\/strong>&nbsp;diyerek, Cumhurba\u015fkanl\u0131\u011f\u0131 B\u00fct\u00e7e ve Strateji Ba\u015fkanl\u0131\u011f\u0131&#8217;ndan onay al\u0131p, yat\u0131r\u0131m program\u0131na girece\u011fini duyurdu.<\/p>\n\n\n\n<p><strong>&#8220;Mersin halk\u0131na verdi\u011fimiz s\u00f6z\u00fc tutaca\u011f\u0131z!&#8221;<\/strong><\/p>\n\n\n\n<p>Bu projelerin 5 y\u0131l\u0131n\u0131 ald\u0131\u011f\u0131n\u0131 kaydeden Se\u00e7er,&nbsp;<strong>&#8220;\u015eu anda hali haz\u0131rda 45 kilometrelik rayl\u0131 sistem projemiz var. Devlette devaml\u0131l\u0131k esast\u0131r. Bug\u00fcn ben var\u0131m, yar\u0131n bir ba\u015fkas\u0131 bunu s\u00fcrd\u00fcr\u00fcr. Biz 5 y\u0131l oturmad\u0131k Mersin&#8217;in ula\u015f\u0131m\u0131 konusunda \u00e7al\u0131\u015ft\u0131k. \u015eimdi geldi\u011fimiz noktada Mersin Metrosu kredi olmazsa olmaz. \u015eu anda Mersin Metrosu&#8217;nun birinci ana istasyonu olan eski otogar, \u015eehir Hastanesi ve yeni otogar hatt\u0131n\u0131 mutlaka ve mutlaka beraber y\u00fcr\u00fctece\u011fiz&#8221;&nbsp;<\/strong>dedi. Mersin halk\u0131na verdikleri s\u00f6z\u00fc tutarak Mersin&#8217;e rayl\u0131 sistemleri getireceklerini s\u00f6yleyen Se\u00e7er,<strong>&nbsp;&#8220;Mutlaka bunu ba\u015faraca\u011f\u0131m\u0131za inan\u0131yorum. Hem sizin buradaki&nbsp;&nbsp;hem de Ankara&#8217;daki katk\u0131n\u0131z \u00f6nemli&#8221;<\/strong>&nbsp;diyerek, ilgili maddeyi oylamaya sundu ve madde oy birli\u011fiyle kabul edildi.<\/p>\n\n\n\n<p><strong>Se\u00e7er&#8217;den altyap\u0131 \u00e7al\u0131\u015fmalar\u0131 i\u00e7in siyasilere \u00e7a\u011fr\u0131: &#8220;Mersin&#8217;in gelece\u011fi i\u00e7in herkesin katk\u0131 sunmas\u0131 gerekiyor&#8221;<\/strong><\/p>\n\n\n\n<p>Mersin&#8217;de altyap\u0131 konusunda ihtiya\u00e7 duyulan yat\u0131r\u0131mlar\u0131n yap\u0131labilmesi i\u00e7in gerekli hibelerin sa\u011flanmas\u0131 konusunda Meclis \u00fcyelerinin ve di\u011fer siyasilerin deste\u011fini isteyerek \u00e7a\u011fr\u0131da bulunan Se\u00e7er,&nbsp;<strong>&#8220;Hi\u00e7bir parti ayr\u0131m\u0131 g\u00f6zetmeksizin se\u00e7im \u00f6ncesi kamuoyuna baz\u0131 a\u00e7\u0131klamalarda bulundum ve&nbsp;<em>&#8216;Elimizde 156 milyon Euro&#8217;luk bir kredi paketi var&#8217;<\/em>&nbsp;dedim. Bunun yar\u0131s\u0131 hibe, yar\u0131s\u0131 da geri \u00f6demeli. Bu \u015fu anda 161 milyon 300 bin Euro&#8217;ya \u00e7\u0131kt\u0131. Mezitli \u0130\u00e7me Suyu \u015eebekesi komple 17 milyon 100 bin Euro. \u0130halesi yap\u0131ld\u0131. Bu, AFD ve FRIT II hibesi. M\u00fcteahhite yer teslimi yap\u0131ld\u0131, \u00e7al\u0131\u015fmalar ba\u015fl\u0131yor&#8221;&nbsp;<\/strong>diye belirtti.<\/p>\n\n\n\n<p>Toroslar, Homurlu ve Kazanl\u0131 Mahalleleri Kanalizasyonu Projesi i\u00e7in de AFD ve FRIT II M\u00fclteciler Fonu&#8217;ndan 7 milyon 200 bin Euro&#8217;luk hibe alacaklar\u0131n\u0131 ve bunun da ihalesinin yap\u0131ld\u0131\u011f\u0131n\u0131 belirten Se\u00e7er, Erdemli \u0130l\u00e7esi&#8217;nde yap\u0131lacak olan T\u00f6m\u00fck-Arpa\u00e7bah\u015fi\u015f Kanalizasyon Projesi&#8217;nin ise 15 milyon 100 bin Euro&#8217;luk bir proje oldu\u011funu ve ihalesinin Ekim ay\u0131nda yap\u0131larak, projenin de 1 y\u0131l i\u00e7erisinde tamamlanaca\u011f\u0131n\u0131 duyurdu. Se\u00e7er,&nbsp;<strong>&#8220;Bunlar 5 y\u0131ll\u0131k \u00e7al\u0131\u015fman\u0131n \u00fcr\u00fcn\u00fc. Karaduvar Mahallesi At\u0131ksu Ar\u0131tma Tesisi; mevcut ar\u0131tmam\u0131z \u015fu anda full. 2. kademesini yapmam\u0131z laz\u0131m. Onun da 14 milyon 900 bin avroluk kredisi tamam. Karg\u0131p\u0131nar\u0131-\u00c7e\u015fmeli Mahalleleri Ortak Derin Deniz De\u015farj\u0131 Projesi 3 milyon avro. K\u0131zkalesi Mahallesi Derin Deniz De\u015farj\u0131 Projesi de 1.2 milyon avro. Silifke&#8217;de de Atakent-Atayurt-Arkum Mahalleleri At\u0131ksu Ar\u0131tma Tesisi Derin Deniz De\u015farj\u0131 Projemiz var. Silifke&#8217;de yine Ye\u015filovac\u0131k Mahallesi At\u0131ksu Ar\u0131tma Tesisi Projesi var.&nbsp;&nbsp;Toplamda bunlar yakla\u015f\u0131k olarak 38 milyon Euro&#8217;luk bir projeksiyon&#8221;&nbsp;<\/strong>diye konu\u015ftu.<\/p>\n\n\n\n<p>Tarsus At\u0131ksu Ar\u0131tma Tesisi \u0130kinci Kademe, Tarsus Yenice Mahallesi At\u0131ksu Ar\u0131tma Tesisi, Bozyaz\u0131 Derin Deniz De\u015farj\u0131 Projelerinden de s\u00f6z ederek konu\u015fmas\u0131n\u0131 s\u00fcrd\u00fcren Se\u00e7er, projelerin Cumhurba\u015fkanl\u0131\u011f\u0131 Strateji ve B\u00fct\u00e7e Ba\u015fkanl\u0131\u011f\u0131&#8217;na kay\u0131tlar\u0131n\u0131n girdi\u011fini belirtti. Se\u00e7er, Mersin&#8217;de b\u00fcy\u00fck \u00f6nem arz eden projeler i\u00e7in Meclis \u00fcyelerinden ve siyasilerden destek isteyerek,&nbsp;<strong>&#8220;Bu projeler haz\u0131r. Bunlar \u0130ller Bankas\u0131 koordinasyonu ile gidiyor. Art\u0131k burada i\u015f siyasilerin dokunmas\u0131na ve i\u015fi takip etmesine kal\u0131yor. Her \u015fey haz\u0131rlanm\u0131\u015f. B\u00fcrokratik i\u015flemlerin h\u0131zlanmas\u0131 laz\u0131m. Daha sonra Cumhurba\u015fkanl\u0131\u011f\u0131 yat\u0131r\u0131m program\u0131na al\u0131nacak, biz de ihaleye \u00e7\u0131kaca\u011f\u0131z. Kimseden para, kefalet ve hi\u00e7bir \u015fey istemiyoruz. Burada hangi partili olursa olsun milletvekilleri, Meclis \u00fcyeleri; her kim ise bu projelere Mersin&#8217;in gelece\u011fi i\u00e7in katk\u0131 sunmas\u0131 gerekiyor&#8221;&nbsp;<\/strong>dedi.<\/p>\n\n\n\n<p><strong>&#8220;DS\u0130 Pamukluk Baraj\u0131&#8217;n\u0131 yapacak&#8221;<\/strong><\/p>\n\n\n\n<p>Kent i\u00e7in en \u00f6nemli yat\u0131r\u0131mlardan birisinin de Pamukluk Baraj\u0131 \u0130\u00e7me Suyu Ar\u0131tma Tesisi Projesi oldu\u011funu vurgulayan Se\u00e7er,&nbsp;<strong>&#8220;2018 y\u0131l\u0131nda Devlet Su \u0130\u015fleri (DS\u0130) ile protokol yap\u0131l\u0131yor, \u00e7\u00fcnk\u00fc y\u00fcksek mebla\u011fl\u0131 bir proje. Bunu DS\u0130 yaps\u0131n, B\u00fcy\u00fck\u015fehir&#8217;i uygun vadelerde bor\u00e7land\u0131rs\u0131n. Bunlar Mersin&#8217;in gelece\u011fi ile ilgili projeler. Bu tart\u0131\u015fma konusu oldu, yap\u0131lmad\u0131. Biz dedik ki;&nbsp;<em>&#8216;Y\u00fczde 50&#8217;sini siz yap\u0131n, y\u00fczde 50&#8217;sini de biz yapal\u0131m.&#8217;<\/em>&nbsp;DS\u0130 de raz\u0131 oldu. Nihayetinde bu da bir kazan\u0131m. DS\u0130 ge\u00e7ti\u011fimiz g\u00fcnlerde 3,2 milyon TL&#8217;lik bir ihaleye \u00e7\u0131kt\u0131 ve ihale bitti. \u015eu anda m\u00fcteahhit \u015fantiyesini kuruyor, \u00e7al\u0131\u015fmalar\u0131n\u0131 ba\u015flatacak. Bu y\u0131l\u0131n \u00f6dene\u011fi 100 milyon. 3,2 milyar liral\u0131k projede 100 milyon lira hi\u00e7bir \u015fey de\u011fil&#8221;<\/strong>&nbsp;diyerek, 2025 y\u0131l\u0131 b\u00fct\u00e7esine y\u00fcksek bir \u00f6denek konulmas\u0131 \u00e7a\u011fr\u0131s\u0131 yapt\u0131.<\/p>\n\n\n\n<p><strong>&#8220;Sunaca\u011f\u0131n\u0131z katk\u0131 benim siyasi gelece\u011fim de\u011fil, Mersin&#8217;in gelece\u011fi i\u00e7in olmal\u0131&#8221;<\/strong><\/p>\n\n\n\n<p>DS\u0130&#8217;nin baraj\u0131 yapmas\u0131n\u0131n ard\u0131ndan ar\u0131tma tesisi i\u00e7in Uluslararas\u0131 \u0130mar ve Kalk\u0131nma Bankas\u0131&#8217;ndan (EBRD) 1,7 milyar TL&#8217;lik hibe ald\u0131klar\u0131n\u0131 kaydeden Se\u00e7er,&nbsp;<strong>&#8220;Bu proje 3-3,5 milyar liraya mal olacak. Banka diyor ki;&nbsp;<em>&#8216;Size 90 milyon Euro&#8217;ya mal olacak. Ben kalan k\u0131sm\u0131n\u0131 da hibe olarak verece\u011fim.<\/em>&nbsp;<em>Senin n\u00fcfusun 2 milyon g\u00f6r\u00fcn\u00fcyor, hizmet yapt\u0131\u011f\u0131n ki\u015fi say\u0131s\u0131 ise 2,7 milyon. Bu finansman\u0131 ben sana sa\u011flayaca\u011f\u0131m ama h\u00fck\u00fcmet seni genel hayata etkili afet b\u00f6lgesi ilan etmeli&#8217;<\/em>&nbsp;diyor. \u015eimdi bu \u00e7al\u0131\u015fmalar\u0131 yap\u0131yoruz. T\u00fcm Meclis \u00fcyelerimizin bu konuda belediyemize katk\u0131 sunmas\u0131n\u0131 istiyoruz. Sunaca\u011f\u0131n\u0131z katk\u0131 benim siyasi gelece\u011fim de\u011fil, Mersin&#8217;in gelece\u011fi i\u00e7in olmal\u0131&#8221;<\/strong>&nbsp;ifadelerine yer verdi.<\/p>\n\n\n\n<p><strong>&#8220;Merkezi h\u00fck\u00fcmetin Mersin ile ilgili yat\u0131r\u0131mlar\u0131 s\u00fcratle tamamlanmal\u0131&#8221;<\/strong><\/p>\n\n\n\n<p>Se\u00e7er, ikinci 5 y\u0131ll\u0131k d\u00f6nemde Mersin&#8217;in altyap\u0131, Pamukluk Baraj\u0131 \u0130sale Hatt\u0131 \u0130\u00e7me Suyu ve Ar\u0131tma Tesisi ile ula\u015f\u0131m projeleri hakk\u0131nda s\u00fcratli bir \u00e7al\u0131\u015fma yaparak Mersinlilerin hizmetine sunmay\u0131 planlad\u0131klar\u0131n\u0131 aktard\u0131. Mersin&#8217;le ilgili B\u00fcy\u00fck\u015fehir&#8217;in yan\u0131 s\u0131ra merkezi h\u00fck\u00fcmetin de \u00f6nemli yat\u0131r\u0131mlar\u0131 oldu\u011funa ve bunlar\u0131n s\u00fcratle tamamlanmas\u0131 gerekti\u011fine dikkat \u00e7eken Se\u00e7er,&nbsp;<strong>&#8220;\u00d6zellikle Mersin merkez Bat\u0131 aks\u0131ndaki 7 il\u00e7emizi ilgilendiren g\u00fczerg\u00e2h \u00fczerinde otoyol \u00e7al\u0131\u015fmalar\u0131n\u0131n s\u00fcratle devam etmesi gerekiyor. \u00c7e\u015fmeli-Erdemli-Silifke-Ta\u015fucu Otoyolu da b\u00f6lgemiz i\u00e7in \u00e7ok \u00f6nemli bir \u00e7al\u0131\u015fma. Ana Konteyner Liman\u0131 konusunda ge\u00e7ti\u011fimiz g\u00fcnlerde baz\u0131 geli\u015fmeler oldu ama bu \u00e7al\u0131\u015fman\u0131n mutlaka Mersin&#8217;de yap\u0131lmas\u0131n\u0131n takip\u00e7isi olaca\u011f\u0131m\u0131z\u0131 belirtmek istiyorum&#8221;&nbsp;<\/strong>ifadelerine yer verdi.<\/p>\n\n\n\n<p><strong>&#8220;Yasa ne derse desin hayvanlar\u0131 ya\u015fatmam\u0131z gerekiyor&#8221;<\/strong><\/p>\n\n\n\n<p>T\u00fcrkiye&#8217;nin g\u00fcndemine oturan ve sokak hayvanlar\u0131n\u0131n&nbsp;<strong><em>&#8216;uyutulma&#8217;<\/em><\/strong>&nbsp;ad\u0131 alt\u0131nda \u00f6ld\u00fcr\u00fclmesine zemin haz\u0131rlayan&nbsp;<strong><em>&#8216;Sokak Hayvanlar\u0131 Yasas\u0131&#8217;<\/em><\/strong>n\u0131n y\u00fcr\u00fcrl\u00fc\u011fe girmesiyle ilgili de konu\u015fan Se\u00e7er, sokaktaki her bir can\u0131n ya\u015fat\u0131lmas\u0131 i\u00e7in gerekli \u00e7al\u0131\u015fmalar\u0131 h\u0131z kesmeden s\u00fcrd\u00fcrd\u00fcklerini belirtti. Se\u00e7er,&nbsp;<strong>&#8220;\u00d6nceden oldu\u011fu gibi sokak hayvanlar\u0131n\u0131 yakalay\u0131p, gerekli bak\u0131mlar\u0131n\u0131 yap\u0131p, ihtiya\u00e7lar\u0131 varsa tedavilerini yapt\u0131ktan sonra art\u0131k soka\u011fa b\u0131rakam\u0131yoruz. Mutlaka hayvanlar\u0131 bar\u0131nd\u0131rmam\u0131z ve ya\u015fatmam\u0131z gerekiyor. Yasa ne derse desin hayvanlar\u0131 ya\u015fatmam\u0131z gerekiyor. Bu anlamda da ilgili dairemiz \u00e7al\u0131\u015fmalar\u0131n\u0131 tamamlamak \u00fczere. Bunlar\u0131 s\u00fcratle uygulayaca\u011f\u0131z&#8221;<\/strong>&nbsp;dedi.<\/p>\n\n\n\n<p>Bu konuda gerekli \u00e7al\u0131\u015fmalar\u0131 s\u00fcrd\u00fcr\u00fcrken hayvanseverler, sivil toplum \u00f6rg\u00fctleri ve t\u00fcm yurtta\u015flar\u0131n s\u00fcrecin i\u00e7erisinde yer almas\u0131 gerekti\u011fini ifade eden Se\u00e7er,&nbsp;<strong>&#8220;Mersin&#8217;i bu konuda \u00e7ok iyi noktalara getirmek istiyoruz. Toplum ikiye b\u00f6l\u00fcnm\u00fc\u015f durumda, herkes kendi penceresinden hakl\u0131. Biz bu hayvanlar\u0131 sokakta tutmayal\u0131m. Daha \u00f6nce ya\u015fanm\u0131\u015f, ger\u00e7ekten aileleri \u00fcz\u00fcnt\u00fcye sevk eden baz\u0131 olaylara neden vermeyelim ama sokaklardan toplad\u0131\u011f\u0131m\u0131z bu hayvanlar\u0131 da ya\u015fatmak i\u00e7in gerekli ortamlar\u0131 onlara sunal\u0131m. Yurtta\u015flar\u0131m\u0131z\u0131n da sokak hayvanlar\u0131n\u0131 sahiplenme konusunda hassasiyet g\u00f6stereceklerini bekledi\u011fimi de ifade etmek istiyorum&#8221;<\/strong>&nbsp;diyerek, \u00f6n\u00fcm\u00fczdeki birka\u00e7 g\u00fcn i\u00e7erisinde detayl\u0131 bir a\u00e7\u0131klamay\u0131 Mersin kamuoyuna yapaca\u011f\u0131n\u0131 s\u00f6yledi.<\/p>\n\n\n\n<p><strong>&#8220;Mersin son y\u0131llarda \u00f6\u011frenciler i\u00e7in cazip bir kent haline geldi&#8221;<\/strong><\/p>\n\n\n\n<p>\u00dcniversite yerle\u015ftirme sonu\u00e7lar\u0131n\u0131n a\u00e7\u0131klanmas\u0131n\u0131n ard\u0131ndan \u00fcniversitelere yerle\u015fen her bir \u00f6\u011frenciyi tebrik eden Se\u00e7er, Mersin&#8217;in de bir\u00e7ok \u00f6\u011frenci taraf\u0131ndan tercih edildi\u011fine i\u015faret etti. \u00d6zellikle son y\u0131llarda Mersin&#8217;in \u00f6\u011frenciler i\u00e7in cazip bir kent haline geldi\u011fine dikkat \u00e7eken Se\u00e7er,&nbsp;<strong>&#8220;Bu da bizi sevindiriyor. Biz de Mersin&#8217;in tam anlam\u0131yla&nbsp;<em>&#8217;10 numara \u00f6\u011frenci kenti&#8217;<\/em>&nbsp;olmas\u0131 i\u00e7in ge\u00e7ti\u011fimiz 5 y\u0131l \u00e7al\u0131\u015ft\u0131k. Bundan sonraki s\u00fcre\u00e7te de \u00e7al\u0131\u015fmalar\u0131m\u0131z\u0131 s\u00fcrd\u00fcrece\u011fiz&#8221;<\/strong>&nbsp;dedi.<\/p>\n\n\n\n<p><strong>YKS&#8217;ye B\u00fcy\u00fck\u015fehir&#8217;le haz\u0131rlanan 4 bin 250 \u00f6\u011frenciden 1672&#8217;si \u00fcniversiteye yerle\u015fti<\/strong><\/p>\n\n\n\n<p>B\u00fcy\u00fck\u015fehir&#8217;in&nbsp;<strong><em>&#8216;e\u011fitimde f\u0131rsat e\u015fitli\u011fi&#8217;<\/em><\/strong>&nbsp;sa\u011flamak amac\u0131yla kentin d\u00f6rt bir yan\u0131nda hizmete a\u00e7t\u0131\u011f\u0131 E\u011fitim Ve \u00d6\u011fretimi Destekleme Kurs Merkezlerindeki \u00f6\u011frencilerin g\u00f6sterdi\u011fi ba\u015far\u0131yla da gururland\u0131klar\u0131n\u0131n alt\u0131n\u0131 \u00e7izen Se\u00e7er, bu konuya ayr\u0131 bir hassasiyet g\u00f6sterdiklerine vurgu yaparak,&nbsp;<strong>&#8220;Vars\u0131l ailelerin \u00e7ocuklar\u0131 elbette ki ailelerinin katk\u0131lar\u0131yla bu s\u0131navlara \u00e7ok daha rahat haz\u0131rlanabiliyor. Ama bu memlekette vars\u0131llar\u0131n yan\u0131nda gelir d\u00fczeyi d\u00fc\u015f\u00fck, yani e\u011fitime b\u00fct\u00e7elerinden para ay\u0131ramayacak aileler de var. Tam da burada diyoruz ki; &#8216;sosyal devlet&#8217;, &#8216;sosyal belediyecilik&#8217; burada devreye girecek&#8221;<\/strong>&nbsp;dedi. Son 5 y\u0131lda kurs merkezlerini \u00e7ok iyi noktalara getirdiklerini s\u00f6yleyen Se\u00e7er, buralarda YKS&#8217;ye haz\u0131rlanan 4 bin 250 \u00f6\u011frenciden 1672&#8217;sinin \u00fcniversiteye yerle\u015fti\u011fini aktararak, \u00f6\u011frencilere \u00f6n\u00fcm\u00fczdeki s\u00fcre\u00e7te ba\u015far\u0131lar diledi.&nbsp;<\/p>\n\n\n\n<p><strong>Se\u00e7er&#8217;den kayyum ele\u015ftirisi: &#8220;Halk iradesi ile gelmi\u015f bir siyasinin anti demokratik kararlarla g\u00f6revinden al\u0131nmas\u0131na kar\u015f\u0131y\u0131m&#8221;<\/strong><\/p>\n\n\n\n<p>Se\u00e7er, kayyum konusunda da \u00f6nemli de\u011ferlendirmelerde bulundu. T\u00fcrkiye&#8217;nin bir hukuk devleti oldu\u011funun vurgusunu yapan Se\u00e7er,&nbsp;<strong>&#8220;Se\u00e7imlerde se\u00e7ilme \u015fartlar\u0131 bellidir. Bir yere aday olacak T\u00fcrkiye Cumhuriyeti vatanda\u015f\u0131 m\u00fcracaat yapar, m\u00fcracaat\u0131 de\u011ferlendirilir, engeli yoksa da se\u00e7imlere girer. Se\u00e7imlerden sonra se\u00e7ilmi\u015f bir siyasinin g\u00f6revden al\u0131nmas\u0131n\u0131n da hukuken \u015fartlar\u0131 vard\u0131r. E\u011fer o \u015fartlar olu\u015fmu\u015fsa, T\u00fcrkiye&#8217;de e\u011fer hukuk varsa, yasalar \u00e7er\u00e7evesinde Yarg\u0131 g\u00fcvenilirse, ba\u011f\u0131ms\u0131zsa, siyasalla\u015fmam\u0131\u015fsa, kimsenin bir endi\u015fesi yoksa ve al\u0131nan kararlardan kimse bir \u015f\u00fcphe duymuyorsa zaten bir tart\u0131\u015fma da yok demektir. T\u00fcrkiye&#8217;de ayn\u0131 ko\u015fullar var m\u0131d\u0131r yok mudur bu ayr\u0131 bir tart\u0131\u015fma konusu&#8221;&nbsp;<\/strong>dedi.<\/p>\n\n\n\n<p>Kayyum konusunun her zaman kar\u015f\u0131s\u0131nda oldu\u011funu belirten Se\u00e7er,&nbsp;<strong>&#8220;Halk iradesi ile gelmi\u015f bir siyasinin anti demokratik ve hukuka ayk\u0131r\u0131 kararlarla g\u00f6revinden al\u0131nmas\u0131na d\u00fcn de kar\u015f\u0131yd\u0131m, \u015fimdi de kar\u015f\u0131y\u0131m, yar\u0131n da kar\u015f\u0131 olaca\u011f\u0131m. Bu siyasi DEM Partili, CHP&#8217;li, AK Partili veya Milliyet\u00e7i Hareket Partili olabilir. Benim i\u00e7in esas olan hukuktur. Hukukun olmad\u0131\u011f\u0131 yerde hi\u00e7bir \u015feyden s\u00f6z edemeyiz. Umut ediyorum \u00f6n\u00fcm\u00fczdeki s\u00fcre\u00e7te T\u00fcrkiye tam anlam\u0131yla demokratik bir \u00fclke, hukuk devleti ve evrensel hukuk normlar\u0131na uyan bir yap\u0131da olur&#8221;&nbsp;<\/strong>s\u00f6zlerine yer verdi.<\/p>\n\n\n\n<p>Mersin B\u00fcy\u00fck\u015fehir K\u00fclt\u00fcr Sanat Bilim Ula\u015ft\u0131rma Ticaret ve Sanayi A.\u015e&#8217;nin Mersin Vergi Dairesi Ba\u015fkanl\u0131\u011f\u0131 Liman Vergi Dairesi&#8217;ne olan 292 milyon 140 bin 994,16 TL vadesi ge\u00e7mi\u015f vergi borcunun tecil ve taksitlendirilebilmesi i\u00e7in; m\u00fclkiyeti B\u00fcy\u00fck\u015fehir&#8217;e ait bir ta\u015f\u0131nmaz\u0131n teminat g\u00f6sterilmesi maddesi de mecliste g\u00f6r\u00fc\u015f\u00fclerek kabul edildi.<\/p>\n\n\n\n<p><strong>Se\u00e7er, SGK borcuyla ilgili konu\u015ftu; &#8220;Hadise \u00e7\u0131kmadan bir hafta \u00f6nce bu konuyu programlam\u0131\u015ft\u0131k&#8221;<\/strong><\/p>\n\n\n\n<p>Maddenin g\u00f6r\u00fc\u015f\u00fcld\u00fc\u011f\u00fc s\u0131rada son g\u00fcnlerde g\u00fcndemde olan belediyelerin SGK ve vergi bor\u00e7lar\u0131 ile ilgili de\u011ferlendirmelerde bulunan Se\u00e7er, B\u00fcy\u00fck\u015fehir&#8217;e haciz gelmeden \u00f6nce bu konuyla ilgili h\u00e2lihaz\u0131rda bir \u00e7al\u0131\u015fma y\u00fcr\u00fctt\u00fcklerini aktard\u0131. Se\u00e7er, parti fark etmeksizin belediyelerin rahat finansman kullanamad\u0131klar\u0131ndan bor\u00e7lar\u0131n\u0131n birikti\u011fini belirterek, bu konu g\u00fcndeme gelmeden yakla\u015f\u0131k bir hafta \u00f6nce bor\u00e7 konusunu programlad\u0131klar\u0131n\u0131 dile getirdi. Bu konuyla banka kredisi kullanarak 190milyon lira SGK&#8217;ye ve 90 milyon lira da Vergi Dairesi&#8217;ne \u00f6deme yapt\u0131klar\u0131n\u0131 duyurdu.Eyl\u00fcl ay\u0131nda bir yap\u0131land\u0131rma beklerken haciz durumuyla kar\u015f\u0131la\u015ft\u0131klar\u0131n\u0131 s\u00f6yleyen Se\u00e7er,&nbsp;<strong>&#8220;Mersin B\u00fcy\u00fck\u015fehir Belediyesi&#8217;nin ciddi bir borcu yok. Belediyenin 1 Nisan 2019&#8217;da 400 milyon dolar borcu vard\u0131. \u015eu anda 155 milyon dolar borcu var. MESK\u0130&#8217;nin 136 milyon dolar borcu vard\u0131. \u015eu an 144 milyon dolar. K\u00fcm\u00fclatifte bizim her iki kurumumuzun 299,5 milyon dolar borcu var. Yani 5 y\u0131lda bor\u00e7 stokumuzda 237,5 milyon dolar bir azalma var. SGK&#8217;ye toplam borcumuz ise 1 milyar 359 milyon lira&#8221;<\/strong>&nbsp;diye konu\u015ftu.<\/p>\n\n\n\n<p><strong>B\u00fcy\u00fck\u015fehir&#8217;in \u00f6\u011frenim yard\u0131mlar\u0131n\u0131n tutarlar\u0131 art\u0131r\u0131ld\u0131<\/strong><\/p>\n\n\n\n<p>B\u00fcy\u00fck\u015fehir&#8217;in her y\u0131l \u00fcniversiteyi kazanan Mersinli \u00f6\u011frencilere verdi\u011fi \u00f6\u011frenim yard\u0131m\u0131 tutarlar\u0131 bu y\u0131l da art\u0131r\u0131ld\u0131. Haz\u0131rl\u0131k s\u0131n\u0131flar\u0131 hari\u00e7 olmak \u00fczere 2 y\u0131ll\u0131k b\u00f6l\u00fcm kazanan \u00f6\u011frencilere 5 bin TL, 4 y\u0131ll\u0131k b\u00f6l\u00fcm kazanan \u00f6\u011frencilere 10 bin TL, 5 y\u0131ll\u0131k b\u00f6l\u00fcm kazanan \u00f6\u011frencilere 12 bin TL ve 6 y\u0131ll\u0131k b\u00f6l\u00fcm kazanan \u00f6\u011frencilere ise 15 bin TL \u00f6\u011frenim yard\u0131m\u0131nda bulunulmas\u0131yla ilgili madde oy birli\u011fi ile kabul edildi.<\/p>\n\n\n\n<p><strong>\u00c7ukurova Belediyeler Birli\u011fi&#8217;nden Meclis karar\u0131yla \u00e7\u0131k\u0131ld\u0131<\/strong><\/p>\n\n\n\n<p>Meclis&#8217;te; Mersin \u0130\u00e7el Sanat Kul\u00fcb\u00fc&#8217;n\u00fcn 4-5-6 Ekim 2024 tarihlerinde d\u00fczenlemeyi planlad\u0131\u011f\u0131 29. Mersin Arkeoloji G\u00fcnleri Etkinli\u011fi i\u00e7in 75 bin TL destek verilmesi ile ilgili madde de oy birli\u011fi ile kabul edildi.<\/p>\n\n\n\n<p>Meclis&#8217;in birimlerden gelen konular b\u00f6l\u00fcm\u00fcnde g\u00f6r\u00fc\u015f\u00fclen maddelerden biri Mersin B\u00fcy\u00fck\u015fehir Belediyesi&#8217;nin; \u00c7ukurova Belediyeler Birli\u011fi&#8217;nden ayr\u0131lmas\u0131 y\u00f6n\u00fcndeki madde oldu. Madde oy \u00e7oklu\u011fu ile kabul edildi.<\/p>\n\n\n\n<p>Toplu ta\u015f\u0131ma hizmetinin aksamamas\u0131 ad\u0131na ihtiya\u00e7 duyulan&nbsp;<strong>&#8216;Elektrikli Toplu Ta\u015f\u0131ma Otob\u00fcs Al\u0131m\u0131 ve GES&#8217;&nbsp;<\/strong>projesinin ger\u00e7ekle\u015ftirilmesi amac\u0131yla Avrupa \u0130mar ve Kalk\u0131nma Bankas\u0131&#8217;ndan (EBRD) temin edilecek kredi bor\u00e7lanmas\u0131 ve hibenin kullan\u0131lmas\u0131 i\u00e7in yetki verilmesi, kredi ve hibeyi i\u00e7eren finansman ile ilgili her t\u00fcrl\u00fc i\u015flemi yapmaya ve Belediye ile ad\u0131 ge\u00e7en banka aras\u0131nda imzalanacak olan Garanti Tazminat ve S\u00f6zle\u015fmesi&#8217;ni imzalamak \u00fczere Ba\u015fkan Se\u00e7er&#8217;e yetki verilmesi ve 60 adet elektrikli otob\u00fcs\u00fcn 2024 y\u0131l\u0131nda edinilecek ta\u015f\u0131tlar cetveline eklenmesi ile ilgili maddeler komisyondan geldi\u011fi \u015fekliyle Meclis toplant\u0131s\u0131nda oy birli\u011fiyle kabul edildi. Se\u00e7er konuyla ilgili olarak, 5 y\u0131l boyunca toplu ta\u015f\u0131mada \u00f6zellikle \u00e7evre dostu ula\u015f\u0131m i\u00e7in \u00e7al\u0131\u015fmalar\u0131 s\u00fcrd\u00fcrd\u00fcklerini ifade ederek,&nbsp;<strong>&#8220;Bu da 5 y\u0131ld\u0131r s\u00fcrd\u00fcrd\u00fc\u011f\u00fcm\u00fcz \u00f6nemli ve de\u011ferli bir \u00e7al\u0131\u015fma. Bu bizim karar\u0131m\u0131za kald\u0131. Yani Mersin i\u00e7in uygunsa, finansman a\u00e7\u0131s\u0131ndan bu bor\u00e7lanma bizim i\u00e7in uygunsa, maliyetleri uygunsa&nbsp;<em>&#8216;Evet&#8217;<\/em>&nbsp;diyece\u011fiz. Yoksa bir m\u00fcddet bekletece\u011fiz. Bunun yetkisini sizden istedik, komisyonumuz da uygun g\u00f6rm\u00fc\u015f&#8221;&nbsp;<\/strong>dedi.<\/p>\n","protected":false},"excerpt":{"rendered":"<p>Mersin B\u00fcy\u00fck\u015fehir Belediye Meclisi&#8217;nin 2024 Y\u0131l\u0131 A\u011fustos Ay\u0131 Ola\u011fan Toplant\u0131s\u0131&#8217;n\u0131n 2. Birle\u015fimi, Mersin B\u00fcy\u00fck\u015fehir Belediye Ba\u015fkan\u0131 Vahap Se\u00e7er ba\u015fkanl\u0131\u011f\u0131nda ger\u00e7ekle\u015ftirildi. Kongre ve Sergi Saray\u0131 \u00c7ok Ama\u00e7l\u0131 Salon&#8217;da ger\u00e7ekle\u015ftirilen Meclis Toplant\u0131s\u0131&#8217;nda komisyonlara havale edilen 15 ve birimlerden gelen 2 madde olmak \u00fczere toplam 17 madde g\u00f6r\u00fc\u015f\u00fcld\u00fc. Meclis toplant\u0131s\u0131 giri\u015finde Mersin B\u00fcy\u00fck\u015fehir Belediyesi Sosyal Hizmetler Dairesi Ba\u015fkanl\u0131\u011f\u0131 [&hellip;]<\/p>\n","protected":false},"author":2,"featured_media":34571,"comment_status":"closed","ping_status":"closed","sticky":false,"template":"","format":"standard","meta":{"footnotes":""},"categories":[2,3,5],"tags":[],"class_list":["post-34570","post","type-post","status-publish","format-standard","has-post-thumbnail","hentry","category-gundem","category-manset","category-mersin"],"views":7,"_links":{"self":[{"href":"https:\/\/mersinkadingazetesi.com\/index.php?rest_route=\/wp\/v2\/posts\/34570"}],"collection":[{"href":"https:\/\/mersinkadingazetesi.com\/index.php?rest_route=\/wp\/v2\/posts"}],"about":[{"href":"https:\/\/mersinkadingazetesi.com\/index.php?rest_route=\/wp\/v2\/types\/post"}],"author":[{"embeddable":true,"href":"https:\/\/mersinkadingazetesi.com\/index.php?rest_route=\/wp\/v2\/users\/2"}],"replies":[{"embeddable":true,"href":"https:\/\/mersinkadingazetesi.com\/index.php?rest_route=%2Fwp%2Fv2%2Fcomments&post=34570"}],"version-history":[{"count":1,"href":"https:\/\/mersinkadingazetesi.com\/index.php?rest_route=\/wp\/v2\/posts\/34570\/revisions"}],"predecessor-version":[{"id":34572,"href":"https:\/\/mersinkadingazetesi.com\/index.php?rest_route=\/wp\/v2\/posts\/34570\/revisions\/34572"}],"wp:featuredmedia":[{"embeddable":true,"href":"https:\/\/mersinkadingazetesi.com\/index.php?rest_route=\/wp\/v2\/media\/34571"}],"wp:attachment":[{"href":"https:\/\/mersinkadingazetesi.com\/index.php?rest_route=%2Fwp%2Fv2%2Fmedia&parent=34570"}],"wp:term":[{"taxonomy":"category","embeddable":true,"href":"https:\/\/mersinkadingazetesi.com\/index.php?rest_route=%2Fwp%2Fv2%2Fcategories&post=34570"},{"taxonomy":"post_tag","embeddable":true,"href":"https:\/\/mersinkadingazetesi.com\/index.php?rest_route=%2Fwp%2Fv2%2Ftags&post=34570"}],"curies":[{"name":"wp","href":"https:\/\/api.w.org\/{rel}","templated":true}]}}