{"id":34573,"date":"2024-08-18T10:46:42","date_gmt":"2024-08-18T07:46:42","guid":{"rendered":"https:\/\/mersinkadingazetesi.com\/?p=34573"},"modified":"2024-08-18T10:46:42","modified_gmt":"2024-08-18T07:46:42","slug":"buyuksehirden-ogretmenlerin-profesyonel-gelisimlerini-destekleyecek-egitim-semineri","status":"publish","type":"post","link":"https:\/\/mersinkadingazetesi.com\/?p=34573","title":{"rendered":"B\u00dcY\u00dcK\u015eEH\u0130R&#8217;DEN \u00d6\u011eRETMENLER\u0130N PROFESYONEL GEL\u0130\u015e\u0130MLER\u0130N\u0130 DESTEKLEYECEK E\u011e\u0130T\u0130M SEM\u0130NER\u0130&#8230;"},"content":{"rendered":"\n<p>A\u00e7t\u0131\u011f\u0131 E\u011fitim ve \u00d6\u011fretimi Destekleme Kurs Merkezleri ile \u00f6\u011frencilerin e\u011fitim hayat\u0131na destek olan Mersin B\u00fcy\u00fck\u015fehir Belediyesi, 2024-2025 E\u011fitim ve \u00d6\u011fretim Y\u0131l\u0131&#8217;n\u0131n yakla\u015fmas\u0131 ile birlikte, \u00f6\u011fretmenlerin daha verimli ve etkin bir \u015fekilde mesleklerini y\u00fcr\u00fctebilmesi ad\u0131na hizmet i\u00e7i e\u011fitim semineri d\u00fczenledi.<\/p>\n\n\n\n<p>Kongre ve Sergi Saray\u0131 \u00c7ok Ama\u00e7l\u0131 Salon&#8217;da ger\u00e7ekle\u015fen etkinli\u011fe, Sosyal Hizmetler Dairesi Ba\u015fkanl\u0131\u011f\u0131 b\u00fcnyesinde g\u00f6rev yapan t\u00fcm \u00f6\u011fretmenler kat\u0131ld\u0131. Seminerde; E\u011fitim Bilimci, Yazar, Do\u00e7. Dr. \u00d6zg\u00fcr Bolat&nbsp;<strong><em>&#8216;Etkili \u00d6\u011frenme Ortam\u0131 Nas\u0131l Olu\u015fturulur&#8217;<\/em><\/strong>&nbsp;konu ba\u015fl\u0131kl\u0131 sunum yapt\u0131. Sunumda; \u00f6\u011frencilerin e\u011fitim hayatlar\u0131nda ebeveynlerin rol\u00fc, \u00e7ocuklar\u0131n okul ba\u015far\u0131s\u0131n\u0131 art\u0131rmak i\u00e7in yap\u0131lmas\u0131 gereken davran\u0131\u015flar, yap\u0131lan do\u011fru ve yanl\u0131\u015f uygulamalar, \u00e7ocuklar\u0131 motive etme bi\u00e7imi, \u00f6d\u00fcl ve ceza sisteminin ba\u015far\u0131ya yans\u0131malar\u0131, \u00e7ocuklara sorumluluk bilinci a\u015f\u0131lama ile g\u00fcnl\u00fck dilde yap\u0131lan yanl\u0131\u015f ifadeler gibi pek \u00e7ok ba\u015fl\u0131k yer ald\u0131.&nbsp;<\/p>\n\n\n\n<p>\u00d6\u011frencilerin okul ve e\u011fitim hayatlar\u0131nda akademik ba\u015far\u0131lar\u0131n\u0131 art\u0131racak uygulamalar\u0131 dile getiren Bolat, ka\u00e7\u0131n\u0131lmas\u0131 gereken \u00f6\u011fretmen ve ebeveyn davran\u0131\u015flar\u0131n\u0131 da anlatt\u0131.&nbsp;&nbsp;Mesleki geli\u015fime katk\u0131 sunan ve fark\u0131ndal\u0131klar\u0131 art\u0131rmay\u0131 ama\u00e7layan seminer, \u00f6\u011fretmenler taraf\u0131ndan da olduk\u00e7a faydal\u0131 bulundu.<\/p>\n\n\n\n<p><strong>Y\u0131ld\u0131r\u0131m: &#8220;\u00d6\u011fretmenlerimizin emek ve \u00f6zverileri ile \u00e7ok iyi sonu\u00e7lar al\u0131yoruz&#8221;<\/strong><\/p>\n\n\n\n<p>Sosyal Hizmetler Dairesi Ba\u015fkan\u0131 Engin Y\u0131ld\u0131r\u0131m, Mersin B\u00fcy\u00fck\u015fehir Belediye Ba\u015fkan\u0131 Vahap Se\u00e7er&#8217;in e\u011fitimde f\u0131rsat e\u015fitli\u011fini her zaman \u00f6nceleyen bir anlay\u0131\u015fa sahip oldu\u011funu ve B\u00fcy\u00fck\u015fehir&#8217;in bu anlay\u0131\u015f\u0131 desteklemek i\u00e7in her il\u00e7ede bir E\u011fitim ve \u00d6\u011fretimi Destekleme Kurs Merkezi a\u00e7t\u0131\u011f\u0131n\u0131 kaydetti. Y\u0131ld\u0131r\u0131m,&nbsp;&nbsp;<strong>&#8220;Bu kentte ya\u015fayan \u00e7ocuklar\u0131n e\u011fitimlerinde f\u0131rsat e\u015fitli\u011fine katk\u0131 sunmak amac\u0131yla yayg\u0131nla\u015ft\u0131rd\u0131\u011f\u0131m\u0131z ve daha da b\u00fcy\u00fct\u00fcp geni\u015fletti\u011fimiz ailemizle ve say\u0131s\u0131n\u0131 art\u0131rd\u0131\u011f\u0131m\u0131z kurs merkezlerimizle t\u00fcm il\u00e7elerimizde hizmet vermekteyiz. \u00c7ok iyi sonu\u00e7lar al\u0131yoruz. Bu sonu\u00e7lar\u0131 da de\u011ferli \u00f6\u011fretmenlerimizin emek ve \u00f6zverisine bor\u00e7luyuz&#8221;<\/strong>&nbsp;dedi.<\/p>\n\n\n\n<p><strong>Bolat: &#8220;Bir \u00e7ocu\u011fun kapasitesini yeterli \u015fekilde kullanmamas\u0131 topluma zarar verir&#8221;<\/strong><\/p>\n\n\n\n<p>Yapt\u0131\u011f\u0131 sunumda, \u00e7ocuklar\u0131n e\u011fitim hayat\u0131nda \u00f6\u011fretmenlerin \u00f6nemli bir rol\u00fc oldu\u011funu aktaran E\u011fitim Bilimci, Yazar Do\u00e7. Dr. \u00d6zg\u00fcr Bolat,&nbsp;<strong>&#8220;Bununla ilgili ara\u015ft\u0131rmalar da var. Bir \u00e7ocuk okuldayken en az bir \u00f6\u011fretmenine g\u00fcveniyorsa, ba\u015far\u0131s\u0131 y\u00fczde 30 art\u0131yor. Anne babalar i\u00e7in en \u00f6nemli olan\u0131 zaten ko\u015fulsuz sevgi. \u00d6\u011fretmen ve \u00e7ocuk da bu sevgi ve g\u00fcven ili\u015fkisini kurunca, \u00e7ocuk kendi \u00f6\u011frenmesinin sorumlulu\u011funu al\u0131yor&#8221;<\/strong>&nbsp;diye konu\u015ftu.<\/p>\n\n\n\n<p>\u00c7ocuklar\u0131n iyi bir e\u011fitim almas\u0131n\u0131n \u00f6nemine de dikkat \u00e7eken Bolat,&nbsp;<strong>&#8220;Bir \u00e7ocu\u011fun kapasitesi varsa, ancak iyi bir e\u011fitim alm\u0131yorsa ve iyi haz\u0131rlanam\u0131yorsa, o \u00e7ocuk kapasitesini kullanam\u0131yor. \u00c7ocuk kapasitesini kullanamay\u0131nca da \u00e7ocuk kaybediyor olabilir ama daha \u00e7ok toplum kaybediyor. Bu anlamda f\u0131rsat e\u015fitli\u011fi ve bunun sunulmu\u015f olmas\u0131 \u00e7ok \u00f6nemli. En \u00f6nemlisi de b\u00f6yle bir misyona inanm\u0131\u015f \u00f6\u011fretmenlerle \u00e7al\u0131\u015fmak. \u00d6\u011fretmenlerde bunu g\u00f6rd\u00fcm. Onun i\u00e7in \u00e7ok mutluyum. Herkesin bunu sa\u011flamas\u0131 gerekir diye d\u00fc\u015f\u00fcn\u00fcyorum&#8221;<\/strong>&nbsp;ifadelerini kulland\u0131.<\/p>\n\n\n\n<p><strong>\u00d6\u011fretmenler semineri, fark\u0131ndal\u0131klar\u0131 art\u0131rmas\u0131 bak\u0131m\u0131ndan olduk\u00e7a faydal\u0131 buldu<\/strong><\/p>\n\n\n\n<p>Silifke E\u011fitimi ve \u00d6\u011fretimi Destekleme Kurs Merkezi&#8217;nde g\u00f6rev yapan Tarih \u00d6\u011fretmeni Avni Yal\u00e7\u0131n seminerin \u00e7ok verimli ge\u00e7ti\u011fini belirterek,&nbsp;<strong>&#8220;Biz \u00f6\u011fretmenler olarak bu seminerden faydaland\u0131k ama kendi \u00f6zelimizde anne ve baba olarak da faydaland\u0131k. S\u0131n\u0131f ortam\u0131ndaki verimin artmas\u0131n\u0131n yan\u0131 s\u0131ra, ev i\u00e7i otorite anlam\u0131nda da yeni bilgiler \u00f6\u011frendik. Bunlar\u0131 hem s\u0131n\u0131fta hem de aile ortam\u0131m\u0131zda uygulayaca\u011f\u0131z&#8221;<\/strong>&nbsp;diye konu\u015ftu.<\/p>\n\n\n\n<p>Yenice E\u011fitimi ve \u00d6\u011fretimi Destekleme Kurs Merkezi&#8217;nde Rehber \u00d6\u011fretmen olarak g\u00f6rev yapan \u0130pek Ay \u0130lker, hizmet i\u00e7i e\u011fitim kapsam\u0131nda \u00f6\u011fretmenlerin bir araya geldi\u011fini ve e\u011fitim y\u0131l\u0131 kapsam\u0131nda neler yapabileceklerini konu\u015ftuklar\u0131n\u0131 ifade etti. Seminerde, \u00e7ocuklar\u0131n ba\u015far\u0131s\u0131n\u0131 art\u0131rmak i\u00e7in yap\u0131lmas\u0131 gerekenleri de konu\u015ftuklar\u0131n\u0131 dile getiren \u0130lker,&nbsp;&nbsp;<strong>&#8220;Empati yo\u011funluklu bir seminer oldu. Bizim i\u00e7in \u00e7ok faydal\u0131 ve g\u00fczel oldu. Keyifli, g\u00fczel, empatimizi y\u00fckseltti\u011fimiz, \u00f6\u011frencilere nas\u0131l yakla\u015faca\u011f\u0131m\u0131z\u0131, motivasyonlar\u0131n\u0131 nas\u0131l y\u00fcksek tutaca\u011f\u0131m\u0131z\u0131 \u00f6\u011frenmi\u015f oldu\u011fumuz verimli bir e\u011fitim oldu&#8221;<\/strong>&nbsp;dedi.<\/p>\n\n\n\n<p>Etkinlikten sonra daha \u00e7ok fark\u0131ndal\u0131k kazand\u0131\u011f\u0131n\u0131 s\u00f6yleyen Rehber \u00d6\u011fretmen Ezgi Aslan ise,&nbsp;<strong>&#8220;Bir \u00f6\u011fretmen olarak, \u00f6\u011frencilere nas\u0131l davranmam\u0131z gerekti\u011finin fark\u0131ndal\u0131\u011f\u0131n\u0131 daha iyi kazand\u0131k. \u00c7\u00fcnk\u00fc \u00e7ocuk ilk e\u011fitimi ailesinde al\u0131yor ve daha sonra bu e\u011fitime okulda devam ediyor. Hepsi bir b\u00fct\u00fcn halinde. O y\u00fczden g\u00fczel bir seminer oldu\u011funu d\u00fc\u015f\u00fcn\u00fcyorum&#8221;&nbsp;<\/strong>ifadelerini kulland\u0131.<\/p>\n","protected":false},"excerpt":{"rendered":"<p>A\u00e7t\u0131\u011f\u0131 E\u011fitim ve \u00d6\u011fretimi Destekleme Kurs Merkezleri ile \u00f6\u011frencilerin e\u011fitim hayat\u0131na destek olan Mersin B\u00fcy\u00fck\u015fehir Belediyesi, 2024-2025 E\u011fitim ve \u00d6\u011fretim Y\u0131l\u0131&#8217;n\u0131n yakla\u015fmas\u0131 ile birlikte, \u00f6\u011fretmenlerin daha verimli ve etkin bir \u015fekilde mesleklerini y\u00fcr\u00fctebilmesi ad\u0131na hizmet i\u00e7i e\u011fitim semineri d\u00fczenledi. Kongre ve Sergi Saray\u0131 \u00c7ok Ama\u00e7l\u0131 Salon&#8217;da ger\u00e7ekle\u015fen etkinli\u011fe, Sosyal Hizmetler Dairesi Ba\u015fkanl\u0131\u011f\u0131 b\u00fcnyesinde g\u00f6rev yapan [&hellip;]<\/p>\n","protected":false},"author":2,"featured_media":34574,"comment_status":"closed","ping_status":"closed","sticky":false,"template":"","format":"standard","meta":{"footnotes":""},"categories":[3,5],"tags":[],"class_list":["post-34573","post","type-post","status-publish","format-standard","has-post-thumbnail","hentry","category-manset","category-mersin"],"views":9,"_links":{"self":[{"href":"https:\/\/mersinkadingazetesi.com\/index.php?rest_route=\/wp\/v2\/posts\/34573"}],"collection":[{"href":"https:\/\/mersinkadingazetesi.com\/index.php?rest_route=\/wp\/v2\/posts"}],"about":[{"href":"https:\/\/mersinkadingazetesi.com\/index.php?rest_route=\/wp\/v2\/types\/post"}],"author":[{"embeddable":true,"href":"https:\/\/mersinkadingazetesi.com\/index.php?rest_route=\/wp\/v2\/users\/2"}],"replies":[{"embeddable":true,"href":"https:\/\/mersinkadingazetesi.com\/index.php?rest_route=%2Fwp%2Fv2%2Fcomments&post=34573"}],"version-history":[{"count":1,"href":"https:\/\/mersinkadingazetesi.com\/index.php?rest_route=\/wp\/v2\/posts\/34573\/revisions"}],"predecessor-version":[{"id":34575,"href":"https:\/\/mersinkadingazetesi.com\/index.php?rest_route=\/wp\/v2\/posts\/34573\/revisions\/34575"}],"wp:featuredmedia":[{"embeddable":true,"href":"https:\/\/mersinkadingazetesi.com\/index.php?rest_route=\/wp\/v2\/media\/34574"}],"wp:attachment":[{"href":"https:\/\/mersinkadingazetesi.com\/index.php?rest_route=%2Fwp%2Fv2%2Fmedia&parent=34573"}],"wp:term":[{"taxonomy":"category","embeddable":true,"href":"https:\/\/mersinkadingazetesi.com\/index.php?rest_route=%2Fwp%2Fv2%2Fcategories&post=34573"},{"taxonomy":"post_tag","embeddable":true,"href":"https:\/\/mersinkadingazetesi.com\/index.php?rest_route=%2Fwp%2Fv2%2Ftags&post=34573"}],"curies":[{"name":"wp","href":"https:\/\/api.w.org\/{rel}","templated":true}]}}