{"id":34576,"date":"2024-08-18T10:49:36","date_gmt":"2024-08-18T07:49:36","guid":{"rendered":"https:\/\/mersinkadingazetesi.com\/?p=34576"},"modified":"2024-08-18T10:49:36","modified_gmt":"2024-08-18T07:49:36","slug":"mersinliler-sise-ragmen-hem-eglendi-hem-ogrendi","status":"publish","type":"post","link":"https:\/\/mersinkadingazetesi.com\/?p=34576","title":{"rendered":"MERS\u0130NL\u0130LER S\u0130SE RA\u011eMEN HEM E\u011eLEND\u0130 HEM \u00d6\u011eREND\u0130"},"content":{"rendered":"\n<p>G\u00f6ky\u00fcz\u00fcn\u00fcn en g\u00fczel olaylar\u0131ndan birisi olan meteor ya\u011fmurunu Mersin&#8217;de de izlemek isteyen y\u00fczlerce ki\u015fi, Mersin B\u00fcy\u00fck\u015fehir Belediyesi&#8217;nin&nbsp;<strong><em>&#8216;G\u00f6ky\u00fcz\u00fc G\u00f6zlem Etkinli\u011fi&#8217;<\/em><\/strong>nde bir araya geldi. Her y\u0131l Temmuz ay\u0131n\u0131n ortas\u0131nda ba\u015flayan ve A\u011fustos ay\u0131n\u0131n 15&#8217;ine kadar devam eden&nbsp;<strong><em>&#8216;Perseid meteor ya\u011fmuru&#8217;&nbsp;<\/em><\/strong>i\u00e7in Mersinliler, Dar\u0131sekisi \u00d6rnek K\u00f6y\u00fc&#8217;ne ak\u0131n etti.<\/p>\n\n\n\n<p>MERCAN 100. Y\u0131l \u0130klim ve \u00c7evre Bilim Merkezi&#8217;nde bulunan T20 VE T25 teleskoplarla yap\u0131lmas\u0131 planlanan g\u00f6ky\u00fcz\u00fc g\u00f6zlemi sisten dolay\u0131 yap\u0131lamazken; Kent Orkestras\u0131&#8217;n\u0131n konseri e\u015fli\u011finde \u015fark\u0131larla, danslarla ba\u015flayan etkinlikte 7&#8217;den 70&#8217;e herkes hem e\u011flendi hem \u00f6\u011frendi. Kurulan at\u00f6lyeler kapsam\u0131nda \u00e7ocuklar; 3D kalem modelleme, VR g\u00f6zl\u00fck deneyimi, G\u00f6k Atlas At\u00f6lyesi ve origaminin yan\u0131 s\u0131ra, bilgilendirme sunumlar\u0131 ile konserin tad\u0131n\u0131 \u00e7\u0131karma \u015fans\u0131 da yakalad\u0131.<\/p>\n\n\n\n<p><strong>Alp: &#8220;G\u00f6ky\u00fcz\u00fc G\u00f6zlem Etkinli\u011fi&#8217;ni ger\u00e7ekle\u015ftiremedik ama keyifli bir gece ge\u00e7irdik&#8221;<\/strong><\/p>\n\n\n\n<p>\u0130klim De\u011fi\u015fikli\u011fi ve S\u0131f\u0131r At\u0131k Dairesi Ba\u015fkan\u0131 Arda Alp, etkinli\u011fe kat\u0131l\u0131m\u0131n \u00e7ok yo\u011fun oldu\u011funu belirterek,&nbsp;<strong>&#8220;Hava muhalefeti nedeniyle G\u00f6ky\u00fcz\u00fc G\u00f6zlem Etkinli\u011fi&#8217;ni ger\u00e7ekle\u015ftiremedik ama keyifli bir gece ge\u00e7irdik. Burada \u00e7ocuklar\u0131m\u0131z i\u00e7in 3D kalem ile modelleme, VR g\u00f6zl\u00fck deneyimi, g\u00f6k atlas\u0131 at\u00f6lyesi, oblek ve origami olarak 5 farkl\u0131 at\u00f6lye \u00e7al\u0131\u015fmalar\u0131 yap\u0131ld\u0131. Ayr\u0131ca bilgilendirme sunumlar\u0131, m\u00fczik dinletisi, at\u00f6lyeler ile verimli ve keyifli bir etkinlik ger\u00e7ekle\u015ftirdik. Kat\u0131l\u0131mlar\u0131ndan dolay\u0131 vatanda\u015flar\u0131m\u0131za te\u015fekk\u00fcr ederiz. G\u00f6zlem etkinliklerimiz devam edecek&#8221;<\/strong>&nbsp;dedi.<\/p>\n\n\n\n<p><strong>Etkinli\u011fe kat\u0131lanlar, e\u011flencenin tad\u0131n\u0131 \u00e7\u0131kard\u0131<\/strong><\/p>\n\n\n\n<p>G\u00f6zlem olmasa dahi \u00e7ok e\u011flendiklerini s\u00f6yleyen Sevil Keser,&nbsp;<strong>&#8220;\u00c7ok mutlu olduk, \u00e7ok e\u011flendik. B\u00f6yle bir \u015feye ihtiyac\u0131m\u0131z vard\u0131. Dar\u0131sekisi&#8217;ni seviyorum. B\u00fct\u00fcn yaz buradaki etkinliklere kat\u0131ld\u0131m. Herkesin gelip g\u00f6rmesi laz\u0131m&#8221;<\/strong>&nbsp;ifadelerine yer verdi.<\/p>\n\n\n\n<p>Konserin \u00e7ok e\u011flenceli ge\u00e7ti\u011fini kaydeden Alican Kolda\u015f, stantlarda keyifli etkinlikler oldu\u011funa de\u011finerek,&nbsp;<strong>&#8220;\u00c7ocuklar\u0131m\u0131z gelece\u011fimiz. \u00c7ocuklar\u0131m\u0131za her zaman sahip \u00e7\u0131kan bir Ba\u015fkan\u0131m\u0131z var ve Ba\u015fkan\u0131m\u0131zdan \u00e7ok memnunum&#8221;<\/strong>&nbsp;\u015feklinde konu\u015ftu.<\/p>\n\n\n\n<p>\u00c7e\u015fit \u00e7e\u015fit etkinlikler yapt\u0131\u011f\u0131n\u0131 ve \u00e7ok keyifli zaman ge\u00e7irdi\u011fini s\u00f6yleyen \u00e7ocuklardan Raperin Ekinci,&nbsp;<strong>&#8220;\u00c7e\u015fitli ve birbirinden e\u011flenceli bir\u00e7ok aktivite var. Sisten dolay\u0131 g\u00f6zlem yapamad\u0131k ama bu durum e\u011flencemizi bozmad\u0131&#8221;&nbsp;<\/strong>ifadelerine yer verdi.<\/p>\n\n\n\n<p>Viyan Ekinci ise,&nbsp;<strong>&#8220;Bo\u015f vaktimi buraya gelerek de\u011ferlendirdim. VR g\u00f6zl\u00fckten sanal ger\u00e7eklik yapt\u0131k. 3D kalem ve Origami yapt\u0131k. Asl\u0131nda buraya g\u00f6ky\u00fcz\u00fcn\u00fc izlemek i\u00e7in gelmi\u015ftik fakat sisten dolay\u0131 olmad\u0131. Yine de \u00e7ok e\u011flendik&#8221;&nbsp;<\/strong>dedi.<\/p>\n\n\n\n<p>Etkinlikte keyifli zaman ge\u00e7irdi\u011fini s\u00f6yleyen Selin S\u00fcmer ise,&nbsp;<strong>&#8220;Bug\u00fcn g\u00f6ky\u00fcz\u00fcn\u00fc sisten dolay\u0131 izleyemedik fakat bir sonraki etkinli\u011fe herkesin gelmesini tavsiye ediyorum. \u00c7\u00fcnk\u00fc buras\u0131 \u00e7ok g\u00fczel&#8221;&nbsp;<\/strong>\u00e7a\u011fr\u0131s\u0131 yapt\u0131.<\/p>\n","protected":false},"excerpt":{"rendered":"<p>G\u00f6ky\u00fcz\u00fcn\u00fcn en g\u00fczel olaylar\u0131ndan birisi olan meteor ya\u011fmurunu Mersin&#8217;de de izlemek isteyen y\u00fczlerce ki\u015fi, Mersin B\u00fcy\u00fck\u015fehir Belediyesi&#8217;nin&nbsp;&#8216;G\u00f6ky\u00fcz\u00fc G\u00f6zlem Etkinli\u011fi&#8217;nde bir araya geldi. Her y\u0131l Temmuz ay\u0131n\u0131n ortas\u0131nda ba\u015flayan ve A\u011fustos ay\u0131n\u0131n 15&#8217;ine kadar devam eden&nbsp;&#8216;Perseid meteor ya\u011fmuru&#8217;&nbsp;i\u00e7in Mersinliler, Dar\u0131sekisi \u00d6rnek K\u00f6y\u00fc&#8217;ne ak\u0131n etti. MERCAN 100. Y\u0131l \u0130klim ve \u00c7evre Bilim Merkezi&#8217;nde bulunan T20 VE T25 [&hellip;]<\/p>\n","protected":false},"author":2,"featured_media":34577,"comment_status":"closed","ping_status":"closed","sticky":false,"template":"","format":"standard","meta":{"footnotes":""},"categories":[1,2,3],"tags":[],"class_list":["post-34576","post","type-post","status-publish","format-standard","has-post-thumbnail","hentry","category-genel","category-gundem","category-manset"],"views":4,"_links":{"self":[{"href":"https:\/\/mersinkadingazetesi.com\/index.php?rest_route=\/wp\/v2\/posts\/34576"}],"collection":[{"href":"https:\/\/mersinkadingazetesi.com\/index.php?rest_route=\/wp\/v2\/posts"}],"about":[{"href":"https:\/\/mersinkadingazetesi.com\/index.php?rest_route=\/wp\/v2\/types\/post"}],"author":[{"embeddable":true,"href":"https:\/\/mersinkadingazetesi.com\/index.php?rest_route=\/wp\/v2\/users\/2"}],"replies":[{"embeddable":true,"href":"https:\/\/mersinkadingazetesi.com\/index.php?rest_route=%2Fwp%2Fv2%2Fcomments&post=34576"}],"version-history":[{"count":1,"href":"https:\/\/mersinkadingazetesi.com\/index.php?rest_route=\/wp\/v2\/posts\/34576\/revisions"}],"predecessor-version":[{"id":34578,"href":"https:\/\/mersinkadingazetesi.com\/index.php?rest_route=\/wp\/v2\/posts\/34576\/revisions\/34578"}],"wp:featuredmedia":[{"embeddable":true,"href":"https:\/\/mersinkadingazetesi.com\/index.php?rest_route=\/wp\/v2\/media\/34577"}],"wp:attachment":[{"href":"https:\/\/mersinkadingazetesi.com\/index.php?rest_route=%2Fwp%2Fv2%2Fmedia&parent=34576"}],"wp:term":[{"taxonomy":"category","embeddable":true,"href":"https:\/\/mersinkadingazetesi.com\/index.php?rest_route=%2Fwp%2Fv2%2Fcategories&post=34576"},{"taxonomy":"post_tag","embeddable":true,"href":"https:\/\/mersinkadingazetesi.com\/index.php?rest_route=%2Fwp%2Fv2%2Ftags&post=34576"}],"curies":[{"name":"wp","href":"https:\/\/api.w.org\/{rel}","templated":true}]}}