{"id":34579,"date":"2024-08-18T10:53:40","date_gmt":"2024-08-18T07:53:40","guid":{"rendered":"https:\/\/mersinkadingazetesi.com\/?p=34579"},"modified":"2024-08-18T10:53:41","modified_gmt":"2024-08-18T07:53:41","slug":"yenisehir-belediyesi-dev-projelerin-temelini-atmaya-devam-ediyor","status":"publish","type":"post","link":"https:\/\/mersinkadingazetesi.com\/?p=34579","title":{"rendered":"Yeni\u015fehir Belediyesi dev projelerin temelini atmaya devam ediyor"},"content":{"rendered":"\n<p>Mersin Yeni\u015fehir Belediyesi, Fuat Morel Mahallesi\u2019nde in\u015fa edilecek ilkokulun temelini att\u0131. 320 \u00f6\u011frenci kapasiteli ilkokulda, Yeni\u015fehir Belediyesi taraf\u0131ndan T\u00fcrkiye\u2019de bir ilk olarak hayata ge\u00e7irilen Beceri Temelli E\u011fitim Merkezi(BETEM)\u2019nde \u00e7ocuklar\u0131n potansiyellerinin ortaya \u00e7\u0131kar\u0131ld\u0131\u011f\u0131 e\u011fitim modeli de uygulanacak. Yeni\u015fehir Belediye Ba\u015fkan\u0131 Abdullah \u00d6zyi\u011fit, <strong>\u201cGelece\u011fe g\u00fcvenle bakan, donan\u0131ml\u0131 ve bilin\u00e7li bireyler yeti\u015ftirmek i\u00e7in \u00e7al\u0131\u015fmalar\u0131m\u0131za devam edece\u011fiz. Bug\u00fcn ataca\u011f\u0131m\u0131z bu temel sadece bir okulun de\u011fil, daha ayd\u0131nl\u0131k bir gelece\u011fin de temelidir.\u201d<\/strong> dedi.<\/p>\n\n\n\n<p>Ge\u00e7ti\u011fimiz g\u00fcn E\u011fri\u00e7am Mahallesi\u2019nde k\u00fct\u00fcphane ve taziyeevinden olu\u015fan k\u00fclt\u00fcr kompleksinin temelini atan Yeni\u015fehir Belediyesi, kente yeni bir proje daha kazand\u0131rarak ilkokulun temelini att\u0131. Yeni\u015fehir Belediyesi B\u00fclent Celal Oktay \u0130lkokulu, sadece \u00e7evre dostu binalara verilen Enerji ve \u00c7evre Dostu Tasar\u0131mda Liderlik (LEED) sertifikas\u0131na uygun olarak in\u015fa edilecek. \u0130lkokulun temel atma t\u00f6renine Yeni\u015fehir Belediye Ba\u015fkan\u0131 Abdullah \u00d6zyi\u011fit ve okulun in\u015faat\u0131n\u0131 \u00fcstlenen hay\u0131rsever i\u015f insan\u0131 Levent Oktay\u2019\u0131n yan\u0131 s\u0131ra \u00f6nceki d\u00f6nem Cumhuriyet Halk Partisi(CHP) Mersin Milletvekilleri Alpay Antmen ve Cengiz G\u00f6k\u00e7el, CHP Yeni\u015fehir \u0130l\u00e7e Ba\u015fkan\u0131 Toprak \u00c7al\u0131\u015fkan, KKTC Mersin Ba\u015fkonsolos Yard\u0131mc\u0131s\u0131 Enver Ta\u015fhan, sivil toplum kurulu\u015flar\u0131n\u0131n ba\u015fkan ve temsilcileri, mahalle muhtarlar\u0131, belediye meclis \u00fcyeleri ve vatanda\u015flar kat\u0131ld\u0131.<\/p>\n\n\n\n<p><strong>Ba\u015fkan \u00d6zyi\u011fit, \u201cBu yat\u0131r\u0131mlar\u0131 ba\u011f\u0131\u015flarla ger\u00e7ekle\u015ftiriyoruz\u201d<\/strong><\/p>\n\n\n\n<p>Temel atma t\u00f6reninde konu\u015fan Yeni\u015fehir Belediye Ba\u015fkan\u0131 Abdullah \u00d6zyi\u011fit, bu yat\u0131r\u0131mlar\u0131 ba\u011f\u0131\u015flarla ger\u00e7ekle\u015ftirdiklerini ve bunun da alt\u0131nda kar\u015f\u0131l\u0131kl\u0131 bir g\u00fcven ili\u015fkisinin yatt\u0131\u011f\u0131n\u0131 s\u00f6yleyerek \u015funlar\u0131 dile getirdi: <strong>\u201cYeni\u015fehir&#8217;imiz i\u00e7in \u00e7ok \u00f6zel bir g\u00fcne daha tan\u0131kl\u0131k ediyoruz. Sal\u0131 g\u00fcn\u00fc E\u011fri\u00e7am Mahallemizde k\u00fclt\u00fcr kompleksimizin temelini atm\u0131\u015ft\u0131k. Ve bug\u00fcn de Fuat Morel Mahallemizde ilkokul projemizin temelini hep birlikte at\u0131yoruz. Yine \u00f6n\u00fcm\u00fczdeki hafta Sal\u0131 g\u00fcn\u00fc b\u00fcy\u00fck kent k\u00fct\u00fcphanesi, \u00e7ocuk k\u00fct\u00fcphanesi ve oyuncak m\u00fczesinden olu\u015facak bir kompleksimizin de temelini atarak, yat\u0131r\u0131mlar\u0131m\u0131za devam edece\u011fiz. Yeni\u015fehir\u2019imize \u015fimdiden hay\u0131rl\u0131 olmas\u0131n\u0131 diliyorum. Bu yat\u0131r\u0131mlar\u0131 ba\u011f\u0131\u015flarla ger\u00e7ekle\u015ftiriyoruz, Belediyemizin b\u00fct\u00e7esinden \u00e7\u0131kan bir bedel yok. Topluma kar\u015f\u0131 sorumluluk hisseden, dayan\u0131\u015fmay\u0131 g\u00f6steren herkese te\u015fekk\u00fcr ediyorum. Bu projelerde kar\u015f\u0131l\u0131kl\u0131 bir g\u00fcven ili\u015fkisi var. Bu g\u00fcveni hissettikleri i\u00e7in ilkokulumuzun ba\u011f\u0131\u015f\u00e7\u0131s\u0131 Levet Oktay ve t\u00fcm ba\u011f\u0131\u015f\u00e7\u0131lar\u0131m\u0131za te\u015fekk\u00fcr ediyorum.\u201d<\/strong><\/p>\n\n\n\n<p>\u201c<strong>Yeni\u015fehir Belediyesi olarak e\u011fitim alan\u0131na b\u00fcy\u00fck \u00f6nem veriyoruz.\u201d<\/strong><\/p>\n\n\n\n<p>Hayata ge\u00e7irdikleri Erken \u00c7ocukluk Geli\u015fimi Projesi hakk\u0131nda konu\u015fan ve Yeni\u015fehirli \u00e7ocuklar\u0131 gelece\u011fin d\u00fcnyas\u0131nda s\u00f6z sahibi bireyler olarak yeti\u015ftirmek i\u00e7in \u00e7al\u0131\u015ft\u0131klar\u0131n\u0131 ifade eden Ba\u015fkan Abdullah \u00d6zyi\u011fit, <strong>\u201c2019 y\u0131l\u0131nda T\u00fcrkiye\u2019de bir ilk olarak hayata ge\u00e7irdi\u011fimiz Erken \u00c7ocukluk Geli\u015fimi Projemizin son halkas\u0131 olarak in\u015fa edece\u011fimiz ilkokulumuz, \u00e7ocuklar\u0131m\u0131z\u0131n gelece\u011fi i\u00e7in \u00e7ok \u00f6nemli bir ad\u0131m olacak. Maalesef \u00e7ocuklar\u0131m\u0131z\u0131 Uluslararas\u0131 \u00d6\u011frenci De\u011ferlendirme Program\u0131(P\u0130SA) de\u011ferlendirmelerinde son s\u0131rada g\u00f6r\u00fcyoruz. Yeni\u015fehir Belediyesi olarak e\u011fitim alan\u0131na b\u00fcy\u00fck \u00f6nem veriyoruz. \u00c7\u00fcnk\u00fc bir toplumun gelece\u011fini \u015fekillendiren en temel unsur e\u011fitimdir, bilimdir. Hayata ge\u00e7irdi\u011fimiz proje kapsam\u0131nda 0-3 ya\u015f aras\u0131 \u00e7ocuklar\u0131 olan anne ve babalar\u0131m\u0131z\u0131 e\u011fitiyoruz, 3-6 ya\u015f aras\u0131ndaki \u00e7ocuklar\u0131m\u0131za beceri temelli e\u011fitim merkezlerimizde e\u011fitim veriyoruz. E\u011fitim modelimiz \u00e7ocuklar\u0131m\u0131z\u0131n bilgiyi nas\u0131l kullanacaklar\u0131n\u0131, sorunlar\u0131 nas\u0131l \u00e7\u00f6zeceklerini ve yarat\u0131c\u0131 d\u00fc\u015f\u00fcnmeyi nas\u0131l geli\u015ftireceklerini \u00f6\u011freten bir yakla\u015f\u0131m\u0131 i\u00e7eriyor. \u00c7ocuklar\u0131m\u0131z\u0131n var olan potansiyelini ortaya \u00e7\u0131kar\u0131yoruz. Beceriyi esas alarak, \u00e7ocuklar\u0131m\u0131z\u0131n yar\u0131n\u0131n d\u00fcnyas\u0131nda s\u00f6z sahibi olacak bireyler olarak yeti\u015fmelerini temel hedef olarak ortaya koyduk.\u201d<\/strong> \u015feklinde konu\u015ftu.<\/p>\n\n\n\n<p>\u201c<strong>Her mahallemize bir BETEM ve k\u00fclt\u00fcr kompleksi kazand\u0131rma gayretimiz devam edecek.\u201d<\/strong><\/p>\n\n\n\n<p>Her mahalleye BETEM ve k\u00fclt\u00fcr kompleksi kazand\u0131rmak i\u00e7in \u00e7al\u0131\u015fmalar\u0131n\u0131 s\u00fcrd\u00fcreceklerini belirten Ba\u015fkan \u00d6zyi\u011fit, <strong>\u201c2 Beceri Temelli E\u011fitim Merkezi(BETEM) a\u00e7t\u0131k, \u00f6n\u00fcm\u00fczdeki ay \u00fc\u00e7\u00fcnc\u00fc BETEM\u2019in temelini ataca\u011f\u0131z. D\u00f6rd\u00fcnc\u00fcs\u00fc ve be\u015fincisi de gelecek. Her mahallemize bir BETEM ve k\u00fclt\u00fcr kompleksi kazand\u0131rma gayretimiz devam edecek. \u015eimdi bunlar\u0131 yaparken de burada e\u011fitim alan \u00f6\u011frencilerimizin velileri, bizden ilkokul talebinde bulundular. Biz de onlara bir okul s\u00f6z\u00fc verdik. Bu s\u00f6z\u00fc tutmam\u0131zda yan\u0131m\u0131zda olan Say\u0131n Levent Oktay\u2019a te\u015fekk\u00fcr ediyoruz. \u00c7ocuklar\u0131m\u0131z\u0131 en iyi \u015fekilde yeti\u015ftirmek, onlar\u0131 bilgiyle, bilimle, sanatla ve sporla donatmak en b\u00fcy\u00fck sorumlulu\u011fumuzdur. Bu sorumluluk bilinciyle, Yeni\u015fehir Belediyesi olarak gelece\u011fe g\u00fcvenle bakan, donan\u0131ml\u0131 ve bilin\u00e7li bireyler yeti\u015ftirmek i\u00e7in \u00e7al\u0131\u015fmalar\u0131m\u0131za devam edece\u011fiz. Bug\u00fcn ataca\u011f\u0131m\u0131z bu temel sadece bir okulun de\u011fil, daha ayd\u0131nl\u0131k bir gelece\u011fin de temelidir. Yeni\u015fehir Belediyesi B\u00fclent Celal Oktay \u0130lkokulumuz kentimize hay\u0131rl\u0131 olsun.\u201d <\/strong>ifadelerini kulland\u0131.<\/p>\n\n\n\n<p>Projenin in\u015faat\u0131n\u0131 \u00fcstlenen i\u015f insan\u0131 Levent Oktay ise yapt\u0131\u011f\u0131 konu\u015fmada \u015funlar\u0131 s\u00f6yledi: <strong>\u201cBize bu f\u0131rsat\u0131 tan\u0131d\u0131\u011f\u0131 i\u00e7in Belediye Ba\u015fkan\u0131m\u0131z Say\u0131n Abdullah \u00d6zyi\u011fit ve ekibine \u00e7ok te\u015fekk\u00fcr ediyoruz. \u0130n\u015fallah y\u00fcz\u00fcm\u00fcz\u00fcn ak\u0131yla \u00e7\u0131k\u0131p bu okulu \u00f6n\u00fcm\u00fczdeki y\u0131l bu tarihte teslim etmekle ilgili hayallerimizi ger\u00e7ekle\u015ftirece\u011fiz.\u201d<\/strong><\/p>\n\n\n\n<p><a><\/a> Konu\u015fmalar\u0131n ard\u0131ndan Yeni\u015fehir Belediyesi B\u00fclent Celal Oktay \u0130lkokulu\u2019nun temeli d\u00fczenlenen t\u00f6renle at\u0131ld\u0131. Yeni\u015fehir Belediyesi, 20 A\u011fustos Sal\u0131 g\u00fcn\u00fc Leyla K\u00fcrk Kent K\u00fct\u00fcphanesi ve Sosyal Tesisleri\u2019nin de temelini atacak.<\/p>\n","protected":false},"excerpt":{"rendered":"<p>Mersin Yeni\u015fehir Belediyesi, Fuat Morel Mahallesi\u2019nde in\u015fa edilecek ilkokulun temelini att\u0131. 320 \u00f6\u011frenci kapasiteli ilkokulda, Yeni\u015fehir Belediyesi taraf\u0131ndan T\u00fcrkiye\u2019de bir ilk olarak hayata ge\u00e7irilen Beceri Temelli E\u011fitim Merkezi(BETEM)\u2019nde \u00e7ocuklar\u0131n potansiyellerinin ortaya \u00e7\u0131kar\u0131ld\u0131\u011f\u0131 e\u011fitim modeli de uygulanacak. Yeni\u015fehir Belediye Ba\u015fkan\u0131 Abdullah \u00d6zyi\u011fit, \u201cGelece\u011fe g\u00fcvenle bakan, donan\u0131ml\u0131 ve bilin\u00e7li bireyler yeti\u015ftirmek i\u00e7in \u00e7al\u0131\u015fmalar\u0131m\u0131za devam edece\u011fiz. Bug\u00fcn ataca\u011f\u0131m\u0131z [&hellip;]<\/p>\n","protected":false},"author":2,"featured_media":34580,"comment_status":"closed","ping_status":"closed","sticky":false,"template":"","format":"standard","meta":{"footnotes":""},"categories":[34,2,3,5],"tags":[],"class_list":["post-34579","post","type-post","status-publish","format-standard","has-post-thumbnail","hentry","category-flas-haber","category-gundem","category-manset","category-mersin"],"views":6,"_links":{"self":[{"href":"https:\/\/mersinkadingazetesi.com\/index.php?rest_route=\/wp\/v2\/posts\/34579"}],"collection":[{"href":"https:\/\/mersinkadingazetesi.com\/index.php?rest_route=\/wp\/v2\/posts"}],"about":[{"href":"https:\/\/mersinkadingazetesi.com\/index.php?rest_route=\/wp\/v2\/types\/post"}],"author":[{"embeddable":true,"href":"https:\/\/mersinkadingazetesi.com\/index.php?rest_route=\/wp\/v2\/users\/2"}],"replies":[{"embeddable":true,"href":"https:\/\/mersinkadingazetesi.com\/index.php?rest_route=%2Fwp%2Fv2%2Fcomments&post=34579"}],"version-history":[{"count":1,"href":"https:\/\/mersinkadingazetesi.com\/index.php?rest_route=\/wp\/v2\/posts\/34579\/revisions"}],"predecessor-version":[{"id":34581,"href":"https:\/\/mersinkadingazetesi.com\/index.php?rest_route=\/wp\/v2\/posts\/34579\/revisions\/34581"}],"wp:featuredmedia":[{"embeddable":true,"href":"https:\/\/mersinkadingazetesi.com\/index.php?rest_route=\/wp\/v2\/media\/34580"}],"wp:attachment":[{"href":"https:\/\/mersinkadingazetesi.com\/index.php?rest_route=%2Fwp%2Fv2%2Fmedia&parent=34579"}],"wp:term":[{"taxonomy":"category","embeddable":true,"href":"https:\/\/mersinkadingazetesi.com\/index.php?rest_route=%2Fwp%2Fv2%2Fcategories&post=34579"},{"taxonomy":"post_tag","embeddable":true,"href":"https:\/\/mersinkadingazetesi.com\/index.php?rest_route=%2Fwp%2Fv2%2Ftags&post=34579"}],"curies":[{"name":"wp","href":"https:\/\/api.w.org\/{rel}","templated":true}]}}