{"id":34582,"date":"2024-08-18T10:55:35","date_gmt":"2024-08-18T07:55:35","guid":{"rendered":"https:\/\/mersinkadingazetesi.com\/?p=34582"},"modified":"2024-08-18T10:55:36","modified_gmt":"2024-08-18T07:55:36","slug":"defnede-iktidar-halkin-malini-gasp-ediyor","status":"publish","type":"post","link":"https:\/\/mersinkadingazetesi.com\/?p=34582","title":{"rendered":"&#8220;Defne&#8217;de iktidar, halk\u0131n mal\u0131n\u0131 gasp ediyor&#8221;"},"content":{"rendered":"\n<p>DEM Parti Mersin Milletvekili Ali Bozan, Hatay&#8217;\u0131n Defne il\u00e7esinde iktidar taraf\u0131ndan 40 a\u011fac\u0131ndan gasp edilenlerden geriye kalan 8&#8217;i i\u00e7in 28 g\u00fcnd\u00fcr arazisinde n\u00f6bet tutan \u00c7i\u011fdem Arslan&#8217;\u0131 ziyaret etti, direni\u015fini selamlad\u0131. Bozan, Defne&#8217;de iktidar eliyle halk\u0131n mal\u0131n\u0131n gasp edildi\u011fini s\u00f6yledi.<\/p>\n\n\n\n<p>\u00c7i\u011fdem Arslan, 6 \u015eubat depreminde hasarl\u0131 binas\u0131n\u0131n rezerv alan\u0131 uygulamas\u0131ndaki belirsizli\u011fi ile bo\u011fu\u015furken, iktidar\u0131n hukuksuzlu\u011fu ikinci bir dert olarak omuzlar\u0131na y\u00fcklendi.<\/p>\n\n\n\n<p>Bir sabah Hatay&#8217;\u0131n Defne il\u00e7esinin Ball\u0131\u00f6z Mahallesi&#8217;ndeki arazisine giden \u00c7i\u011fdem Arslan, 150 y\u0131ll\u0131k 40 zeytin a\u011fac\u0131n\u0131n 32&#8217;sinin kesildi\u011fini g\u00f6r\u00fcyor. Arazisindeki k\u0131y\u0131m\u0131n sebebini anlamayan Arslan, u\u011fra\u015flar\u0131 sonucu a\u011fa\u00e7lar\u0131n kendinden habersiz bir \u015fekilde TOK\u0130 konutlar\u0131na gidecek yol i\u00e7in s\u00f6k\u00fcld\u00fc\u011f\u00fcn\u00fc \u00f6\u011freniyor. K\u0131y\u0131mdan geriye kalan 8 a\u011fac\u0131n\u0131 korumak i\u00e7in ise arazisine \u00e7ad\u0131r kurup 28 g\u00fcnd\u00fcr direniyor.<\/p>\n\n\n\n<p>Halklar\u0131n E\u015fitlik ve Demokrasi Partisi (DEM Parti) Mersin Milletvekili Ali Bozan, il ve il\u00e7e y\u00f6neticileri ile birlikte \u00c7i\u011fdem Arslan&#8217;\u0131 ziyaret edip &#8220;Yan\u0131nday\u0131z&#8221; mesaj\u0131n\u0131 verdi.<\/p>\n\n\n\n<p>M\u0130LLETVEK\u0130L\u0130 BOZAN: &#8220;DEFNE&#8217;DE YAPILAN \u0130KT\u0130DAR EL\u0130YLE HALKIN MALINI GASPTIR&#8221;<\/p>\n\n\n\n<p>Milletvekili Bozan, yap\u0131lan\u0131n iktidar eliyle gasp oldu\u011funu belirterek, halk\u0131n y\u00f6neticilerden mal\u0131n\u0131 korumaya \u00e7al\u0131\u015ft\u0131\u011f\u0131 bir d\u00f6nemin ya\u015fand\u0131\u011f\u0131n\u0131 aktard\u0131. &#8220;Direni\u015finize sa\u011fl\u0131k&#8221; diyerek s\u00f6zlerini s\u00fcrd\u00fcren Bozan, &#8220;\u0130ktidar\u0131n beklemedi\u011fi \u015fey sizin buradaki direni\u015finiz. Mevcut iktidar\u0131n en \u00e7ok korktu\u011fu \u015fey halk\u0131n direni\u015fidir. \u0130\u015fte tam da bundan kaynakl\u0131 itiraz eden, direnen yurtta\u015ftan korkuyorlar. Ama \u015funu bilin; direni\u015finizde yaln\u0131z de\u011filsiniz. Asla ve asla yaln\u0131z oldu\u011funuzu d\u00fc\u015f\u00fcnmeyin&#8221; dedi.<\/p>\n\n\n\n<p>Bozan, iktidar\u0131n Hatay halk\u0131 \u00fczerindeki zulm\u00fcn\u00fcn nedenini&nbsp;&nbsp;kentin demografik yap\u0131s\u0131n\u0131 de\u011fi\u015ftirmeye y\u00f6nelik oldu\u011funu vurgulad\u0131. Bozan, &#8220;Ke\u015fke bu ya\u015fan\u0131lanlara devletin bir kurumunun ihmali diyebilsek. Bunlar\u0131n hi\u00e7biri ihmal de\u011fil, kas\u0131tl\u0131 yap\u0131lan \u015feyler. Temel ama\u00e7; burada g\u00fcnl\u00fck ya\u015fam\u0131 olabildi\u011fince zorla\u015ft\u0131r\u0131p burada ya\u015fayan yurtta\u015flar\u0131n buradan \u00e7\u0131kmas\u0131na neden olmak. Defne&#8217;de Defneli kalmas\u0131n, Samanda\u011f&#8217;da Samanda\u011fl\u0131 kalmas\u0131n istiyorlar. Burada ya\u015fayan bir yurtta\u015f ba\u015fka bir yere gitti\u011finde sudan \u00e7\u0131km\u0131\u015f bal\u0131\u011fa benzer. Burada ya\u015fayan yurtta\u015flar, &#8216;biz k\u00fclt\u00fcr\u00fcm\u00fczle ancak burada ya\u015fayabiliriz&#8217; diyor&#8221; ifadelerini kulland\u0131.<\/p>\n\n\n\n<p>ARSLAN: &#8220;GELS\u0130NLER KEP\u00c7EYLE \u00c7IKARSINLAR. b\u0130Z HANG\u0130 ACIYA DAYANACA\u011eIZ&#8221;<\/p>\n\n\n\n<p>Zeytin a\u011fa\u00e7lar\u0131 i\u00e7in direni\u015f n\u00f6betini s\u00fcrd\u00fcren \u00c7i\u011fdem Arslan, kendisine ziyarette bulunan heyeti selamlayarak, &#8220;Acil kamula\u015fma yok. Kamula\u015ft\u0131rma karar\u0131 da yok. Valili\u011fin &#8216;ge\u00e7ici el koyma karar\u0131&#8217; varm\u0131\u015f ama bizim bundan da haberimiz yok. 28 g\u00fcnd\u00fcr hastal\u0131\u011f\u0131ma ra\u011fmen ilkel ko\u015fullarda a\u011fa\u00e7lar\u0131m i\u00e7in m\u00fccadelemi veriyorum. Ben bu durumda ya\u015fayamam. Buradan \u00e7\u0131karsam ya\u015fayamam. O y\u00fczden ben burada \u00e7ad\u0131rda \u00f6l\u00fcr\u00fcm. Yetkileri yok. Yetkiyi kazand\u0131klar\u0131 zaman gelsinler kep\u00e7eyle \u00e7\u0131kars\u0131nlar. Ba\u015fka \u00e7\u0131kar\u0131m\u0131z kalmad\u0131 art\u0131k. \u00c7\u00fcnk\u00fc \u00e7ok yorulduk. Depremden bu yana 18 ay ge\u00e7ti. Biz hangi ac\u0131ya dayanaca\u011f\u0131z. Direnece\u011fiz&#8221; dedi.<\/p>\n","protected":false},"excerpt":{"rendered":"<p>DEM Parti Mersin Milletvekili Ali Bozan, Hatay&#8217;\u0131n Defne il\u00e7esinde iktidar taraf\u0131ndan 40 a\u011fac\u0131ndan gasp edilenlerden geriye kalan 8&#8217;i i\u00e7in 28 g\u00fcnd\u00fcr arazisinde n\u00f6bet tutan \u00c7i\u011fdem Arslan&#8217;\u0131 ziyaret etti, direni\u015fini selamlad\u0131. Bozan, Defne&#8217;de iktidar eliyle halk\u0131n mal\u0131n\u0131n gasp edildi\u011fini s\u00f6yledi. \u00c7i\u011fdem Arslan, 6 \u015eubat depreminde hasarl\u0131 binas\u0131n\u0131n rezerv alan\u0131 uygulamas\u0131ndaki belirsizli\u011fi ile bo\u011fu\u015furken, iktidar\u0131n hukuksuzlu\u011fu ikinci [&hellip;]<\/p>\n","protected":false},"author":2,"featured_media":34583,"comment_status":"closed","ping_status":"closed","sticky":false,"template":"","format":"standard","meta":{"footnotes":""},"categories":[2,3,5],"tags":[],"class_list":["post-34582","post","type-post","status-publish","format-standard","has-post-thumbnail","hentry","category-gundem","category-manset","category-mersin"],"views":7,"_links":{"self":[{"href":"https:\/\/mersinkadingazetesi.com\/index.php?rest_route=\/wp\/v2\/posts\/34582"}],"collection":[{"href":"https:\/\/mersinkadingazetesi.com\/index.php?rest_route=\/wp\/v2\/posts"}],"about":[{"href":"https:\/\/mersinkadingazetesi.com\/index.php?rest_route=\/wp\/v2\/types\/post"}],"author":[{"embeddable":true,"href":"https:\/\/mersinkadingazetesi.com\/index.php?rest_route=\/wp\/v2\/users\/2"}],"replies":[{"embeddable":true,"href":"https:\/\/mersinkadingazetesi.com\/index.php?rest_route=%2Fwp%2Fv2%2Fcomments&post=34582"}],"version-history":[{"count":1,"href":"https:\/\/mersinkadingazetesi.com\/index.php?rest_route=\/wp\/v2\/posts\/34582\/revisions"}],"predecessor-version":[{"id":34584,"href":"https:\/\/mersinkadingazetesi.com\/index.php?rest_route=\/wp\/v2\/posts\/34582\/revisions\/34584"}],"wp:featuredmedia":[{"embeddable":true,"href":"https:\/\/mersinkadingazetesi.com\/index.php?rest_route=\/wp\/v2\/media\/34583"}],"wp:attachment":[{"href":"https:\/\/mersinkadingazetesi.com\/index.php?rest_route=%2Fwp%2Fv2%2Fmedia&parent=34582"}],"wp:term":[{"taxonomy":"category","embeddable":true,"href":"https:\/\/mersinkadingazetesi.com\/index.php?rest_route=%2Fwp%2Fv2%2Fcategories&post=34582"},{"taxonomy":"post_tag","embeddable":true,"href":"https:\/\/mersinkadingazetesi.com\/index.php?rest_route=%2Fwp%2Fv2%2Ftags&post=34582"}],"curies":[{"name":"wp","href":"https:\/\/api.w.org\/{rel}","templated":true}]}}