{"id":34588,"date":"2024-08-18T10:59:26","date_gmt":"2024-08-18T07:59:26","guid":{"rendered":"https:\/\/mersinkadingazetesi.com\/?p=34588"},"modified":"2024-08-18T10:59:27","modified_gmt":"2024-08-18T07:59:27","slug":"sarikecili-yoruk-mustafa-hayaline-buyuksehir-belediyesiyle-kavustu","status":"publish","type":"post","link":"https:\/\/mersinkadingazetesi.com\/?p=34588","title":{"rendered":"SARIKE\u00c7\u0130L\u0130 Y\u00d6R\u00dcK MUSTAFA, HAYAL\u0130NE B\u00dcY\u00dcK\u015eEH\u0130R BELED\u0130YES\u0130&#8217;YLE KAVU\u015eTU"},"content":{"rendered":"\n<p>Mersin B\u00fcy\u00fck\u015fehir Belediyesi&#8217;nin sa\u011flad\u0131\u011f\u0131 e\u011fitimde f\u0131rsat e\u015fitli\u011finin bir numaral\u0131 g\u00f6stergesi olan E\u011fitim ve \u00d6\u011fretimi Destekleme Kurs Merkezleri, verdi\u011fi e\u011fitimle gen\u00e7lerin yolunu a\u00e7\u0131p, hayallerine ula\u015fmas\u0131n\u0131 sa\u011fl\u0131yor. Sar\u0131ke\u00e7ili Y\u00f6r\u00fck Mustafa Ta\u015f da onlardan biri. Ailesiyle \u00e7ad\u0131rda ya\u015fayan Mustafa Ta\u015f, B\u00fcy\u00fck\u015fehir Belediyesi&#8217;nin deste\u011fiyle haz\u0131rland\u0131\u011f\u0131 YKS&#8217;de g\u00f6sterdi\u011fi ba\u015far\u0131 sayesinde istedi\u011fi b\u00f6l\u00fcme yerle\u015ferek, hayali olan \u00f6\u011fretmenli\u011fe bir ad\u0131m daha yakla\u015ft\u0131.<\/p>\n\n\n\n<p>E\u011fitim ve \u00d6\u011fretimi Destekleme Kurs Merkezi Silifke \u015fubesinde YKS&#8217;ye haz\u0131rlanan Mustafa Ta\u015f, s\u00f6zel puan s\u0131ralamas\u0131nda 8 bin 699&#8217;uncu olarak \u00d6zel E\u011fitim \u00d6\u011fretmenli\u011fi b\u00f6l\u00fcm\u00fcn\u00fc kazand\u0131. S\u0131nava haz\u0131rl\u0131k s\u00fcreci boyunca yurtta kalan Ta\u015f, zaman zaman da ailesinin yan\u0131na giderek, onlara destek oldu.<\/p>\n\n\n\n<p>Silifke&#8217;nin merkezine yakla\u015f\u0131k 105 kilometre uzakl\u0131kta olan \u00d6zboynuinceli Mahallesi Susama mevkiinde ya\u015fayan ailesinin yan\u0131na da s\u0131k s\u0131k giden Ta\u015f, \u00e7obanl\u0131k yapan babas\u0131na da yard\u0131m etti. Ailesinin yan\u0131nda ke\u00e7i otlat\u0131p, peynir yap\u0131m\u0131na yard\u0131m eden Ta\u015f&#8217;\u0131n s\u0131nav s\u00fcreci \u00e7ad\u0131r, okul, kurs merkezi ve yurt aras\u0131nda ge\u00e7ti. Yo\u011fun bir s\u00fcrecin ard\u0131ndan YKS&#8217;de g\u00f6sterdi\u011fi ba\u015far\u0131 hem kendisini hem ailesini hem de onu s\u0131nava haz\u0131rlayan \u00f6\u011fretmenlerini mutlu etti. Kursa kay\u0131t oldu\u011fu andan itibaren Ta\u015f&#8217;\u0131n yan\u0131nda olan B\u00fcy\u00fck\u015fehir Belediyesi, hem e\u011fitim hem de sosyal aktivite anlam\u0131nda destek sa\u011flad\u0131. Silifke kurs \u00f6\u011fretmenleri sadece Mustafa&#8217;y\u0131 de\u011fil \u00e7ad\u0131ra yapt\u0131\u011f\u0131 ziyaretleriyle aileyi de yaln\u0131z b\u0131rakmad\u0131. Aile, t\u00fcm deste\u011fi i\u00e7in B\u00fcy\u00fck\u015fehir Belediyesi&#8217;ne minnettar.<\/p>\n\n\n\n<p><strong>&#8220;Hedefim \u00f6\u011fretmen olup \u00fclkeme, \u00f6\u011frencilerime faydal\u0131 olmak&#8221;<\/strong><\/p>\n\n\n\n<p>Mustafa Ta\u015f, par\u00e7as\u0131 oldu\u011fu Y\u00f6r\u00fck hayat\u0131n\u0131 anlatarak,&nbsp;<strong>&#8220;Hareketli bir hayat. Burada ke\u00e7ilerle ilgileniyoruz, yemliyoruz, sa\u011f\u0131yoruz, peynir yap\u0131yoruz&#8221;&nbsp;<\/strong>dedi.T\u00fcm bunlarla birlikte e\u011fitim hayat\u0131n\u0131 da s\u00fcrd\u00fcren Ta\u015f,<strong>&nbsp;&#8220;Okuldan \u00e7\u0131kt\u0131ktan sonra B\u00fcy\u00fck\u015fehir&#8217;in kurs merkezine gidiyordum. Yurda d\u00f6nd\u00fc\u011f\u00fcmde ders \u00e7al\u0131\u015f\u0131yordum. Hafta sonu denemelerimiz oluyordu&#8221;&nbsp;<\/strong>dedi.<\/p>\n\n\n\n<p>Kurs merkezinin kendisini her y\u00f6nden besledi\u011fini s\u00f6yleyen Mustafa Ta\u015f,<strong>&nbsp;&#8220;\u00d6zellikle unuttu\u011fum bilgileri hat\u0131rl\u0131yordum. Daha iyi bir \u00e7al\u0131\u015fma ortam\u0131 sa\u011flad\u0131. \u00d6\u011fretmenlerimiz \u00e7ok iyiydi. Bizimle \u00e7ok ilgilendiler. Soru sordu\u011fumuzda hep \u00e7ok yard\u0131mc\u0131 oldular&#8221;&nbsp;<\/strong>diye konu\u015ftu.<\/p>\n\n\n\n<p>Kald\u0131\u011f\u0131 yurtta bol bol test \u00e7\u00f6zerek s\u0131nava s\u0131k\u0131 bir \u015fekilde haz\u0131rland\u0131\u011f\u0131n\u0131 kaydeden Mustafa \u015f\u00f6yle devam etti:<\/p>\n\n\n\n<p><strong>&#8220;Akl\u0131ma tak\u0131lan bir \u015fey olunca not ald\u0131m. Kurs merkezindeki \u00f6\u011fretmenlerim yard\u0131mc\u0131 oldu. S\u0131nav\u0131m iyi ge\u00e7ti. Karamano\u011flu Mehmetbey \u00dcniversitesi&#8217;nde \u00d6zel E\u011fitim \u00d6\u011fretmenli\u011fi b\u00f6l\u00fcm\u00fcn\u00fc kazand\u0131m. Bundan sonraki hedefim \u00f6\u011fretmen olup \u00fclkeme, \u00f6\u011frencilerime faydal\u0131 olmak. Aileme de yard\u0131mc\u0131 olmak istiyorum. Okulum bittikten sonra ailem i\u00e7in iyi bir ev yapt\u0131rmak istiyorum.&#8221;<\/strong><\/p>\n\n\n\n<p>Mustafa&#8217;n\u0131n en b\u00fcy\u00fck te\u015fekk\u00fcr\u00fc ise kendisine bu imkan\u0131 sa\u011flayan Ba\u015fkan Se\u00e7er&#8217;e oldu. Ta\u015f,<strong>&nbsp;&#8220;Bizim arkam\u0131zda durdu\u011fu i\u00e7in ona y\u00fcrekten te\u015fekk\u00fcr ediyorum&#8221;&nbsp;<\/strong>dedi.<\/p>\n\n\n\n<p><strong>Baba Ta\u015f: &#8220;O\u011flum y\u0131lmad\u0131, okudu&#8221;<\/strong><\/p>\n\n\n\n<p>Yaz, k\u0131\u015f fark etmeksizin \u00e7ad\u0131rda ya\u015fayan Ta\u015f ailesi \u00e7ocuklar\u0131n\u0131n ba\u015far\u0131s\u0131yla mutlu oldu. \u00c7obanl\u0131k yapan baba Halil Ta\u015f,&nbsp;<strong>&#8220;\u00c7obanl\u0131k yap\u0131yoruz. Hayat\u0131m\u0131z da\u011flarda&#8221;<\/strong>&nbsp;dedi. O\u011flunun \u00fcniversiteyi kazanmas\u0131n\u0131&nbsp;<strong><em>&#8216;kendini kurtard\u0131&#8217;<\/em><\/strong>&nbsp;c\u00fcmleleriyle de\u011ferlendiren baba Ta\u015f, yaz ve k\u0131\u015f g\u00f6\u00e7ebe durumda olduklar\u0131 i\u00e7in Mustafa&#8217;n\u0131n belirli d\u00f6nemlerde okula gidemedi\u011fine de\u011findi. Ta\u015f,&nbsp;<strong>&#8220;Allaha \u015f\u00fck\u00fcr kendini kurtard\u0131. Sahil s\u0131cak oldu\u011fundan erken g\u00f6\u00e7\u00fcyorduk, o y\u00fczden bir hafta,10 g\u00fcn okula gidemedi\u011fi oldu. Yine a\u015fa\u011f\u0131 g\u00f6\u00e7erken de 2 hafta ge\u00e7 g\u00f6\u00e7\u00fcyorduk, o zaman da 15-20 g\u00fcn okula ge\u00e7 ba\u015flad\u0131&#8221;&nbsp;<\/strong>dedi.<\/p>\n\n\n\n<p>Baba Ta\u015f, t\u00fcm bunlar\u0131n aras\u0131nda \u00fcniversiteyi kazanan o\u011fluyla gurur duydu\u011funu s\u00f6yleyerek,<strong>&nbsp;&#8220;Silifke&#8217;de yat\u0131l\u0131 kald\u0131.<\/strong>&nbsp;<strong>Y\u0131lmad\u0131, usanmad\u0131 okudu. Gurur duyuyorum, seviniyorum. \u0130n\u015fallah di\u011fer \u00e7ocuklar\u0131m da \u00fcniversiteyi kazan\u0131r&#8221;&nbsp;<\/strong>ifadelerine yer verdi. B\u00fcy\u00fck\u015fehir&#8217;in destekleri i\u00e7in te\u015fekk\u00fcr eden baba Ta\u015f,&nbsp;<strong>&#8220;Ba\u015fkan\u0131ma, \u00f6\u011fretmenlere ve b\u00fct\u00fcn \u00e7al\u0131\u015fanlar\u0131na te\u015fekk\u00fcr ediyorum. Mustafa&#8217;n\u0131n okumas\u0131nda \u00e7ok faydalar\u0131, \u00e7ok yard\u0131mlar\u0131 oldu, bizleri yaln\u0131z b\u0131rakmad\u0131lar. Ellerinden ne geliyorsa yard\u0131m ettiler&#8221;&nbsp;<\/strong>diye konu\u015ftu.<\/p>\n\n\n\n<p><strong>Y\u00fcksek: &#8220;Hem bizleri hem ailesini gururland\u0131rd\u0131&#8221;<\/strong><\/p>\n\n\n\n<p>E\u011fitim ve \u00d6\u011fretimi Destekleme Kurs Merkezi Silifke \u015eubesi Sorumlusu G\u00fcrkan Y\u00fcksek, e\u011fitim s\u00fcreci boyunca hem Mustafa&#8217;n\u0131n hem de ailesinin yan\u0131nda olduklar\u0131n\u0131 belirtti. Mustafa&#8217;n\u0131n parlak bir \u00f6\u011frenci oldu\u011funu ifade eden Y\u00fcksek,&nbsp;<strong>&#8220;E\u011fitim s\u00fcreci boyunca Mustafa&#8217;n\u0131n \u00e7al\u0131\u015fmalar\u0131 zaten hemen dikkatimizi \u00e7ekti. T\u00fcm kurum olarak s\u00fcre\u00e7 i\u00e7erisinde gerekli yard\u0131mlar\u0131 yapt\u0131k. Bu s\u00fcre\u00e7te hem Mustafa&#8217;n\u0131n hem de ailesinin yan\u0131nda olduk, ziyaretlerde bulunduk. Ve sonunda Mustafa s\u00f6zel puan s\u0131ralamas\u0131nda 8 bin 699&#8217;uncu olarak hem bizleri hem ailesini gururland\u0131rd\u0131&#8221;&nbsp;<\/strong>dedi.<\/p>\n\n\n\n<p><strong>&#8220;Mustafa&#8217;n\u0131n ba\u015far\u0131s\u0131 bir\u00e7ok \u00f6\u011frenciye \u00f6rnek&#8221;<\/strong><\/p>\n\n\n\n<p>Mustafa&#8217;n\u0131n ba\u015far\u0131s\u0131nda e\u011fitimde f\u0131rsat e\u015fitli\u011fi ilkesine dayanan kurs merkezinin de pay\u0131 oldu\u011funu s\u00f6zlerine ekleyen Y\u00fcksek,&nbsp;<strong>&#8220;Say\u0131n Ba\u015fkan\u0131m\u0131z Vahap Se\u00e7er&#8217;in e\u011fitimde f\u0131rsat e\u015fitli\u011fi d\u00fcsturu var. Bu d\u00fcsturun, Mustafa&#8217;n\u0131n ba\u015far\u0131s\u0131n\u0131 sa\u011flamas\u0131nda en b\u00fcy\u00fck etken oldu\u011funu d\u00fc\u015f\u00fcn\u00fcyorum. Maddi durumu olmayan \u00f6\u011frencilerin de e\u011fitim alarak bir yerlere gelebilece\u011finin kan\u0131t\u0131d\u0131r. Mustafa&#8217;n\u0131n ya\u015fam \u015fartlar\u0131n\u0131 g\u00f6rd\u00fcn\u00fcz. Yaz\u0131n ve k\u0131\u015f\u0131n ayn\u0131 \u015fartlarda ya\u015fayan bir \u00f6\u011frencinin bu \u015fekilde bir yerlere gelebilmesi bir\u00e7ok \u00f6\u011frenciye de \u00f6rnek te\u015fkil etmeli&#8221;<\/strong>&nbsp;diye belirtti.<\/p>\n\n\n\n<p><strong>Buldu: &#8220;\u0130mkans\u0131zl\u0131klar i\u00e7inden kendisine imkan yaratt\u0131&#8221;<\/strong><\/p>\n\n\n\n<p>E\u011fitim ve \u00d6\u011fretimi Destekleme Kurs Merkezi Silifke \u015eubesi Rehber \u00d6\u011fretmeni Yunus Emre Buldu da Mustafa&#8217;n\u0131n \u00e7ok \u00e7al\u0131\u015fkan bir \u00f6\u011frenci oldu\u011funu ifade ederek,&nbsp;&nbsp;<strong>&#8220;Mustafa&#8217;n\u0131n ba\u015far\u0131l\u0131 bir \u00f6\u011frenci olaca\u011f\u0131n\u0131 kursa ilk ba\u015flad\u0131\u011f\u0131nda yap\u0131lan deneme analizlerinde fark ettik ve yak\u0131n markaj\u0131m\u0131za ald\u0131k. Eksik kald\u0131\u011f\u0131 konular i\u00e7in birebir et\u00fctler ayarlayarak ba\u015far\u0131l\u0131 olmas\u0131 i\u00e7in daha \u00e7ok destek olduk. \u015eu anda da sonu\u00e7lar\u0131n\u0131 g\u00f6r\u00fcyoruz. \u00d6\u011frencimiz bu sadece bizi de\u011fil t\u00fcm Mersin&#8217;i gururland\u0131rd\u0131. Mustafa t\u00fcm imkans\u0131zl\u0131klar\u0131n i\u00e7inden bir imkan yaratarak kendisini bu noktaya getirdi&#8221;<\/strong>&nbsp;dedi. S\u00fcre\u00e7 boyunca verilen deste\u011fin sadece e\u011fitimle s\u0131n\u0131rl\u0131 kalmad\u0131\u011f\u0131n\u0131 belirten Buldu,<strong>&nbsp;&#8220;\u00d6\u011frencimize sosyal anlamda da desteklerde bulunduk. Motivasyon etkinlikleri gibi, kurum d\u0131\u015f\u0131 aktiviteler gibi sosyal aktiviteler d\u00fczenleyerek \u00f6\u011frencimizin ba\u015far\u0131s\u0131na bu noktada da destek sa\u011flam\u0131\u015f olduk&#8221;&nbsp;<\/strong>diye konu\u015ftu.<\/p>\n\n\n\n<p>Mersin&#8217;de deste\u011fe ihtiyac\u0131 olan t\u00fcm \u00f6\u011frencilere ula\u015fmaya devam edeceklerini de s\u00f6zlerine ekleyen Buldu,&nbsp;<strong>&#8220;Toroslar&#8217;\u0131n y\u00fcksek kesimlerinden Akdeniz s\u0131cak sular\u0131na, Anamur&#8217;dan Tarsus&#8217;a kadar e\u011fitimde f\u0131rsat e\u015fitli\u011fini kendimize ama\u00e7 edindik ve t\u00fcm \u00f6\u011frencilerimize ula\u015fmaya \u00e7al\u0131\u015faca\u011f\u0131z&#8221;&nbsp;<\/strong>dedi.<\/p>\n","protected":false},"excerpt":{"rendered":"<p>Mersin B\u00fcy\u00fck\u015fehir Belediyesi&#8217;nin sa\u011flad\u0131\u011f\u0131 e\u011fitimde f\u0131rsat e\u015fitli\u011finin bir numaral\u0131 g\u00f6stergesi olan E\u011fitim ve \u00d6\u011fretimi Destekleme Kurs Merkezleri, verdi\u011fi e\u011fitimle gen\u00e7lerin yolunu a\u00e7\u0131p, hayallerine ula\u015fmas\u0131n\u0131 sa\u011fl\u0131yor. Sar\u0131ke\u00e7ili Y\u00f6r\u00fck Mustafa Ta\u015f da onlardan biri. Ailesiyle \u00e7ad\u0131rda ya\u015fayan Mustafa Ta\u015f, B\u00fcy\u00fck\u015fehir Belediyesi&#8217;nin deste\u011fiyle haz\u0131rland\u0131\u011f\u0131 YKS&#8217;de g\u00f6sterdi\u011fi ba\u015far\u0131 sayesinde istedi\u011fi b\u00f6l\u00fcme yerle\u015ferek, hayali olan \u00f6\u011fretmenli\u011fe bir ad\u0131m daha yakla\u015ft\u0131. [&hellip;]<\/p>\n","protected":false},"author":2,"featured_media":34589,"comment_status":"closed","ping_status":"closed","sticky":false,"template":"","format":"standard","meta":{"footnotes":""},"categories":[3,5],"tags":[],"class_list":["post-34588","post","type-post","status-publish","format-standard","has-post-thumbnail","hentry","category-manset","category-mersin"],"views":13,"_links":{"self":[{"href":"https:\/\/mersinkadingazetesi.com\/index.php?rest_route=\/wp\/v2\/posts\/34588"}],"collection":[{"href":"https:\/\/mersinkadingazetesi.com\/index.php?rest_route=\/wp\/v2\/posts"}],"about":[{"href":"https:\/\/mersinkadingazetesi.com\/index.php?rest_route=\/wp\/v2\/types\/post"}],"author":[{"embeddable":true,"href":"https:\/\/mersinkadingazetesi.com\/index.php?rest_route=\/wp\/v2\/users\/2"}],"replies":[{"embeddable":true,"href":"https:\/\/mersinkadingazetesi.com\/index.php?rest_route=%2Fwp%2Fv2%2Fcomments&post=34588"}],"version-history":[{"count":1,"href":"https:\/\/mersinkadingazetesi.com\/index.php?rest_route=\/wp\/v2\/posts\/34588\/revisions"}],"predecessor-version":[{"id":34590,"href":"https:\/\/mersinkadingazetesi.com\/index.php?rest_route=\/wp\/v2\/posts\/34588\/revisions\/34590"}],"wp:featuredmedia":[{"embeddable":true,"href":"https:\/\/mersinkadingazetesi.com\/index.php?rest_route=\/wp\/v2\/media\/34589"}],"wp:attachment":[{"href":"https:\/\/mersinkadingazetesi.com\/index.php?rest_route=%2Fwp%2Fv2%2Fmedia&parent=34588"}],"wp:term":[{"taxonomy":"category","embeddable":true,"href":"https:\/\/mersinkadingazetesi.com\/index.php?rest_route=%2Fwp%2Fv2%2Fcategories&post=34588"},{"taxonomy":"post_tag","embeddable":true,"href":"https:\/\/mersinkadingazetesi.com\/index.php?rest_route=%2Fwp%2Fv2%2Ftags&post=34588"}],"curies":[{"name":"wp","href":"https:\/\/api.w.org\/{rel}","templated":true}]}}