{"id":34591,"date":"2024-08-18T11:00:48","date_gmt":"2024-08-18T08:00:48","guid":{"rendered":"https:\/\/mersinkadingazetesi.com\/?p=34591"},"modified":"2024-08-18T11:00:49","modified_gmt":"2024-08-18T08:00:49","slug":"chpli-gulcan-kis-universite-ogrencilerimizin-barinma-ve-gecinme-sorunlarina-acil-cozum-gerekiyor","status":"publish","type":"post","link":"https:\/\/mersinkadingazetesi.com\/?p=34591","title":{"rendered":"CHP&#8217;L\u0130 G\u00dcLCAN KI\u015e: &#8220;\u00dcN\u0130VERS\u0130TE \u00d6\u011eRENC\u0130LER\u0130M\u0130Z\u0130N BARINMA VE GE\u00c7\u0130NME SORUNLARINA AC\u0130L \u00c7\u00d6Z\u00dcM GEREK\u0130YOR&#8221;"},"content":{"rendered":"\n<p>Cumhuriyet Halk Partisi (CHP) Mersin Milletvekili G\u00fclcan K\u0131\u015f, \u00fcniversite \u00f6\u011frencilerinin kar\u015f\u0131 kar\u015f\u0131ya oldu\u011fu bar\u0131nma ve ge\u00e7im sorunlar\u0131na dikkat \u00e7ekerek iktidara acil \u00e7\u00f6z\u00fcm \u00e7a\u011fr\u0131s\u0131nda bulundu.&nbsp;<\/p>\n\n\n\n<p>K\u0131\u015f, artan kiralar, yetersiz yurt kapasiteleri ve mevcut yurtlardaki k\u00f6t\u00fc ko\u015fullar nedeniyle \u00f6\u011frencilerin ciddi zorluklarla kar\u015f\u0131la\u015ft\u0131\u011f\u0131n\u0131 vurgulad\u0131.<\/p>\n\n\n\n<p>CHP Mersin Milletvekili G\u00fclcan K\u0131\u015f, &#8220;\u00c7ocuklar\u0131m\u0131z b\u00fcy\u00fck bir \u00f6zveriyle \u00fcniversiteye haz\u0131rlan\u0131yor, ancak ge\u00e7im ve bar\u0131nma kayg\u0131lar\u0131yla s\u0131navlar\u0131na giriyorlar. S\u0131nav\u0131 kazansalar bile, \u015fehir d\u0131\u015f\u0131nda bir \u00fcniversite kazand\u0131klar\u0131nda ailelerine maddi ve manevi bir y\u00fck y\u00fckl\u00fcyorlar&#8221; diyerek, bu durumun hem \u00f6\u011frenciler hem de aileler \u00fczerinde yaratt\u0131\u011f\u0131 bask\u0131ya dikkat \u00e7ekti.<\/p>\n\n\n\n<p>CHP&#8217;li K\u0131\u015f, \u00fclkenin gelece\u011fi olan gen\u00e7lerin, e\u011fitim hayatlar\u0131n\u0131n en \u00f6nemli d\u00f6nemlerinde derin bir \u00e7\u0131kmaza s\u00fcr\u00fcklendi\u011fini belirterek s\u00f6zlerine devam etti: &#8220;Yetersiz bar\u0131nma imkanlar\u0131, \u00f6\u011frencilerimizin e\u011fitimine devam edememesi ve maddi s\u0131k\u0131nt\u0131larla bo\u011fu\u015fmas\u0131na neden oluyor. Bu y\u00fck\u00fc daha fazla ta\u015f\u0131mamalar\u0131 gerekti\u011fine inan\u0131yoruz ve \u00e7\u00f6z\u00fcm i\u00e7in TBMM&#8217;yi ortak ak\u0131l kullanmaya davet ediyoruz&#8221; dedi.<\/p>\n\n\n\n<p><strong>\u00d6\u011eRENC\u0130LER\u0130N \u00dcN\u0130VERS\u0130TELER\u0130 TERK ETT\u0130\u011e\u0130N\u0130 G\u00d6ZLER \u00d6N\u00dcNE SEREN \u00c7ARPICI RAKAMLAR<\/strong><\/p>\n\n\n\n<p>Son 5 y\u0131lda 2.3 milyon \u00fcniversite \u00f6\u011frencisinin okulu b\u0131rakt\u0131\u011f\u0131n\u0131 ve 2023 y\u0131l\u0131nda ise 617.250 \u00f6\u011frencinin e\u011fitimine son verdi\u011fini belirten K\u0131\u015f, bu durumun AKP&#8217;nin yanl\u0131\u015f ekonomi politikalar\u0131n\u0131n gen\u00e7lerin hayallerine nas\u0131l ket vurdu\u011funun bir g\u00f6stergesi oldu\u011funu s\u00f6yledi. \u00d6zellikle Mersin&#8217;de ve \u00fclke genelinde yurt kapasitelerinin art\u0131r\u0131lmas\u0131, mevcut yurtlar\u0131n iyile\u015ftirilmesi ve \u00f6\u011frencilere kira destek programlar\u0131n\u0131n acilen ba\u015flat\u0131lmas\u0131 gerekti\u011fini bir kez daha vurgulad\u0131.<\/p>\n\n\n\n<p><strong>YA OKUMAKTAN VAZGE\u00c7\u0130YORLAR YADA A\u0130LELER\u0130N YANINDA B\u0130R OKUL TERC\u0130H ED\u0130YORLAR<\/strong><\/p>\n\n\n\n<p>K\u0131\u015f, \u00fcniversite \u00f6\u011frencileri aras\u0131nda yayg\u0131nla\u015fan bir e\u011filimin alt\u0131n\u0131 \u00e7izerek, &#8220;Artan bar\u0131nma sorunlar\u0131 nedeniyle ya aileleriyle ya\u015fad\u0131klar\u0131 \u015fehirlerdeki \u00fcniversiteleri tercih etmek ya da \u00fcniversite e\u011fitiminden tamamen vazge\u00e7mek zorunda kal\u0131yorlar. \u00d6zellikle b\u00fcy\u00fck \u015fehirlerdeki \u00fcniversiteleri kazanan \u00f6\u011frenciler, KYK yurtlar\u0131nda yer bulam\u0131yor, \u00f6zel yurtlar\u0131n y\u00fcksek fiyatlar\u0131 ve kiralar\u0131n astronomik seviyelere ula\u015fmas\u0131 nedeniyle ciddi zorluklar ya\u015f\u0131yorlar&#8221; dedi.<\/p>\n\n\n\n<p><strong>BAKANLI\u011eI VE M\u0130LLETVEK\u0130LLER\u0130N\u0130 BU KONUDA ORTAK HAREKET ETMEYE VE \u00dcN\u0130VERS\u0130TE \u00d6\u011eRENC\u0130LER\u0130N\u0130N BARINMA SORUNUNU \u00c7\u00d6ZMEYE DAVET ED\u0130YORUM<\/strong><\/p>\n\n\n\n<p>Ge\u00e7en y\u0131l TBMM&#8217;de bir komisyon kurulmas\u0131 \u00e7a\u011fr\u0131s\u0131nda bulundu\u011funu hat\u0131rlatan CHP Mersin Milletvekili G\u00fclcan K\u0131\u015f, bu \u00e7a\u011fr\u0131s\u0131n\u0131 yenileyerek, &#8220;\u00d6\u011frencilerimizin bar\u0131nma sorunu, AKP iktidar\u0131n\u0131n 22 y\u0131ll\u0131k ba\u015far\u0131s\u0131zl\u0131\u011f\u0131n\u0131n bir g\u00f6stergesidir. Bug\u00fcn, bar\u0131nma sorununu \u00e7\u00f6zmek ve gen\u00e7lerimize sadece e\u011fitimlerine odaklanabilecekleri bir gelecek sa\u011flamak hepimizin sorumlulu\u011fudur. Bar\u0131nma sorununun her y\u00f6n\u00fcyle ele al\u0131nmas\u0131 gerekiyor. TBMM&#8217;nin asli g\u00f6revi, bu soruna acil bir \u00e7\u00f6z\u00fcm bulmakt\u0131r&#8221; ifadelerini kulland\u0131. K\u0131\u015f, bakanl\u0131\u011f\u0131 ve milletvekillerini bu konuda ortak hareket etmeye ve \u00fcniversite \u00f6\u011frencilerinin bar\u0131nma sorununu \u00e7\u00f6zmek i\u00e7in ad\u0131m atmaya davet etti.<\/p>\n","protected":false},"excerpt":{"rendered":"<p>Cumhuriyet Halk Partisi (CHP) Mersin Milletvekili G\u00fclcan K\u0131\u015f, \u00fcniversite \u00f6\u011frencilerinin kar\u015f\u0131 kar\u015f\u0131ya oldu\u011fu bar\u0131nma ve ge\u00e7im sorunlar\u0131na dikkat \u00e7ekerek iktidara acil \u00e7\u00f6z\u00fcm \u00e7a\u011fr\u0131s\u0131nda bulundu.&nbsp; K\u0131\u015f, artan kiralar, yetersiz yurt kapasiteleri ve mevcut yurtlardaki k\u00f6t\u00fc ko\u015fullar nedeniyle \u00f6\u011frencilerin ciddi zorluklarla kar\u015f\u0131la\u015ft\u0131\u011f\u0131n\u0131 vurgulad\u0131. CHP Mersin Milletvekili G\u00fclcan K\u0131\u015f, &#8220;\u00c7ocuklar\u0131m\u0131z b\u00fcy\u00fck bir \u00f6zveriyle \u00fcniversiteye haz\u0131rlan\u0131yor, ancak ge\u00e7im ve [&hellip;]<\/p>\n","protected":false},"author":2,"featured_media":34531,"comment_status":"closed","ping_status":"closed","sticky":false,"template":"","format":"standard","meta":{"footnotes":""},"categories":[1],"tags":[],"class_list":["post-34591","post","type-post","status-publish","format-standard","has-post-thumbnail","hentry","category-genel"],"views":5,"_links":{"self":[{"href":"https:\/\/mersinkadingazetesi.com\/index.php?rest_route=\/wp\/v2\/posts\/34591"}],"collection":[{"href":"https:\/\/mersinkadingazetesi.com\/index.php?rest_route=\/wp\/v2\/posts"}],"about":[{"href":"https:\/\/mersinkadingazetesi.com\/index.php?rest_route=\/wp\/v2\/types\/post"}],"author":[{"embeddable":true,"href":"https:\/\/mersinkadingazetesi.com\/index.php?rest_route=\/wp\/v2\/users\/2"}],"replies":[{"embeddable":true,"href":"https:\/\/mersinkadingazetesi.com\/index.php?rest_route=%2Fwp%2Fv2%2Fcomments&post=34591"}],"version-history":[{"count":1,"href":"https:\/\/mersinkadingazetesi.com\/index.php?rest_route=\/wp\/v2\/posts\/34591\/revisions"}],"predecessor-version":[{"id":34592,"href":"https:\/\/mersinkadingazetesi.com\/index.php?rest_route=\/wp\/v2\/posts\/34591\/revisions\/34592"}],"wp:featuredmedia":[{"embeddable":true,"href":"https:\/\/mersinkadingazetesi.com\/index.php?rest_route=\/wp\/v2\/media\/34531"}],"wp:attachment":[{"href":"https:\/\/mersinkadingazetesi.com\/index.php?rest_route=%2Fwp%2Fv2%2Fmedia&parent=34591"}],"wp:term":[{"taxonomy":"category","embeddable":true,"href":"https:\/\/mersinkadingazetesi.com\/index.php?rest_route=%2Fwp%2Fv2%2Fcategories&post=34591"},{"taxonomy":"post_tag","embeddable":true,"href":"https:\/\/mersinkadingazetesi.com\/index.php?rest_route=%2Fwp%2Fv2%2Ftags&post=34591"}],"curies":[{"name":"wp","href":"https:\/\/api.w.org\/{rel}","templated":true}]}}