{"id":34593,"date":"2024-08-18T11:04:22","date_gmt":"2024-08-18T08:04:22","guid":{"rendered":"https:\/\/mersinkadingazetesi.com\/?p=34593"},"modified":"2024-08-18T11:04:22","modified_gmt":"2024-08-18T08:04:22","slug":"ekmen-uralogluna-sordu-zamlar-hangi-gerekceyle-yapildi","status":"publish","type":"post","link":"https:\/\/mersinkadingazetesi.com\/?p=34593","title":{"rendered":"EKMEN URALO\u011eLU\u2019NA SORDU: ZAMLAR HANG\u0130 GEREK\u00c7EYLE YAPILDI?"},"content":{"rendered":"\n<p><strong>Deva Partisi Genel Ba\u015fkan Yard\u0131mc\u0131s\u0131 Mehmet Emin Ekmen, k\u00f6pr\u00fc ve otoyollara yap\u0131lan y\u00fczde 200\u2019\u00fc a\u015fan fahi\u015f zamlar\u0131n sebebini Ula\u015ft\u0131rma ve Altyap\u0131 Bakan\u0131 Abdulkadir Uralo\u011flu\u2019na sordu. T\u00dc\u0130K\u2019in y\u0131ll\u0131k enflasyon oran\u0131n\u0131n y\u00fczde 61, 2023 y\u0131l\u0131 yeniden de\u011ferleme oran\u0131n\u0131n y\u00fczde 58 oldu\u011funa vurgu yapan Ekmen, \u201cZamlar hangi gerek\u00e7eyle yap\u0131ld\u0131? Ula\u015ft\u0131rma ve Altyap\u0131 Bakanl\u0131\u011f\u0131\u2019n\u0131n bu zamlarla hedefledi\u011fi gelir miktar\u0131 nedir, bir sonraki fiyat art\u0131\u015f\u0131 ne zaman olacak?\u201d diye sordu.<\/strong><\/p>\n\n\n\n<p>&#8212;<\/p>\n\n\n\n<p>Deva Partisi Genel Ba\u015fkan Yard\u0131mc\u0131s\u0131 ve Mersin Milletvekili Mehmet Emin Ekmen, k\u00f6pr\u00fc ve otoyollara yap\u0131lan fahi\u015f zamlar\u0131 T\u00fcrkiye B\u00fcy\u00fck Millet Meclisi (TBMM) g\u00fcndemine ta\u015f\u0131d\u0131. Ula\u015ft\u0131rma ve Altyap\u0131 Bakan\u0131 Abdulkadir Uralo\u011flu\u2019nun yan\u0131tlamas\u0131 istemiyle TBMM Ba\u015fkanl\u0131\u011f\u0131\u2019na soru \u00f6nergesi veren Ekmen, 2023 y\u0131l\u0131 yeniden de\u011ferleme oran\u0131n\u0131n y\u00fczde 58 enflasyonun y\u00fczde 61 oldu\u011funu hat\u0131rlatarak, y\u00fczde 200\u2019\u00fc a\u015fan fahi\u015f zamlar\u0131n sebebini sordu.<\/p>\n\n\n\n<p><strong>ZAMLAR HALKIN \u015eARTLARINI C\u0130DD\u0130 \u015eEK\u0130LDE ZORLUYOR<\/strong><\/p>\n\n\n\n<p>Soru \u00f6nergesinde Ekmen, son d\u00f6nemde k\u00f6pr\u00fc ve otoyol \u00fccretlerine yap\u0131lan zamlar\u0131n kamuoyunda ciddi bir tepkiye yol a\u00e7t\u0131\u011f\u0131n\u0131 vurgulayarak, \u201c1 Ocak 2023 tarihinde ge\u00e7erli olan \u00fccretlerle bug\u00fcnk\u00fc zaml\u0131 \u00fccretler kar\u015f\u0131la\u015ft\u0131r\u0131ld\u0131\u011f\u0131nda; \u206015 Temmuz \u015eehitler K\u00f6pr\u00fcs\u00fc ve Fatih Sultan Mehmet K\u00f6pr\u00fcs\u00fc, \u00fccreti 8,25 TL&#8217;den 33 TL&#8217;ye \u00e7\u0131kar\u0131lm\u0131\u015ft\u0131r. Yani y\u00fczde 300 zam yap\u0131ld\u0131! \u2060Yavuz Sultan Selim K\u00f6pr\u00fcs\u00fc \u00fccreti 19 TL&#8217;den 70 TL&#8217;ye \u00e7\u0131kar\u0131lm\u0131\u015ft\u0131r. Yani y\u00fczde 268,42 zam yap\u0131ld\u0131! \u2060Osmangazi K\u00f6pr\u00fcs\u00fc \u00fccreti 184,50 TL&#8217;den 555 TL&#8217;ye \u00e7\u0131kar\u0131lm\u0131\u015ft\u0131r. Yani y\u00fczde 200,81 zam yap\u0131ld\u0131! \u20601915 \u00c7anakkale K\u00f6pr\u00fcs\u00fc \u00fccreti 200 TL&#8217;den 585 TL&#8217;ye \u00e7\u0131kar\u0131lm\u0131\u015ft\u0131r. Yani y\u00fczde 192,5 zam yap\u0131ld\u0131! \u2060\u0130stanbul-\u0130zmir Otoyolu \u00fccreti 459 TL&#8217;den 1370 TL&#8217;ye \u00e7\u0131kar\u0131lm\u0131\u015ft\u0131r. Yani y\u00fczde 198,26 zam yap\u0131ld\u0131! Bu oranlar, halk\u0131n ekonomik ko\u015fullar\u0131n\u0131 ciddi \u015fekilde zorlamaktad\u0131r\u201d ifadelerini kulland\u0131.<\/p>\n\n\n\n<p><strong>ZAMLAR HANG\u0130 KR\u0130TERLERE G\u00d6RE YAPILDI?<\/strong><\/p>\n\n\n\n<p>T\u00dc\u0130K\u2019in y\u0131ll\u0131k enflasyon oran\u0131n\u0131n y\u00fczde 61, 2023 y\u0131l\u0131 yeniden de\u011ferleme oran\u0131n\u0131n y\u00fczde 58 oldu\u011funun alt\u0131n\u0131 \u00e7izen Ekmen, \u201c2024 y\u0131l\u0131 birinci ge\u00e7ici vergi d\u00f6neminde y\u00fczde 7,55 ve ikinci ge\u00e7ici vergi d\u00f6neminde y\u00fczde 22,20 oran\u0131nda yeniden de\u011ferleme oranlar\u0131 belirlenmi\u015ftir. Ancak, k\u00f6pr\u00fc ve otoyol ge\u00e7i\u015f \u00fccretlerinde yap\u0131lan zamlar\u0131n bu oranlarla uyumlu olmad\u0131\u011f\u0131 g\u00f6r\u00fclmektedir. Bu durum, ge\u00e7i\u015f \u00fccretlerinde yap\u0131lan art\u0131\u015flar\u0131n hangi ekonomik kriterlere dayand\u0131\u011f\u0131 ve bu zamlar\u0131n enflasyon oranlar\u0131na etkisinin nas\u0131l hesapland\u0131\u011f\u0131 konusunda \u00f6nemli soru i\u015faretleri do\u011furmaktad\u0131r\u201d de\u011ferlendirmesinde bulundu.<\/p>\n\n\n\n<p><strong>ZAMLARDA HALKIN ALIM G\u00dcC\u00dc D\u0130KKATE ALINDI MI?<\/strong><\/p>\n\n\n\n<p>Ekmen, devam\u0131nda Ula\u015ft\u0131rma ve Altyap\u0131 Bakan\u0131 Abdulkadir Uralo\u011flu\u2019na \u015fu sorular\u0131 y\u00f6neltti;<\/p>\n\n\n\n<p>1. K\u00f6pr\u00fc ve otoyol ge\u00e7i\u015f \u00fccretlerine yap\u0131lan bu y\u00fcksek zamlar, hangi ekonomik g\u00f6stergelere veya maliyet art\u0131\u015flar\u0131na dayanmaktad\u0131r?<\/p>\n\n\n\n<p>2. 2024 y\u0131l\u0131 birinci ve ikinci ge\u00e7ici vergi d\u00f6nemlerinde uygulanan yeniden de\u011ferleme oranlar\u0131yla k\u0131yasland\u0131\u011f\u0131nda, k\u00f6pr\u00fc ve otoyol ge\u00e7i\u015f \u00fccretlerine yap\u0131lan zamlar\u0131n uyumu nas\u0131l de\u011ferlendirilmektedir?<\/p>\n\n\n\n<p>3. Yap\u0131lan zamlar\u0131n T\u00dc\u0130K&#8217;in a\u00e7\u0131klad\u0131\u011f\u0131 y\u0131ll\u0131k enflasyon oran\u0131na etkisi nas\u0131l hesaplanmaktad\u0131r?<\/p>\n\n\n\n<p>4. Merkez Bankas\u0131&#8217;n\u0131n %38 olarak a\u00e7\u0131klad\u0131\u011f\u0131 y\u0131lsonu enflasyon beklentisi, yap\u0131lan bu zamlarla kar\u015f\u0131lanabilecek midir? Yoksa tek haneli enflasyon hedefi bir hayal mi olacakt\u0131r?<\/p>\n\n\n\n<p>5. Zamlar\u0131n belirlenmesi s\u00fcrecinde halk\u0131n al\u0131m g\u00fcc\u00fc ve ekonomik durumu g\u00f6z \u00f6n\u00fcnde bulundurulmu\u015f mudur?<\/p>\n\n\n\n<p>6. Ula\u015ft\u0131rma Bakanl\u0131\u011f\u0131, bu zam oranlar\u0131n\u0131n y\u00fcksekli\u011fi konusunda kamuoyuna nas\u0131l bir a\u00e7\u0131klama yapmay\u0131 planlamaktad\u0131r?<\/p>\n","protected":false},"excerpt":{"rendered":"<p>Deva Partisi Genel Ba\u015fkan Yard\u0131mc\u0131s\u0131 Mehmet Emin Ekmen, k\u00f6pr\u00fc ve otoyollara yap\u0131lan y\u00fczde 200\u2019\u00fc a\u015fan fahi\u015f zamlar\u0131n sebebini Ula\u015ft\u0131rma ve Altyap\u0131 Bakan\u0131 Abdulkadir Uralo\u011flu\u2019na sordu. T\u00dc\u0130K\u2019in y\u0131ll\u0131k enflasyon oran\u0131n\u0131n y\u00fczde 61, 2023 y\u0131l\u0131 yeniden de\u011ferleme oran\u0131n\u0131n y\u00fczde 58 oldu\u011funa vurgu yapan Ekmen, \u201cZamlar hangi gerek\u00e7eyle yap\u0131ld\u0131? Ula\u015ft\u0131rma ve Altyap\u0131 Bakanl\u0131\u011f\u0131\u2019n\u0131n bu zamlarla hedefledi\u011fi gelir miktar\u0131 [&hellip;]<\/p>\n","protected":false},"author":2,"featured_media":34381,"comment_status":"closed","ping_status":"closed","sticky":false,"template":"","format":"standard","meta":{"footnotes":""},"categories":[3,5,6],"tags":[],"class_list":["post-34593","post","type-post","status-publish","format-standard","has-post-thumbnail","hentry","category-manset","category-mersin","category-siyaset-2"],"views":4,"_links":{"self":[{"href":"https:\/\/mersinkadingazetesi.com\/index.php?rest_route=\/wp\/v2\/posts\/34593"}],"collection":[{"href":"https:\/\/mersinkadingazetesi.com\/index.php?rest_route=\/wp\/v2\/posts"}],"about":[{"href":"https:\/\/mersinkadingazetesi.com\/index.php?rest_route=\/wp\/v2\/types\/post"}],"author":[{"embeddable":true,"href":"https:\/\/mersinkadingazetesi.com\/index.php?rest_route=\/wp\/v2\/users\/2"}],"replies":[{"embeddable":true,"href":"https:\/\/mersinkadingazetesi.com\/index.php?rest_route=%2Fwp%2Fv2%2Fcomments&post=34593"}],"version-history":[{"count":1,"href":"https:\/\/mersinkadingazetesi.com\/index.php?rest_route=\/wp\/v2\/posts\/34593\/revisions"}],"predecessor-version":[{"id":34594,"href":"https:\/\/mersinkadingazetesi.com\/index.php?rest_route=\/wp\/v2\/posts\/34593\/revisions\/34594"}],"wp:featuredmedia":[{"embeddable":true,"href":"https:\/\/mersinkadingazetesi.com\/index.php?rest_route=\/wp\/v2\/media\/34381"}],"wp:attachment":[{"href":"https:\/\/mersinkadingazetesi.com\/index.php?rest_route=%2Fwp%2Fv2%2Fmedia&parent=34593"}],"wp:term":[{"taxonomy":"category","embeddable":true,"href":"https:\/\/mersinkadingazetesi.com\/index.php?rest_route=%2Fwp%2Fv2%2Fcategories&post=34593"},{"taxonomy":"post_tag","embeddable":true,"href":"https:\/\/mersinkadingazetesi.com\/index.php?rest_route=%2Fwp%2Fv2%2Ftags&post=34593"}],"curies":[{"name":"wp","href":"https:\/\/api.w.org\/{rel}","templated":true}]}}