{"id":34595,"date":"2024-08-18T12:08:46","date_gmt":"2024-08-18T09:08:46","guid":{"rendered":"https:\/\/mersinkadingazetesi.com\/?p=34595"},"modified":"2024-08-18T12:08:46","modified_gmt":"2024-08-18T09:08:46","slug":"akdenizin-parklari-yenileniyor","status":"publish","type":"post","link":"https:\/\/mersinkadingazetesi.com\/?p=34595","title":{"rendered":"AKDEN\u0130Z\u2019\u0130N PARKLARI YEN\u0130LEN\u0130YOR"},"content":{"rendered":"\n<p>Akdeniz Belediyesi, il\u00e7e sakini vatanda\u015flar\u0131n yaz mevsimiyle birlikte u\u011frak yerlerinden biri olan park ve ye\u015fil alanlara d\u00f6n\u00fck her t\u00fcrl\u00fc bak\u0131m, onar\u0131m ve yenileme hizmetlerine aral\u0131ks\u0131z devam ediyor.<\/p>\n\n\n\n<p>Son olarak \u00c7ay Mahallesi\u2019nde bulunan Ahmet Kaya Park\u0131\u2019na \u00e7\u0131karma yapan Park ve Bah\u00e7eler M\u00fcd\u00fcrl\u00fc\u011f\u00fc ekipleri, park\u0131n zaman i\u00e7inde zarar g\u00f6ren kamelyalar\u0131n\u0131 yeniledi. Ekipler, m\u00fcd\u00fcrl\u00fc\u011fe ait fidanl\u0131k sahas\u0131ndaki at\u00f6lyede, park ve ye\u015fil alanlar\u0131n ihtiya\u00e7 duydu\u011fu \u00e7e\u015fitli malzemeleri; oturma gruplar\u0131n\u0131, kamelya, \u00e7\u00f6p kovalar\u0131 gibi malzemeleri de \u00fcreterek belediye b\u00fct\u00e7esine katk\u0131da bulunuyor.<\/p>\n\n\n\n<p>Mahalle sakinlerinden te\u015fekk\u00fcr\u2026<\/p>\n\n\n\n<p>Her ya\u015ftan y\u00fczlerce vatanda\u015f\u0131n g\u00fcn i\u00e7erisinde dinlenmek, temiz nefes almak veya ailecek piknik yapmak \u00fczere u\u011frad\u0131\u011f\u0131 ye\u015fil alanda, ekipler ayr\u0131ca can g\u00fcvenli\u011fi a\u00e7\u0131s\u0131ndan risk yaratan a\u011fa\u00e7 dallar\u0131n\u0131 budad\u0131 ve uzayan otlar\u0131 bi\u00e7ti. Park i\u00e7indeki hizmete ve yeniliklere tan\u0131k olan \u00c7ay Mahallesi Muhtar\u0131 Abdullah \u00c7apar; \u201cAhmet Kaya Park\u0131m\u0131z\u0131n yenilenmesinden dolay\u0131 E\u015f Ba\u015fkanlar\u0131m\u0131z Ho\u015fyar Sar\u0131y\u0131ld\u0131z ve Nuriye Arslan\u2019a ile a\u015f\u0131r\u0131 s\u0131caklara ra\u011fmen mahallemize hizmet veren belediye \u00e7al\u0131\u015fanlar\u0131na te\u015fekk\u00fcrlerimizi sunuyoruz\u201d dedi.<\/p>\n\n\n\n<p>\u00d6te yandan Park ve Bah\u00e7eler M\u00fcd\u00fcrl\u00fc\u011f\u00fc ekipleri, gerek sahada yapt\u0131klar\u0131 tespitler, gerekse muhtarlar ve mahalle sakinlerinden gelen her t\u00fcrl\u00fc talep ve \u015fik\u00e2yetler \u00fczerine harekete ge\u00e7erek, eksi\u011fi olan park ve ye\u015fil alanlarda bak\u0131m, onar\u0131m ve yenileme hizmetlerine aral\u0131ks\u0131z devam edecek.<\/p>\n","protected":false},"excerpt":{"rendered":"<p>Akdeniz Belediyesi, il\u00e7e sakini vatanda\u015flar\u0131n yaz mevsimiyle birlikte u\u011frak yerlerinden biri olan park ve ye\u015fil alanlara d\u00f6n\u00fck her t\u00fcrl\u00fc bak\u0131m, onar\u0131m ve yenileme hizmetlerine aral\u0131ks\u0131z devam ediyor. Son olarak \u00c7ay Mahallesi\u2019nde bulunan Ahmet Kaya Park\u0131\u2019na \u00e7\u0131karma yapan Park ve Bah\u00e7eler M\u00fcd\u00fcrl\u00fc\u011f\u00fc ekipleri, park\u0131n zaman i\u00e7inde zarar g\u00f6ren kamelyalar\u0131n\u0131 yeniledi. Ekipler, m\u00fcd\u00fcrl\u00fc\u011fe ait fidanl\u0131k sahas\u0131ndaki at\u00f6lyede, [&hellip;]<\/p>\n","protected":false},"author":2,"featured_media":34596,"comment_status":"closed","ping_status":"closed","sticky":false,"template":"","format":"standard","meta":{"footnotes":""},"categories":[3],"tags":[],"class_list":["post-34595","post","type-post","status-publish","format-standard","has-post-thumbnail","hentry","category-manset"],"views":2,"_links":{"self":[{"href":"https:\/\/mersinkadingazetesi.com\/index.php?rest_route=\/wp\/v2\/posts\/34595"}],"collection":[{"href":"https:\/\/mersinkadingazetesi.com\/index.php?rest_route=\/wp\/v2\/posts"}],"about":[{"href":"https:\/\/mersinkadingazetesi.com\/index.php?rest_route=\/wp\/v2\/types\/post"}],"author":[{"embeddable":true,"href":"https:\/\/mersinkadingazetesi.com\/index.php?rest_route=\/wp\/v2\/users\/2"}],"replies":[{"embeddable":true,"href":"https:\/\/mersinkadingazetesi.com\/index.php?rest_route=%2Fwp%2Fv2%2Fcomments&post=34595"}],"version-history":[{"count":1,"href":"https:\/\/mersinkadingazetesi.com\/index.php?rest_route=\/wp\/v2\/posts\/34595\/revisions"}],"predecessor-version":[{"id":34597,"href":"https:\/\/mersinkadingazetesi.com\/index.php?rest_route=\/wp\/v2\/posts\/34595\/revisions\/34597"}],"wp:featuredmedia":[{"embeddable":true,"href":"https:\/\/mersinkadingazetesi.com\/index.php?rest_route=\/wp\/v2\/media\/34596"}],"wp:attachment":[{"href":"https:\/\/mersinkadingazetesi.com\/index.php?rest_route=%2Fwp%2Fv2%2Fmedia&parent=34595"}],"wp:term":[{"taxonomy":"category","embeddable":true,"href":"https:\/\/mersinkadingazetesi.com\/index.php?rest_route=%2Fwp%2Fv2%2Fcategories&post=34595"},{"taxonomy":"post_tag","embeddable":true,"href":"https:\/\/mersinkadingazetesi.com\/index.php?rest_route=%2Fwp%2Fv2%2Ftags&post=34595"}],"curies":[{"name":"wp","href":"https:\/\/api.w.org\/{rel}","templated":true}]}}