{"id":34605,"date":"2024-08-19T12:23:24","date_gmt":"2024-08-19T09:23:24","guid":{"rendered":"https:\/\/mersinkadingazetesi.com\/?p=34605"},"modified":"2024-08-19T12:23:25","modified_gmt":"2024-08-19T09:23:25","slug":"buyuksehir-yeni-yollar-acarak-islevsiz-hale-gelen-yolu-rahatlatacak","status":"publish","type":"post","link":"https:\/\/mersinkadingazetesi.com\/?p=34605","title":{"rendered":"B\u00dcY\u00dcK\u015eEH\u0130R, YEN\u0130 YOLLAR A\u00c7ARAK \u0130\u015eLEVS\u0130Z HALE GELEN YOLU RAHATLATACAK"},"content":{"rendered":"\n<p>Mersin&#8217;de ya\u015fayan her yurtta\u015f\u0131n ihtiyac\u0131n\u0131 d\u00fc\u015f\u00fcnen ve hizmetlerini de bu do\u011frultuda ger\u00e7ekle\u015ftiren Mersin B\u00fcy\u00fck\u015fehir Belediyesi, vatanda\u015flar\u0131n taleplerini bir bir gidermeye devam ediyor. Alt ve \u00fcstyap\u0131 \u00e7al\u0131\u015fmalar\u0131 ile vatanda\u015flar\u0131n \u015fehir ya\u015fam kalitesini art\u0131ran B\u00fcy\u00fck\u015fehir, y\u0131llard\u0131r kronikle\u015fmi\u015f bir sorunu daha \u00e7\u00f6z\u00fcme kavu\u015fturdu.<\/p>\n\n\n\n<p>\u015eehir n\u00fcfusunun artmas\u0131 ile birlikte ya\u015fanan trafik problemini yol a\u00e7ma, geni\u015fletme ve yenileme \u00e7al\u0131\u015fmalar\u0131 ile gideren B\u00fcy\u00fck\u015fehir, bu kapsamda Yeni\u015fehir il\u00e7esinde yer alan 38. Cadde&#8217;yi 15. Cadde&#8217;ye ba\u011flayan yolda kamula\u015ft\u0131rma i\u015flemlerinin ard\u0131ndan y\u0131k\u0131m \u00e7al\u0131\u015fmas\u0131 ba\u015flatt\u0131. Daha \u00f6nce yetersiz kalan ve mahalle sakinlerinin s\u0131k s\u0131k \u015fikayet etti\u011fi yol, B\u00fcy\u00fck\u015fehir&#8217;in yo\u011fun \u00e7al\u0131\u015fmas\u0131 sonucu \u00f6nemli bir d\u00f6n\u00fc\u015f\u00fcm ge\u00e7irdi. Bu sayede hem vatanda\u015flar\u0131n ma\u011fduriyetini, hem de ya\u015fanan trafik sorununu giderecek olan B\u00fcy\u00fck\u015fehir ekipleri, y\u0131k\u0131m i\u015flemlerinin tamamlanmas\u0131n\u0131n ard\u0131ndan h\u0131zl\u0131 bir \u015fekilde yol a\u00e7ma \u00e7al\u0131\u015fmalar\u0131n\u0131 ba\u015flatacak.<\/p>\n\n\n\n<p><strong>Erg\u00fcn: &#8220;Kamula\u015ft\u0131rma sorunu y\u00fcz\u00fcnden, Mersin halk\u0131 y\u0131llarca ma\u011fdur oldu&#8221;<\/strong><\/p>\n\n\n\n<p>B\u00fcy\u00fck\u015fehir Belediyesi Yol Yap\u0131m Bak\u0131m ve Onar\u0131m Dairesi&#8217;nde g\u00f6rev yapan Asfalt \u015eefi U\u011furcan Erg\u00fcn, Yeni\u015fehir il\u00e7esine ba\u011fl\u0131 50. Y\u0131l Mahallesi&#8217;nde 38. Cadde&#8217;nin devam\u0131 projesini y\u00fcr\u00fctt\u00fcklerini ve bu caddenin Mersin&#8217;de \u00f6nemli bir lokasyon oldu\u011funu ifade etti. \u00c7al\u0131\u015fman\u0131n s\u00fcreci hakk\u0131nda bilgi veren Erg\u00fcn,&nbsp;<strong>&#8220;Kamula\u015ft\u0131rma i\u015flemlerimizin tamamlanmas\u0131yla, y\u0131k\u0131m i\u015flemlerini ger\u00e7ekle\u015ftirmi\u015f bulunmaktay\u0131z. Y\u0131k\u0131m i\u015flemleri tamamen bittikten sonra da, yol a\u00e7ma faaliyetleri h\u0131zl\u0131 bir \u015fekilde sona erecek. Bu lokasyonun bizim i\u00e7in \u00f6nemli olmas\u0131n\u0131n sebebi, y\u0131llard\u0131r kamula\u015ft\u0131rma sorununun devam etmesi. Ayr\u0131ca buras\u0131 3. \u00c7evreyolu ile 15. Cadde&#8217;nin ba\u011flant\u0131s\u0131n\u0131 yapacak, mevcut trafi\u011fi rahatlatmak ad\u0131na ger\u00e7ekle\u015ftirdi\u011fimiz \u00f6nemli projelerimizden bir tanesi&#8221;<\/strong>&nbsp;dedi.<\/p>\n\n\n\n<p>Y\u0131llard\u0131r \u00e7\u00f6z\u00fcme kavu\u015fturulmayan bir problemin, Ba\u015fkan Vahap Se\u00e7er&#8217;le birlikte \u00e7\u00f6z\u00fcld\u00fc\u011f\u00fcn\u00fc vurgulayan Erg\u00fcn,&nbsp;<strong>&#8220;Burada y\u0131llard\u0131r kamula\u015ft\u0131rma sorununun \u00e7\u00f6z\u00fclmemesi sebebiyle, Mersin halk\u0131 \u00e7ok ma\u011fdur oldu. \u015eimdi ise bu sorun \u00e7\u00f6z\u00fcld\u00fc ve kamula\u015ft\u0131rma sorunu halloldu. Yolumuzu 2. ve 3. \u00c7evreyolu&#8217;nda yapt\u0131\u011f\u0131m\u0131z gibi, Mersin trafi\u011fini rahatlatmak amac\u0131 ile Mersin halk\u0131n\u0131n kullan\u0131m\u0131na a\u00e7aca\u011f\u0131z. Ba\u015fkan\u0131m\u0131z Vahap Se\u00e7er&#8217;in de dedi\u011fi gibi, &#8216;Memnuniyetle \u00e7al\u0131\u015f\u0131p, yeni yollar a\u00e7maya devam edece\u011fiz&#8217; &#8220;<\/strong>&nbsp;ifadelerini kulland\u0131.<\/p>\n\n\n\n<p><strong>Muhtar \u00d6zcan: &#8220;Ba\u015fkan\u0131m\u0131z y\u00f6netiminde Mersin \u00e7ok h\u0131zl\u0131 geli\u015fiyor&#8221;<\/strong><\/p>\n\n\n\n<p>50. Y\u0131l Mahalle Muhtar\u0131 Nergiz \u00d6zcan, 38. Cadde&#8217;nin 50. Y\u0131l Mahallesi i\u00e7in b\u00fcy\u00fck \u00f6nem ta\u015f\u0131d\u0131\u011f\u0131n\u0131 belirterek,&nbsp;<strong>&#8220;Buras\u0131 40 y\u0131ld\u0131r a\u00e7\u0131lmayan bir yoldu. Ba\u015fkan\u0131m\u0131z Vahap Se\u00e7er, 40 y\u0131ld\u0131r a\u00e7\u0131lmayan bir yolu a\u00e7\u0131yor. 38. Cadde&#8217;nin a\u00e7\u0131lmas\u0131; buray\u0131 15&#8217;e, 15&#8217;ten de 17. Cadde&#8217;ye ba\u011flayacak ve ana arter olacak. Toros Koleji&#8217;nin \u00f6n\u00fcndeki y\u0131\u011f\u0131lmalar da tamamen kalkacak. Toros Koleji&#8217;nin \u00f6\u011frencilerinin yo\u011fun olu\u015fu trafi\u011fi kilitliyor ve buradaki mahalle sakinlerini \u00e7ok zor durumda b\u0131rak\u0131yordu. Zor durumda kalmalar\u0131n\u0131n sebebi bu yoldu. \u015eu anda ise yolumuz a\u00e7\u0131l\u0131yor&#8221;<\/strong>&nbsp;diye konu\u015ftu.<\/p>\n\n\n\n<p>Yol konusunun yan\u0131 s\u0131ra, Ba\u015fkan Vahap Se\u00e7er y\u00f6netiminde Mersin&#8217;in her konuda bir de\u011fi\u015fim ge\u00e7irdi\u011fini kaydeden Muhtar \u00d6zcan,&nbsp;&nbsp;<strong>&#8220;Yollar\u0131m\u0131z m\u00fckemmel. Mersin her dalda geli\u015fiyor ve kalk\u0131n\u0131yor. Halk bunun takip\u00e7isi. Ba\u015fkan\u0131m\u0131zla ilgili y\u00fczde 85 memnuniyet oran\u0131 var ve bu da bizi \u00e7ok mutlu ediyor. Mersin, \u00e7ok h\u0131zl\u0131 bir \u015fekilde geli\u015fiyor&#8221;<\/strong>&nbsp;dedi.<\/p>\n","protected":false},"excerpt":{"rendered":"<p>Mersin&#8217;de ya\u015fayan her yurtta\u015f\u0131n ihtiyac\u0131n\u0131 d\u00fc\u015f\u00fcnen ve hizmetlerini de bu do\u011frultuda ger\u00e7ekle\u015ftiren Mersin B\u00fcy\u00fck\u015fehir Belediyesi, vatanda\u015flar\u0131n taleplerini bir bir gidermeye devam ediyor. Alt ve \u00fcstyap\u0131 \u00e7al\u0131\u015fmalar\u0131 ile vatanda\u015flar\u0131n \u015fehir ya\u015fam kalitesini art\u0131ran B\u00fcy\u00fck\u015fehir, y\u0131llard\u0131r kronikle\u015fmi\u015f bir sorunu daha \u00e7\u00f6z\u00fcme kavu\u015fturdu. \u015eehir n\u00fcfusunun artmas\u0131 ile birlikte ya\u015fanan trafik problemini yol a\u00e7ma, geni\u015fletme ve yenileme \u00e7al\u0131\u015fmalar\u0131 ile [&hellip;]<\/p>\n","protected":false},"author":2,"featured_media":34606,"comment_status":"closed","ping_status":"closed","sticky":false,"template":"","format":"standard","meta":{"footnotes":""},"categories":[3,5],"tags":[],"class_list":["post-34605","post","type-post","status-publish","format-standard","has-post-thumbnail","hentry","category-manset","category-mersin"],"views":3,"_links":{"self":[{"href":"https:\/\/mersinkadingazetesi.com\/index.php?rest_route=\/wp\/v2\/posts\/34605"}],"collection":[{"href":"https:\/\/mersinkadingazetesi.com\/index.php?rest_route=\/wp\/v2\/posts"}],"about":[{"href":"https:\/\/mersinkadingazetesi.com\/index.php?rest_route=\/wp\/v2\/types\/post"}],"author":[{"embeddable":true,"href":"https:\/\/mersinkadingazetesi.com\/index.php?rest_route=\/wp\/v2\/users\/2"}],"replies":[{"embeddable":true,"href":"https:\/\/mersinkadingazetesi.com\/index.php?rest_route=%2Fwp%2Fv2%2Fcomments&post=34605"}],"version-history":[{"count":1,"href":"https:\/\/mersinkadingazetesi.com\/index.php?rest_route=\/wp\/v2\/posts\/34605\/revisions"}],"predecessor-version":[{"id":34607,"href":"https:\/\/mersinkadingazetesi.com\/index.php?rest_route=\/wp\/v2\/posts\/34605\/revisions\/34607"}],"wp:featuredmedia":[{"embeddable":true,"href":"https:\/\/mersinkadingazetesi.com\/index.php?rest_route=\/wp\/v2\/media\/34606"}],"wp:attachment":[{"href":"https:\/\/mersinkadingazetesi.com\/index.php?rest_route=%2Fwp%2Fv2%2Fmedia&parent=34605"}],"wp:term":[{"taxonomy":"category","embeddable":true,"href":"https:\/\/mersinkadingazetesi.com\/index.php?rest_route=%2Fwp%2Fv2%2Fcategories&post=34605"},{"taxonomy":"post_tag","embeddable":true,"href":"https:\/\/mersinkadingazetesi.com\/index.php?rest_route=%2Fwp%2Fv2%2Ftags&post=34605"}],"curies":[{"name":"wp","href":"https:\/\/api.w.org\/{rel}","templated":true}]}}