{"id":34608,"date":"2024-08-19T12:25:10","date_gmt":"2024-08-19T09:25:10","guid":{"rendered":"https:\/\/mersinkadingazetesi.com\/?p=34608"},"modified":"2024-08-19T12:25:11","modified_gmt":"2024-08-19T09:25:11","slug":"yetersiz-ucaklarla-yanginlari-sonduremezsiniz","status":"publish","type":"post","link":"https:\/\/mersinkadingazetesi.com\/?p=34608","title":{"rendered":"&#8220;Yetersiz U\u00e7aklarla Yang\u0131nlar\u0131 S\u00f6nd\u00fcremezsiniz&#8221;"},"content":{"rendered":"\n<p>CHP Mersin Milletvekili G\u00fclcan K\u0131\u015f, T\u00fcrkiye&#8217;de son d\u00f6nemde artan orman yang\u0131nlar\u0131yla ilgili olarak Tar\u0131m ve Orman Bakan\u0131 \u0130brahim Yumakl\u0131&#8217;ya bir soru \u00f6nergesi verdi. K\u0131\u015f, 2024 y\u0131l\u0131 i\u00e7erisinde meydana gelen yang\u0131nlar\u0131n say\u0131s\u0131, yo\u011funla\u015ft\u0131\u011f\u0131 b\u00f6lgeler ve yang\u0131nlar\u0131n \u00e7\u0131k\u0131\u015f nedenleri hakk\u0131nda detayl\u0131 bilgi talep etti.<\/p>\n\n\n\n<p>CHP&#8217;li K\u0131\u015f, yang\u0131n s\u00f6nd\u00fcrme \u00e7al\u0131\u015fmalar\u0131nda kullan\u0131lan ekipman ve teknolojilerin yetersizli\u011fine dikkat \u00e7ekerek, \u00f6zellikle yang\u0131n s\u00f6nd\u00fcrme u\u00e7aklar\u0131 ve helikopterlerinin say\u0131 ve kapasitelerinin yeterli olmad\u0131\u011f\u0131n\u0131 vurgulad\u0131. Gece g\u00f6r\u00fc\u015fl\u00fc yang\u0131n s\u00f6nd\u00fcrme u\u00e7aklar\u0131n\u0131n yeteri kadar bulunmamas\u0131 nedeniyle geceleri yang\u0131nlara m\u00fcdahale edilememesini sert bir \u015fekilde ele\u015ftirdi.<\/p>\n\n\n\n<p>K\u0131\u015f, 22 y\u0131ld\u0131r iktidarda olan h\u00fck\u00fcmetin bu soruna kal\u0131c\u0131 bir \u00e7\u00f6z\u00fcm bulamamas\u0131 hakk\u0131nda &#8220;Bu s\u00fcre zarf\u0131nda orman yang\u0131nlar\u0131yla m\u00fccadelede gerekli \u00f6nlemleri almayan iktidar, paray\u0131 sadece saraya ve l\u00fcks harcamalara aktard\u0131. Yang\u0131nlar kar\u015f\u0131s\u0131nda yetersiz kalan bu duruma yeterli yat\u0131r\u0131m\u0131 yapmad\u0131&#8221; dedi.<\/p>\n\n\n\n<p>Ayr\u0131ca, orman yang\u0131nlar\u0131yla m\u00fccadeledeki bu eksikliklerin telafisi m\u00fcmk\u00fcn olmayan zararlara yol a\u00e7abilece\u011fini belirterek, T\u00fcrkiye&#8217;nin bu alanda daha etkili ve haz\u0131rl\u0131kl\u0131 olmas\u0131 gerekti\u011fini vurgulad\u0131. Ayr\u0131ca, yang\u0131n s\u00f6nd\u00fcrme u\u00e7aklar\u0131 i\u00e7in yap\u0131lan anla\u015fmalar\u0131n durumunu da sorgulayan K\u0131\u015f, bu anla\u015fmalarda ya\u015fanan gecikmelerin ve toplam maliyetlerin kamuoyuna a\u00e7\u0131klanmas\u0131n\u0131 istedi. CHP Mersin Milletvekili G\u00fclcan K\u0131\u015f \u00f6nergesinde bakanl\u0131\u011fa \u015fu sorular\u0131 sordu:<\/p>\n\n\n\n<p>1.\u2060&nbsp;\u20602024 y\u0131l\u0131 i\u00e7erisinde \u00fclkemizde meydana gelen orman yang\u0131nlar\u0131n\u0131n say\u0131s\u0131 nedir? Bu yang\u0131nlar hangi illerde ve b\u00f6lgelerde yo\u011funla\u015fm\u0131\u015ft\u0131r?<\/p>\n\n\n\n<p>2.\u2060&nbsp;\u2060Yang\u0131nlar\u0131n \u00e7\u0131k\u0131\u015f nedenleri konusunda bir inceleme ba\u015flat\u0131lm\u0131\u015f m\u0131d\u0131r? E\u011fer ba\u015flat\u0131lm\u0131\u015fsa, bu incelemeler sonucunda tespit edilen yang\u0131n nedenleri nelerdir?<\/p>\n\n\n\n<p>3.\u2060&nbsp;\u2060Yang\u0131n s\u00f6nd\u00fcrme \u00e7al\u0131\u015fmalar\u0131nda kullan\u0131lan ekipman ve teknolojilerin yeterlili\u011fi konusunda Bakanl\u0131\u011f\u0131n\u0131z\u0131n bir de\u011ferlendirmesi var m\u0131d\u0131r? Yang\u0131n s\u00f6nd\u00fcrme u\u00e7aklar\u0131 ve helikopterleri gibi ara\u00e7lar\u0131n say\u0131s\u0131 ve kapasiteleri yeterli midir?<\/p>\n\n\n\n<p>4.\u2060&nbsp;\u2060Yang\u0131nlara m\u00fcdahale etmek i\u00e7in gece g\u00f6r\u00fc\u015fl\u00fc yang\u0131n s\u00f6nd\u00fcrme u\u00e7aklar\u0131n\u0131n kullan\u0131m\u0131 konusunda Bakanl\u0131\u011f\u0131n\u0131z\u0131n bir \u00e7al\u0131\u015fmas\u0131 veya plan\u0131 var m\u0131d\u0131r? E\u011fer bu u\u00e7aklar mevcutsa, bunlar\u0131n say\u0131s\u0131 ve kapasitesi nedir?<\/p>\n\n\n\n<p>5.\u2060&nbsp;\u2060Yang\u0131n s\u00f6nd\u00fcrme u\u00e7aklar\u0131 i\u00e7in yap\u0131lan anla\u015fmalar\u0131n ne kadar\u0131 tamamlanm\u0131\u015ft\u0131r? Anla\u015fmalarda herhangi bir gecikme ya\u015fanm\u0131\u015f m\u0131d\u0131r? E\u011fer ya\u015fand\u0131ysa, bu gecikmenin nedenleri nelerdir?<\/p>\n\n\n\n<p>6.\u2060&nbsp;\u2060Yang\u0131n s\u00f6nd\u00fcrme u\u00e7aklar\u0131 i\u00e7in yap\u0131lan anla\u015fmalar\u0131n toplam maliyeti ne kadard\u0131r? Bu maliyetin ne kadar\u0131 \u00f6denmi\u015ftir ve kalan tutar ne kadard\u0131r?<\/p>\n","protected":false},"excerpt":{"rendered":"<p>CHP Mersin Milletvekili G\u00fclcan K\u0131\u015f, T\u00fcrkiye&#8217;de son d\u00f6nemde artan orman yang\u0131nlar\u0131yla ilgili olarak Tar\u0131m ve Orman Bakan\u0131 \u0130brahim Yumakl\u0131&#8217;ya bir soru \u00f6nergesi verdi. K\u0131\u015f, 2024 y\u0131l\u0131 i\u00e7erisinde meydana gelen yang\u0131nlar\u0131n say\u0131s\u0131, yo\u011funla\u015ft\u0131\u011f\u0131 b\u00f6lgeler ve yang\u0131nlar\u0131n \u00e7\u0131k\u0131\u015f nedenleri hakk\u0131nda detayl\u0131 bilgi talep etti. CHP&#8217;li K\u0131\u015f, yang\u0131n s\u00f6nd\u00fcrme \u00e7al\u0131\u015fmalar\u0131nda kullan\u0131lan ekipman ve teknolojilerin yetersizli\u011fine dikkat \u00e7ekerek, \u00f6zellikle [&hellip;]<\/p>\n","protected":false},"author":2,"featured_media":34609,"comment_status":"closed","ping_status":"closed","sticky":false,"template":"","format":"standard","meta":{"footnotes":""},"categories":[2,3],"tags":[],"class_list":["post-34608","post","type-post","status-publish","format-standard","has-post-thumbnail","hentry","category-gundem","category-manset"],"views":9,"_links":{"self":[{"href":"https:\/\/mersinkadingazetesi.com\/index.php?rest_route=\/wp\/v2\/posts\/34608"}],"collection":[{"href":"https:\/\/mersinkadingazetesi.com\/index.php?rest_route=\/wp\/v2\/posts"}],"about":[{"href":"https:\/\/mersinkadingazetesi.com\/index.php?rest_route=\/wp\/v2\/types\/post"}],"author":[{"embeddable":true,"href":"https:\/\/mersinkadingazetesi.com\/index.php?rest_route=\/wp\/v2\/users\/2"}],"replies":[{"embeddable":true,"href":"https:\/\/mersinkadingazetesi.com\/index.php?rest_route=%2Fwp%2Fv2%2Fcomments&post=34608"}],"version-history":[{"count":1,"href":"https:\/\/mersinkadingazetesi.com\/index.php?rest_route=\/wp\/v2\/posts\/34608\/revisions"}],"predecessor-version":[{"id":34610,"href":"https:\/\/mersinkadingazetesi.com\/index.php?rest_route=\/wp\/v2\/posts\/34608\/revisions\/34610"}],"wp:featuredmedia":[{"embeddable":true,"href":"https:\/\/mersinkadingazetesi.com\/index.php?rest_route=\/wp\/v2\/media\/34609"}],"wp:attachment":[{"href":"https:\/\/mersinkadingazetesi.com\/index.php?rest_route=%2Fwp%2Fv2%2Fmedia&parent=34608"}],"wp:term":[{"taxonomy":"category","embeddable":true,"href":"https:\/\/mersinkadingazetesi.com\/index.php?rest_route=%2Fwp%2Fv2%2Fcategories&post=34608"},{"taxonomy":"post_tag","embeddable":true,"href":"https:\/\/mersinkadingazetesi.com\/index.php?rest_route=%2Fwp%2Fv2%2Ftags&post=34608"}],"curies":[{"name":"wp","href":"https:\/\/api.w.org\/{rel}","templated":true}]}}