{"id":34615,"date":"2024-08-19T13:20:18","date_gmt":"2024-08-19T10:20:18","guid":{"rendered":"https:\/\/mersinkadingazetesi.com\/?p=34615"},"modified":"2024-08-19T13:20:18","modified_gmt":"2024-08-19T10:20:18","slug":"iptal-edilen-ihaleler-orman-yanginiyla-mucadeleyi-etkiledi-mi","status":"publish","type":"post","link":"https:\/\/mersinkadingazetesi.com\/?p=34615","title":{"rendered":"\u00a0\u0130ptal edilen ihaleler orman yang\u0131n\u0131yla m\u00fccadeleyi etkiledi mi?\u00a0"},"content":{"rendered":"\n<figure class=\"wp-block-table\"><table class=\"has-fixed-layout\"><tbody><tr><td><strong>DEVA Partisi Genel Ba\u015fkan Yard\u0131mc\u0131s\u0131 Mehmet Emin Ekmen, orman yang\u0131nlar\u0131yla daha etkili m\u00fccadele etmek i\u00e7in yap\u0131lmas\u0131 gereken ihalelerin tasarruf tedbirleri kapsam\u0131nda iptal edildi\u011fine dikkat \u00e7ekerek, Tar\u0131m ve Orman Bakan\u0131 \u0130brahim Yumakl\u0131&#8217;ya yan\u0131tlamas\u0131 istemiyle soru \u00f6nergesi verdi<\/strong>.\u00a0Ekmen,\u00a0<strong>\u201c<\/strong>Orman yollar\u0131, helikopter pisti, yang\u0131n havuzu ve i\u015f\u00e7ilik al\u0131m ihalelerinin iptalini kamu ihale kurumu ilanlar\u0131n\u0131 esas alarak belgelendirmi\u015ftik. Aradan 45 g\u00fcn ge\u00e7ti. Baz\u0131 bina yap\u0131m i\u015fleri ilana \u00e7\u0131kt\u0131 ama Kamu \u0130hale Kurumu duyurular\u0131na g\u00f6re iptal edilen yang\u0131nla m\u00fccadele i\u015fleri tekrar ihale edilmedi.\u00a0\u00dclkenin d\u00f6rt bir yan\u0131 yang\u0131n yeriyken, Tar\u0131m ve Orman Bakan\u0131 \u0130brahim Yumakl\u0131\u2019ya soruyoruz: Son g\u00fcnlerdeki yang\u0131nla m\u00fccadelede ya\u015fanan zorluklarda iptal edilen ihalelerin etkisi nedir?\u201d diye sordu.<strong>\u00a0<\/strong>DEVA Partisi Genel Ba\u015fkan Yard\u0131mc\u0131s\u0131 ve Mersin Milletvekili Mehmet Emin Ekmen, son g\u00fcnlerde yurdun bir\u00e7ok noktas\u0131nda ya\u015fanan orman yang\u0131nlar\u0131yla ilgili \u00e7arp\u0131c\u0131 bilgiler a\u00e7\u0131klad\u0131. Tasarruf genelgesi gerek\u00e7esiyle orman yang\u0131nlar\u0131yla daha etkili m\u00fccadele edebilmek i\u00e7in yap\u0131lmas\u0131 gereken ihalelerin iptal edildi\u011fini belgelerle ortaya koydu.\u00a0\u00a0<br><br><strong>TASARRUF TEDB\u0130RLER\u0130 UYGULANMIYOR AMA \u0130HALELER\u00a0\u0130PTAL ED\u0130LD\u0130<\/strong><br><br>Sosyal medya hesab\u0131 \u00fczerinden kamuoyuna bilgi veren Ekmen, yakla\u015f\u0131k 40 g\u00fcn\u00a0\u00f6nce orman yang\u0131n\u0131yla m\u00fccadele konusunun tasarruf tedbirlerine tak\u0131l\u0131p tak\u0131lmad\u0131\u011f\u0131n\u0131 sorarken, Tar\u0131m ve Orman Bakan\u0131 \u0130brahim Yumakl\u0131 \u201corman yang\u0131n\u0131yla m\u00fccadelenin tasarruf tedbirlerine tak\u0131lmad\u0131\u011f\u0131n\u0131\u201d belirtmesine ra\u011fmen bir\u00e7ok ihalenin iptal edildi\u011fi ortaya \u00e7\u0131kt\u0131.\u00a0<br><br>\u00a0<strong>\u0130PTAL ED\u0130LEN\u00a0\u0130HALELER TEKRAR\u00a0\u0130HALE ED\u0130LMED\u0130!<\/strong><br><br>Ekmen, orman yang\u0131nlar\u0131yla m\u00fccadele kapsam\u0131nda ihalelerin iptal edildi\u011fini belirterek,\u00a0\u201c1 Temmuz tarihinde Orman Yang\u0131nlar\u0131yla m\u00fccadele ihalelerinin,\u00a0\u2018tasarruf genelgesi\u2019\u00a0gerek\u00e7esiyle iptal edildi\u011fini iddia etmi\u015f, bakanl\u0131\u011f\u0131n yalanlamas\u0131 \u00fczerine; orman yollar\u0131, helikopter pisti, yang\u0131n havuzu ve i\u015f\u00e7ilik al\u0131m ihalelerinin iptalini kamu ihale kurumu ilanlar\u0131n\u0131 esas alarak belgelendirmi\u015f idik. Aradan 45 g\u00fcn ge\u00e7ti. Baz\u0131 bina yap\u0131m i\u015fleri ilana \u00e7\u0131kt\u0131 ama Kamu \u0130hale Kurumu duyurular\u0131na g\u00f6re iptal edilen yang\u0131nla m\u00fccadele i\u015fleri tekrar ihale edilmedi.\u201d ifadelerini kulland\u0131.\u00a0\u00a0\u00a0<br><br><strong>YANGINLA M\u00dcCADELEDE YA\u015eANAN ZORLUK \u0130PTAL ED\u0130LEN\u00a0\u0130HALELER\u0130N ETK\u0130S\u0130 M\u0130?<\/strong><br><br>Tar\u0131m ve Orman Bakan\u0131 \u0130brahim Yumakl\u0131\u2019ya soru\u00a0\u00f6nergesi yoluyla sorular y\u00f6nelten Ekmen,\u00a0\u201cSon g\u00fcnlerdeki yang\u0131nla m\u00fccadelede ya\u015fanan zorluklarda iptal edilen ihalelerin etkisi nedir? Tamam\u0131 belgeli, Kamu \u0130hale kurumu kay\u0131tlar\u0131nda a\u00e7\u0131k\u00e7a iptal edilen ihalelerin iptal edilmedi\u011fini b\u00fcrokratlar\u0131n\u0131z size s\u00f6ylettiler ama ayn\u0131 ki\u015filer iptal ile ortaya \u00e7\u0131kan hizmet a\u00e7\u0131\u011f\u0131n\u0131 nas\u0131l telafi ettiler? (Ekte iptal edilen baz\u0131 ihalelerin K\u0130K kay\u0131t\u00a0\u00f6rneklerini koyuyorum) Tasarruf genelgesinde a\u00e7\u0131k\u00e7a kapsam d\u0131\u015f\u0131 g\u00f6z\u00fcken ihaleler nas\u0131l iptal edildiler? Yoksa ilgili arkada\u015flar genelgeyi okumadan m\u0131 bu i\u015flemi yapt\u0131lar?\u201d diye sordu.\u00a0<br><br><strong>EKMEN: B\u00dcY\u00dcK FELAKETLERE NEDEN OLAB\u0130L\u0130R UYARISI YAPMI\u015eTI<\/strong><br><br>Ekmen, daha\u00a0\u00f6nce Tar\u0131m ve Orman Bakan\u0131 \u0130brahim Yumakl\u0131\u2019n\u0131n yan\u0131tlam\u0131\u015f istemiyle TBMM Ba\u015fkanl\u0131\u011f\u0131\u2019na sundu\u011fu soru\u00a0\u00f6nergesinde,\u00a0\u201cOrman yang\u0131nlar\u0131na kar\u015f\u0131 al\u0131nan\u00a0\u00f6nlemler yetersiz kalmakta ve yang\u0131nlara h\u0131zl\u0131 m\u00fcdahale edilememektedir. Bu yang\u0131nlarla daha etkili m\u00fccadele edebilmek i\u00e7in Havadan Erken M\u00fcdahale ve Kurtarma Milli Filosu\u2019nun kurulmas\u0131 gerekti\u011fi a\u00e7\u0131kt\u0131r. Ancak, son d\u00f6nemde yay\u0131mlanan tasarruf genelgesi nedeniyle yang\u0131nla m\u00fccadele kapsam\u0131nda a\u00e7\u0131lan yeni orman yollar\u0131 i\u015fleri durdurulmu\u015f ve ihale edilmi\u015f olan bir\u00e7ok hayati\u00a0\u00f6neme sahip proje iptal edilmi\u015ftir. \u0130hale iptal kay\u0131tlar\u0131nda bu durum a\u00e7\u0131k\u00e7a g\u00f6r\u00fclmektedir. Bu projelerin iptali, yang\u0131nla m\u00fccadele \u00e7al\u0131\u015fmalar\u0131nda ciddi aksakl\u0131klara neden olmakta ve yang\u0131nlara m\u00fcdahale kabiliyetimizi olumsuz etkilemektedir. Orman yang\u0131nlar\u0131n\u0131n say\u0131s\u0131n\u0131n ve \u015fiddetinin artt\u0131\u011f\u0131 bu d\u00f6nemde, yang\u0131nlara kar\u015f\u0131 al\u0131nan tedbirlerin yetersizli\u011fi ve hayati projelerin iptali, kamuoyunda ciddi endi\u015felere yol a\u00e7maktad\u0131r. Yang\u0131nlar\u0131n do\u011fal afet olarak kabul edilmemesi ve gerekli\u00a0\u00f6nlemlerin al\u0131nmamas\u0131, gelecekte daha b\u00fcy\u00fck felaketlere neden olabilecektir.\u201d ifadelerini kullanm\u0131\u015ft\u0131.<\/td><\/tr><\/tbody><\/table><\/figure>\n","protected":false},"excerpt":{"rendered":"<p>DEVA Partisi Genel Ba\u015fkan Yard\u0131mc\u0131s\u0131 Mehmet Emin Ekmen, orman yang\u0131nlar\u0131yla daha etkili m\u00fccadele etmek i\u00e7in yap\u0131lmas\u0131 gereken ihalelerin tasarruf tedbirleri kapsam\u0131nda iptal edildi\u011fine dikkat \u00e7ekerek, Tar\u0131m ve Orman Bakan\u0131 \u0130brahim Yumakl\u0131&#8217;ya yan\u0131tlamas\u0131 istemiyle soru \u00f6nergesi verdi.\u00a0Ekmen,\u00a0\u201cOrman yollar\u0131, helikopter pisti, yang\u0131n havuzu ve i\u015f\u00e7ilik al\u0131m ihalelerinin iptalini kamu ihale kurumu ilanlar\u0131n\u0131 esas alarak belgelendirmi\u015ftik. Aradan 45 [&hellip;]<\/p>\n","protected":false},"author":2,"featured_media":34616,"comment_status":"closed","ping_status":"closed","sticky":false,"template":"","format":"standard","meta":{"footnotes":""},"categories":[1,2,3,6],"tags":[],"class_list":["post-34615","post","type-post","status-publish","format-standard","has-post-thumbnail","hentry","category-genel","category-gundem","category-manset","category-siyaset-2"],"views":7,"_links":{"self":[{"href":"https:\/\/mersinkadingazetesi.com\/index.php?rest_route=\/wp\/v2\/posts\/34615"}],"collection":[{"href":"https:\/\/mersinkadingazetesi.com\/index.php?rest_route=\/wp\/v2\/posts"}],"about":[{"href":"https:\/\/mersinkadingazetesi.com\/index.php?rest_route=\/wp\/v2\/types\/post"}],"author":[{"embeddable":true,"href":"https:\/\/mersinkadingazetesi.com\/index.php?rest_route=\/wp\/v2\/users\/2"}],"replies":[{"embeddable":true,"href":"https:\/\/mersinkadingazetesi.com\/index.php?rest_route=%2Fwp%2Fv2%2Fcomments&post=34615"}],"version-history":[{"count":1,"href":"https:\/\/mersinkadingazetesi.com\/index.php?rest_route=\/wp\/v2\/posts\/34615\/revisions"}],"predecessor-version":[{"id":34617,"href":"https:\/\/mersinkadingazetesi.com\/index.php?rest_route=\/wp\/v2\/posts\/34615\/revisions\/34617"}],"wp:featuredmedia":[{"embeddable":true,"href":"https:\/\/mersinkadingazetesi.com\/index.php?rest_route=\/wp\/v2\/media\/34616"}],"wp:attachment":[{"href":"https:\/\/mersinkadingazetesi.com\/index.php?rest_route=%2Fwp%2Fv2%2Fmedia&parent=34615"}],"wp:term":[{"taxonomy":"category","embeddable":true,"href":"https:\/\/mersinkadingazetesi.com\/index.php?rest_route=%2Fwp%2Fv2%2Fcategories&post=34615"},{"taxonomy":"post_tag","embeddable":true,"href":"https:\/\/mersinkadingazetesi.com\/index.php?rest_route=%2Fwp%2Fv2%2Ftags&post=34615"}],"curies":[{"name":"wp","href":"https:\/\/api.w.org\/{rel}","templated":true}]}}