{"id":34618,"date":"2024-08-20T10:30:30","date_gmt":"2024-08-20T07:30:30","guid":{"rendered":"https:\/\/mersinkadingazetesi.com\/?p=34618"},"modified":"2024-08-20T10:30:31","modified_gmt":"2024-08-20T07:30:31","slug":"toroslar-belediyesinin-ilk-gunduz-bakimevinde-on-kayitlar-basladi","status":"publish","type":"post","link":"https:\/\/mersinkadingazetesi.com\/?p=34618","title":{"rendered":"TOROSLAR BELED\u0130YES\u0130N\u0130N \u0130LK G\u00dcND\u00dcZ BAKIMEV\u0130NDE \u00d6N KAYITLAR BA\u015eLADI"},"content":{"rendered":"\n<p><strong>Toroslar Belediye Ba\u015fkan\u0131 Abdurrahman Y\u0131ld\u0131z&#8217;\u0131n yeni d\u00f6nem i\u00e7in planlad\u0131\u011f\u0131 projelerinden biri olan G\u00fcnd\u00fcz Bak\u0131mevi&#8217;nin ilki, 16 Eyl\u00fcl&#8217;de Osmaniye Mahallesi&#8217;nde hizmete a\u00e7\u0131l\u0131yor.<\/strong><\/p>\n\n\n\n<p>\u00c7al\u0131\u015fan annelerin en fazla ihtiya\u00e7 duydu\u011fu kre\u015f sorununa \u00e7\u00f6z\u00fcm olacak g\u00fcnd\u00fcz bak\u0131mevini hayata ge\u00e7irmenin mutlulu\u011funu ya\u015fad\u0131klar\u0131n\u0131 belirten Ba\u015fkan Y\u0131ld\u0131z, &#8220;Bu projemiz \u00f6zellikle \u00e7al\u0131\u015fan ailelerin hayat\u0131n\u0131 kolayla\u015ft\u0131racak. S\u00f6z verdik, yap\u0131yoruz&#8221; dedi.<\/p>\n\n\n\n<p>Ba\u015fkan Y\u0131ld\u0131z, Osmaniye Mahallesi&#8217;nden sonra Akbelen, Mevlana, G\u00fcneykent ve Korukent Mahalleleri&#8217;nde de G\u00fcnd\u00fcz Bak\u0131mevleri&#8217;ni s\u0131ras\u0131yla en k\u0131sa s\u00fcrede hizmete a\u00e7acaklar\u0131n\u0131 s\u00f6yledi.<\/p>\n\n\n\n<p>2024-2025 E\u011fitim \u00d6\u011fretim D\u00f6nemi i\u00e7in t\u00fcm haz\u0131rl\u0131klar\u0131n devam etti\u011fi Toroslar Belediyesinin ilk G\u00fcnd\u00fcz Bak\u0131mevi, 36-72 ay aral\u0131\u011f\u0131ndaki minik \u00f6\u011frencilerini bekliyor.<\/p>\n\n\n\n<p>\u00c7ocuklar\u0131n her t\u00fcrl\u00fc bili\u015fsel, sosyal, duygusal ve akademik e\u011fitiminin desteklenece\u011fi g\u00fcnd\u00fcz bak\u0131mevinin \u00f6n kay\u0131tlar\u0131 30 A\u011fustos Cuma g\u00fcn\u00fcne kadar devam edecek. Kay\u0131t yapt\u0131rmak isteyen aileler, 0324 404 01 11 numaral\u0131 telefondan yetkililerle g\u00f6r\u00fc\u015ferek bilgi alabilirler.<\/p>\n\n\n\n<p><strong>&#8220;HUZUR \u0130\u00c7ER\u0130S\u0130NDE \u00c7OCUKLARINI EMANET EDEB\u0130L\u0130RLER&#8221;<\/strong><\/p>\n\n\n\n<p>Ailelerin \u00e7ocuklar\u0131n\u0131 g\u00fcvenle emanet edebilecekleri ve \u00e7ocuklar\u0131n da keyifle vakit ge\u00e7irece\u011fi G\u00fcnd\u00fcz Bak\u0131mevinde, uzman e\u011fitmenler e\u015fli\u011finde, 08.00-17.00 saatleri aras\u0131nda e\u011fitimler verilecek.<\/p>\n\n\n\n<p>Yakla\u015f\u0131k 2 d\u00f6n\u00fcm alan \u00fczerine in\u015fa edilen ve 96 \u00f6\u011frenci kapasiteli tesiste; 6 derslik, 1 yemekhane, 1 mutfak ve 1 uyku odas\u0131 ile iki ayr\u0131 oyun park\u0131 yer al\u0131yor. Sabah kahvalt\u0131s\u0131, \u00f6\u011flen yeme\u011fi ve ara \u00f6\u011f\u00fcn olacak \u015fekilde \u00f6\u011frencilere \u00fc\u00e7 \u00f6\u011f\u00fcn beslenme program\u0131 uygulanacak.<\/p>\n\n\n\n<p><strong>&#8220;\u00d6NCEL\u0130\u011e\u0130M\u0130Z \u00c7ALI\u015eAN DAR GEL\u0130RL\u0130 A\u0130LELER\u0130N FAYDALANMASI&#8221;<\/strong><\/p>\n\n\n\n<p>Toroslar Belediye Ba\u015fkan\u0131 Abdurrahman Y\u0131ld\u0131z, dar gelirli ailelere destek olmak amac\u0131yla hayata ge\u00e7irdikleri \u00c7ocuk G\u00fcnd\u00fcz Bak\u0131mevi&#8217;nde \u00e7ocuklar\u0131n geli\u015fimine uygun olarak bir e\u011fitim program\u0131 haz\u0131rlad\u0131klar\u0131n\u0131 s\u00f6yledi.<\/p>\n\n\n\n<p>G\u00fcnd\u00fcz Bak\u0131mevi&#8217;ni, herkesin kolayl\u0131kla ula\u015fabilece\u011fi Osmaniye Mahallesi&#8217;nde in\u015fa ettiklerini ve 16 Eyl\u00fcl&#8217;de hizmete a\u00e7acaklar\u0131n\u0131 kaydeden Ba\u015fkan Y\u0131ld\u0131z, &#8220;G\u00fcnd\u00fcz Bak\u0131mevimizi hayata ge\u00e7iriyoruz. Okul \u00f6ncesi e\u011fitime destek vermenin yan\u0131 s\u0131ra amac\u0131m\u0131z kentimizde kad\u0131nlar\u0131m\u0131z\u0131n \u00e7al\u0131\u015fma hayat\u0131nda yer almas\u0131 ve kad\u0131na y\u00f6nelik istihdam\u0131n artmas\u0131d\u0131r. Y\u00fcz\u00fc g\u00fclen, nefes alan Toroslar hedefiyle mutlu ailelerin, g\u00fc\u00e7l\u00fc bireylerin ya\u015fad\u0131\u011f\u0131 bir kent olu\u015fturma gayretindeyiz&#8221; diye konu\u015ftu.<\/p>\n","protected":false},"excerpt":{"rendered":"<p>Toroslar Belediye Ba\u015fkan\u0131 Abdurrahman Y\u0131ld\u0131z&#8217;\u0131n yeni d\u00f6nem i\u00e7in planlad\u0131\u011f\u0131 projelerinden biri olan G\u00fcnd\u00fcz Bak\u0131mevi&#8217;nin ilki, 16 Eyl\u00fcl&#8217;de Osmaniye Mahallesi&#8217;nde hizmete a\u00e7\u0131l\u0131yor. \u00c7al\u0131\u015fan annelerin en fazla ihtiya\u00e7 duydu\u011fu kre\u015f sorununa \u00e7\u00f6z\u00fcm olacak g\u00fcnd\u00fcz bak\u0131mevini hayata ge\u00e7irmenin mutlulu\u011funu ya\u015fad\u0131klar\u0131n\u0131 belirten Ba\u015fkan Y\u0131ld\u0131z, &#8220;Bu projemiz \u00f6zellikle \u00e7al\u0131\u015fan ailelerin hayat\u0131n\u0131 kolayla\u015ft\u0131racak. S\u00f6z verdik, yap\u0131yoruz&#8221; dedi. Ba\u015fkan Y\u0131ld\u0131z, Osmaniye Mahallesi&#8217;nden [&hellip;]<\/p>\n","protected":false},"author":2,"featured_media":34619,"comment_status":"closed","ping_status":"closed","sticky":false,"template":"","format":"standard","meta":{"footnotes":""},"categories":[3],"tags":[],"class_list":["post-34618","post","type-post","status-publish","format-standard","has-post-thumbnail","hentry","category-manset"],"views":4,"_links":{"self":[{"href":"https:\/\/mersinkadingazetesi.com\/index.php?rest_route=\/wp\/v2\/posts\/34618"}],"collection":[{"href":"https:\/\/mersinkadingazetesi.com\/index.php?rest_route=\/wp\/v2\/posts"}],"about":[{"href":"https:\/\/mersinkadingazetesi.com\/index.php?rest_route=\/wp\/v2\/types\/post"}],"author":[{"embeddable":true,"href":"https:\/\/mersinkadingazetesi.com\/index.php?rest_route=\/wp\/v2\/users\/2"}],"replies":[{"embeddable":true,"href":"https:\/\/mersinkadingazetesi.com\/index.php?rest_route=%2Fwp%2Fv2%2Fcomments&post=34618"}],"version-history":[{"count":1,"href":"https:\/\/mersinkadingazetesi.com\/index.php?rest_route=\/wp\/v2\/posts\/34618\/revisions"}],"predecessor-version":[{"id":34620,"href":"https:\/\/mersinkadingazetesi.com\/index.php?rest_route=\/wp\/v2\/posts\/34618\/revisions\/34620"}],"wp:featuredmedia":[{"embeddable":true,"href":"https:\/\/mersinkadingazetesi.com\/index.php?rest_route=\/wp\/v2\/media\/34619"}],"wp:attachment":[{"href":"https:\/\/mersinkadingazetesi.com\/index.php?rest_route=%2Fwp%2Fv2%2Fmedia&parent=34618"}],"wp:term":[{"taxonomy":"category","embeddable":true,"href":"https:\/\/mersinkadingazetesi.com\/index.php?rest_route=%2Fwp%2Fv2%2Fcategories&post=34618"},{"taxonomy":"post_tag","embeddable":true,"href":"https:\/\/mersinkadingazetesi.com\/index.php?rest_route=%2Fwp%2Fv2%2Ftags&post=34618"}],"curies":[{"name":"wp","href":"https:\/\/api.w.org\/{rel}","templated":true}]}}