{"id":34624,"date":"2024-08-20T10:32:47","date_gmt":"2024-08-20T07:32:47","guid":{"rendered":"https:\/\/mersinkadingazetesi.com\/?p=34624"},"modified":"2024-08-20T10:32:48","modified_gmt":"2024-08-20T07:32:48","slug":"2025-yili-butce-degerlendirme-toplantisi-bozyazida-basladi","status":"publish","type":"post","link":"https:\/\/mersinkadingazetesi.com\/?p=34624","title":{"rendered":"2025 Y\u0131l\u0131 B\u00fct\u00e7e De\u011ferlendirme Toplant\u0131s\u0131 Bozyaz\u0131\u2019da Ba\u015flad\u0131"},"content":{"rendered":"\n<p>Tar\u0131m ve Orman Bakanl\u0131\u011f\u0131m\u0131z\u0131n ve Orman Genel M\u00fcd\u00fcrl\u00fc\u011f\u00fcm\u00fcz\u00fcn hedef ve politikalar\u0131 \u00e7er\u00e7evesinde, 2025 y\u0131l\u0131 b\u00fct\u00e7e toplant\u0131s\u0131 Mersin Orman B\u00f6lge M\u00fcd\u00fcrl\u00fc\u011f\u00fcm\u00fcze ba\u011fl\u0131 Bozyaz\u0131 Orman \u0130\u015fletme M\u00fcd\u00fcrl\u00fc\u011f\u00fcnde ba\u015flad\u0131.<\/p>\n\n\n\n<p>Mersin Orman B\u00f6lge M\u00fcd\u00fcrl\u00fc\u011f\u00fc 2025 y\u0131l\u0131 b\u00fct\u00e7e haz\u0131rl\u0131k toplant\u0131s\u0131na, Mersin Orman B\u00f6lge M\u00fcd\u00fcr\u00fc Rifat Ata\u015f\u2019\u0131n ba\u015fkanl\u0131\u011f\u0131nda Mersin Orman B\u00f6lge M\u00fcd\u00fcr Yard\u0131mc\u0131s\u0131 Mehmet Fulin, Silvik\u00fclt\u00fcr \u015eube M\u00fcd\u00fcr\u00fc Ferhat Kaya, Orman \u0130daresi ve Planlama \u015eube M\u00fcd\u00fcr\u00fc S\u00fcleyman Nafile, \u0130\u015fletme ve Pazarlama \u015eube M\u00fcd\u00fcr\u00fc Necati Kulak, Bozyaz\u0131 Orman \u0130\u015fletme M\u00fcd\u00fcr\u00fc Fahri Uzlar, Orman \u0130\u015fletme M\u00fcd\u00fcr Yard\u0131mc\u0131lar\u0131 ve \u0130\u015fletme \u015eefleri kat\u0131ld\u0131.<\/p>\n\n\n\n<p>&nbsp;&nbsp;&nbsp;&nbsp;&nbsp;&nbsp;&nbsp;&nbsp; Tasarruf tedbirleri kapsam\u0131nda revize edilen b\u00fct\u00e7e \u00e7al\u0131\u015fmalar\u0131m\u0131z\u0131n devletimize ve kurumumuza hay\u0131rl\u0131 olmas\u0131n\u0131 temenni ediyoruz.<\/p>\n","protected":false},"excerpt":{"rendered":"<p>Tar\u0131m ve Orman Bakanl\u0131\u011f\u0131m\u0131z\u0131n ve Orman Genel M\u00fcd\u00fcrl\u00fc\u011f\u00fcm\u00fcz\u00fcn hedef ve politikalar\u0131 \u00e7er\u00e7evesinde, 2025 y\u0131l\u0131 b\u00fct\u00e7e toplant\u0131s\u0131 Mersin Orman B\u00f6lge M\u00fcd\u00fcrl\u00fc\u011f\u00fcm\u00fcze ba\u011fl\u0131 Bozyaz\u0131 Orman \u0130\u015fletme M\u00fcd\u00fcrl\u00fc\u011f\u00fcnde ba\u015flad\u0131. Mersin Orman B\u00f6lge M\u00fcd\u00fcrl\u00fc\u011f\u00fc 2025 y\u0131l\u0131 b\u00fct\u00e7e haz\u0131rl\u0131k toplant\u0131s\u0131na, Mersin Orman B\u00f6lge M\u00fcd\u00fcr\u00fc Rifat Ata\u015f\u2019\u0131n ba\u015fkanl\u0131\u011f\u0131nda Mersin Orman B\u00f6lge M\u00fcd\u00fcr Yard\u0131mc\u0131s\u0131 Mehmet Fulin, Silvik\u00fclt\u00fcr \u015eube M\u00fcd\u00fcr\u00fc Ferhat Kaya, Orman [&hellip;]<\/p>\n","protected":false},"author":2,"featured_media":34625,"comment_status":"closed","ping_status":"closed","sticky":false,"template":"","format":"standard","meta":{"footnotes":""},"categories":[3],"tags":[],"class_list":["post-34624","post","type-post","status-publish","format-standard","has-post-thumbnail","hentry","category-manset"],"views":3,"_links":{"self":[{"href":"https:\/\/mersinkadingazetesi.com\/index.php?rest_route=\/wp\/v2\/posts\/34624"}],"collection":[{"href":"https:\/\/mersinkadingazetesi.com\/index.php?rest_route=\/wp\/v2\/posts"}],"about":[{"href":"https:\/\/mersinkadingazetesi.com\/index.php?rest_route=\/wp\/v2\/types\/post"}],"author":[{"embeddable":true,"href":"https:\/\/mersinkadingazetesi.com\/index.php?rest_route=\/wp\/v2\/users\/2"}],"replies":[{"embeddable":true,"href":"https:\/\/mersinkadingazetesi.com\/index.php?rest_route=%2Fwp%2Fv2%2Fcomments&post=34624"}],"version-history":[{"count":1,"href":"https:\/\/mersinkadingazetesi.com\/index.php?rest_route=\/wp\/v2\/posts\/34624\/revisions"}],"predecessor-version":[{"id":34626,"href":"https:\/\/mersinkadingazetesi.com\/index.php?rest_route=\/wp\/v2\/posts\/34624\/revisions\/34626"}],"wp:featuredmedia":[{"embeddable":true,"href":"https:\/\/mersinkadingazetesi.com\/index.php?rest_route=\/wp\/v2\/media\/34625"}],"wp:attachment":[{"href":"https:\/\/mersinkadingazetesi.com\/index.php?rest_route=%2Fwp%2Fv2%2Fmedia&parent=34624"}],"wp:term":[{"taxonomy":"category","embeddable":true,"href":"https:\/\/mersinkadingazetesi.com\/index.php?rest_route=%2Fwp%2Fv2%2Fcategories&post=34624"},{"taxonomy":"post_tag","embeddable":true,"href":"https:\/\/mersinkadingazetesi.com\/index.php?rest_route=%2Fwp%2Fv2%2Ftags&post=34624"}],"curies":[{"name":"wp","href":"https:\/\/api.w.org\/{rel}","templated":true}]}}