{"id":34627,"date":"2024-08-20T10:34:03","date_gmt":"2024-08-20T07:34:03","guid":{"rendered":"https:\/\/mersinkadingazetesi.com\/?p=34627"},"modified":"2024-08-20T10:34:03","modified_gmt":"2024-08-20T07:34:03","slug":"koy-bizim-senlik-bizim-etkinlikleri-ile-ilcelerde-yaz-aksamlari-civil-civil-geciyor","status":"publish","type":"post","link":"https:\/\/mersinkadingazetesi.com\/?p=34627","title":{"rendered":"&#8216;K\u00d6Y B\u0130Z\u0130M \u015eENL\u0130K B\u0130Z\u0130M&#8217; ETK\u0130NL\u0130KLER\u0130 \u0130LE \u0130L\u00c7ELERDE YAZ AK\u015eAMLARI CIVIL CIVIL GE\u00c7\u0130YOR"},"content":{"rendered":"\n<p>Mersin B\u00fcy\u00fck\u015fehir Belediyesi&#8217;nin k\u0131rsal mahallelerde sosyal ve k\u00fclt\u00fcrel etkinliklerin art\u0131r\u0131lmas\u0131 amac\u0131yla yaz boyunca d\u00fczenledi\u011fi&nbsp;<strong>&#8216;K\u00f6y Bizim \u015eenlik Bizim&#8217;<\/strong>&nbsp;etkinlikleri, her hafta farkl\u0131 bir noktada h\u0131z kesmeden devam ediyor. K\u00fclt\u00fcr ve Sosyal \u0130\u015fler Dairesi Ba\u015fkanl\u0131\u011f\u0131 koordinesinde mahalle sakinlerine unutamayacaklar\u0131 keyifli yaz ak\u015famlar\u0131 ya\u015fatan etkinlikler il\u00e7elere renk katarken, il\u00e7e halk\u0131n\u0131n keyifli vakit ge\u00e7irmesine ve sosyal ba\u011flar\u0131n\u0131n g\u00fc\u00e7lenmesine de katk\u0131 sa\u011fl\u0131yor. K\u00fc\u00e7\u00fckten b\u00fcy\u00fc\u011fe herkesi ne\u015felendiren etkinliklerin bu haftaki dura\u011f\u0131, Erdemli il\u00e7esine ba\u011fl\u0131 Sorgun Mahallesi oldu.<\/p>\n\n\n\n<p>K\u00f6y meydan\u0131nda d\u00fczenlenen etkinli\u011fe \u00e7ocuklar\u0131n yan\u0131 s\u0131ra aileler de b\u00fcy\u00fck ilgi g\u00f6sterdi. Hareketli m\u00fczikler e\u015fli\u011finde dans edip bol bol oyun oynayan \u00e7ocuklara, aileleri de alk\u0131\u015flarla destek verdi. Tiyatro ve kukla g\u00f6sterisini b\u00fcy\u00fck bir keyifle izleyen vatanda\u015flar, geleneksel oyunlarla da tatl\u0131 bir rekabet ya\u015fad\u0131. Co\u015fkulu bir atmosferin ya\u015fand\u0131\u011f\u0131 etkinlikte, \u00e7ocuklara tatl\u0131 ikraml\u0131klarla birlikte \u00e7e\u015fitli hediyeler de da\u011f\u0131t\u0131ld\u0131.<\/p>\n\n\n\n<p><strong>Uzunba\u011f: &#8220;\u00c7ocuklar\u0131n birbirleriyle kayna\u015fmas\u0131n\u0131 ve sosyalle\u015fmesini sa\u011fl\u0131yoruz&#8221;<\/strong><\/p>\n\n\n\n<p><strong>&#8216;K\u00f6y Bizim \u015eenlik Bizim&#8217;&nbsp;<\/strong>etkinliklerinin bu haftaki dura\u011f\u0131n\u0131n Erdemli il\u00e7esi oldu\u011funu aktaran B\u00fcy\u00fck\u015fehir Belediyesi Erdemli Koordinat\u00f6r\u00fc Vedat Uzunba\u011f,&nbsp;<strong>&#8220;Mersin B\u00fcy\u00fck\u015fehir Belediyesi olarak b\u00fct\u00fcn il\u00e7elerimizde \u00e7ocuklar\u0131m\u0131zla bulu\u015fuyoruz. \u00c7ocuklara yaylay\u0131 ve yaylac\u0131l\u0131\u011f\u0131 sevdiriyoruz. Etkinliklerle \u00e7ocuklar\u0131m\u0131z\u0131n s\u0131k\u0131lmamalar\u0131n\u0131 ve birbirleriyle kayna\u015fmas\u0131n\u0131, sosyalle\u015fmesini sa\u011fl\u0131yoruz. \u00c7ocuklar\u0131m\u0131z \u00e7ok mutlu. Bu \u00e7ocuklar\u0131n sevgiye, ilgiye ve oyuna ihtiyac\u0131 var&#8221;<\/strong>&nbsp;diyerek, etkinliklerin devam edece\u011fini vurgulad\u0131.<\/p>\n\n\n\n<p><strong>Muhtar G\u00fcr: &#8220;B\u00fcy\u00fck\u015fehir, sosyal belediyecili\u011fin en g\u00fczel \u00f6rneklerinden birini sergiliyor&#8221;<\/strong><\/p>\n\n\n\n<p>Sorgun Mahalle Muhtar\u0131 Mehmet G\u00fcr, B\u00fcy\u00fck\u015fehir Belediyesi&#8217;nin sosyal belediyecili\u011fin en g\u00fczel \u00f6rneklerinden birini sergiledi\u011fini belirterek, &#8220;<strong>B\u00fcy\u00fck\u015fehir; s\u0131f\u0131r rak\u0131mda, \u015fehir merkezinde \u00e7ocuklara ne kadar ilgi g\u00f6steriyorsa, 2 bin rak\u0131mdaki Sorgun mahallesine de gelerek \u00e7ocuklar\u0131 e\u011flendirip, mutlu ediyor. K\u0131rsalda b\u00f6yle sosyal etkinliklere daha \u00e7ok ihtiyac\u0131m\u0131z var. \u00c7ocuklar\u0131m\u0131z\u0131n yan\u0131 s\u0131ra, gen\u00e7lerimizin ve yeti\u015fkinlerin de sosyal etkinliklere ihtiyac\u0131 var&#8221;<\/strong>&nbsp;dedi.<\/p>\n\n\n\n<p>\u015eehir merkezinde sosyal etkinliklere ula\u015f\u0131m imkan\u0131n\u0131n daha fazla oldu\u011funu aktaran Muhtar G\u00fcr,&nbsp;<strong>&#8220;Daha \u00f6nce B\u00fcy\u00fck\u015fehir Belediyesi ile 2 defa bahar etkinlikleri yapt\u0131k. \u015eimdi ise yaz etkinlikleri yap\u0131yoruz. Bu ihtiya\u00e7lar\u0131m\u0131z\u0131n kar\u015f\u0131lanmas\u0131ndan dolay\u0131 memnunuz. B\u00fcy\u00fck\u015fehir Belediyesi&#8217;ne te\u015fekk\u00fcr ediyoruz&#8221;<\/strong>&nbsp;ifadelerini kulland\u0131.<\/p>\n\n\n\n<p><strong>\u0130l\u00e7e halk\u0131 B\u00fcy\u00fck\u015fehir&#8217;le hem keyifli hem de e\u011flenceli bir ak\u015fam ge\u00e7irdi<\/strong><\/p>\n\n\n\n<p>Etkinlikte \u00e7ok e\u011flendi\u011fini belirten \u00e7ocuklardan Enes Heybet,&nbsp;<strong>&#8220;Halat \u00e7ekildi. Oyunlar oynand\u0131 ve ailecek e\u011flendik&#8221;<\/strong>&nbsp;dedi.<\/p>\n\n\n\n<p>Anonsu duyunca etkinli\u011fe ko\u015fup geldi\u011fini s\u00f6yleyen 13 ya\u015f\u0131ndaki Mustafacan Bulut,&nbsp;<strong>&#8220;G\u00fczel bir aktivite ve etkinlik yap\u0131ld\u0131. E\u011flendik. Farkl\u0131 ve e\u011flenceli bir ak\u015fam oldu. Oyun oynad\u0131k. Tiyatro ve kukla izledik. G\u00fczeldi&#8221;<\/strong>&nbsp;s\u00f6zlerine yer verdi.&nbsp;&nbsp;<\/p>\n\n\n\n<p>\u00c7ocuklardan Galip Efe Yavuz,&nbsp;<strong>&#8220;Bug\u00fcn g\u00fczel ge\u00e7ti. Oyun oynad\u0131m, halat \u00e7ektim, bol bol dans ettim. Mutlu oldu\u011fum bir ak\u015fam ge\u00e7irdim&#8221;&nbsp;<\/strong>diyerek duygular\u0131n\u0131 ifade etti.<\/p>\n\n\n\n<p>Mahalle sakinlerinden Veli Nergis ise&nbsp;<strong>&#8220;Etkinli\u011fe torunumla geldim. \u00c7ocuklara heyecan oldu. Herkes i\u015ften geldi mi yorgun oluyor, evinde kal\u0131yordu. \u0130yi oldu&#8221;<\/strong>&nbsp;diye konu\u015ftu.<\/p>\n\n\n\n<p>Etkinli\u011fe ailecek kat\u0131ld\u0131klar\u0131n\u0131 s\u00f6yleyen mahalle sakinlerinden Mustafa Do\u011fan da&nbsp;<strong>&#8220;\u00c7ocuklar\u0131m\u0131z \u00e7ok mutlu.&nbsp;&nbsp;Mikrofondan anonsu duyunca heyecanland\u0131lar ve ak\u015fam olmas\u0131n\u0131 iple \u00e7ektiler. \u00c7ok iyi bir farkl\u0131l\u0131k oldu. K\u00f6y olarak mutlu olduk&#8221;&nbsp;<\/strong>ifadelerini kulland\u0131.<\/p>\n\n\n\n<p>Ba\u015fka bir vatanda\u015f Tekin Koca ise&nbsp;<strong>&#8220;Ailemle beraber geldim. Ortam g\u00fczeldi. Herkes stresini att\u0131. G\u00fczel bir ak\u015fam oldu. Memnun kald\u0131k&#8221;&nbsp;<\/strong>dedi.<\/p>\n","protected":false},"excerpt":{"rendered":"<p>Mersin B\u00fcy\u00fck\u015fehir Belediyesi&#8217;nin k\u0131rsal mahallelerde sosyal ve k\u00fclt\u00fcrel etkinliklerin art\u0131r\u0131lmas\u0131 amac\u0131yla yaz boyunca d\u00fczenledi\u011fi&nbsp;&#8216;K\u00f6y Bizim \u015eenlik Bizim&#8217;&nbsp;etkinlikleri, her hafta farkl\u0131 bir noktada h\u0131z kesmeden devam ediyor. K\u00fclt\u00fcr ve Sosyal \u0130\u015fler Dairesi Ba\u015fkanl\u0131\u011f\u0131 koordinesinde mahalle sakinlerine unutamayacaklar\u0131 keyifli yaz ak\u015famlar\u0131 ya\u015fatan etkinlikler il\u00e7elere renk katarken, il\u00e7e halk\u0131n\u0131n keyifli vakit ge\u00e7irmesine ve sosyal ba\u011flar\u0131n\u0131n g\u00fc\u00e7lenmesine de katk\u0131 [&hellip;]<\/p>\n","protected":false},"author":2,"featured_media":34628,"comment_status":"closed","ping_status":"closed","sticky":false,"template":"","format":"standard","meta":{"footnotes":""},"categories":[2,3],"tags":[],"class_list":["post-34627","post","type-post","status-publish","format-standard","has-post-thumbnail","hentry","category-gundem","category-manset"],"views":4,"_links":{"self":[{"href":"https:\/\/mersinkadingazetesi.com\/index.php?rest_route=\/wp\/v2\/posts\/34627"}],"collection":[{"href":"https:\/\/mersinkadingazetesi.com\/index.php?rest_route=\/wp\/v2\/posts"}],"about":[{"href":"https:\/\/mersinkadingazetesi.com\/index.php?rest_route=\/wp\/v2\/types\/post"}],"author":[{"embeddable":true,"href":"https:\/\/mersinkadingazetesi.com\/index.php?rest_route=\/wp\/v2\/users\/2"}],"replies":[{"embeddable":true,"href":"https:\/\/mersinkadingazetesi.com\/index.php?rest_route=%2Fwp%2Fv2%2Fcomments&post=34627"}],"version-history":[{"count":1,"href":"https:\/\/mersinkadingazetesi.com\/index.php?rest_route=\/wp\/v2\/posts\/34627\/revisions"}],"predecessor-version":[{"id":34629,"href":"https:\/\/mersinkadingazetesi.com\/index.php?rest_route=\/wp\/v2\/posts\/34627\/revisions\/34629"}],"wp:featuredmedia":[{"embeddable":true,"href":"https:\/\/mersinkadingazetesi.com\/index.php?rest_route=\/wp\/v2\/media\/34628"}],"wp:attachment":[{"href":"https:\/\/mersinkadingazetesi.com\/index.php?rest_route=%2Fwp%2Fv2%2Fmedia&parent=34627"}],"wp:term":[{"taxonomy":"category","embeddable":true,"href":"https:\/\/mersinkadingazetesi.com\/index.php?rest_route=%2Fwp%2Fv2%2Fcategories&post=34627"},{"taxonomy":"post_tag","embeddable":true,"href":"https:\/\/mersinkadingazetesi.com\/index.php?rest_route=%2Fwp%2Fv2%2Ftags&post=34627"}],"curies":[{"name":"wp","href":"https:\/\/api.w.org\/{rel}","templated":true}]}}