{"id":34634,"date":"2024-08-20T11:18:02","date_gmt":"2024-08-20T08:18:02","guid":{"rendered":"https:\/\/mersinkadingazetesi.com\/?p=34634"},"modified":"2024-08-20T11:18:03","modified_gmt":"2024-08-20T08:18:03","slug":"tarsusta-doga-ile-ic-ice-karbogazi-cevre-fest-basliyor","status":"publish","type":"post","link":"https:\/\/mersinkadingazetesi.com\/?p=34634","title":{"rendered":"TARSUS\u2019TA DO\u011eA \u0130LE \u0130\u00c7 \u0130\u00c7E KARBO\u011eAZI \u00c7EVRE FEST BA\u015eLIYOR"},"content":{"rendered":"\n<p>Tarsus Belediyesi taraf\u0131ndan \u201cDo\u011fa \u0130le Bulu\u015f, Gelece\u011fi Koru\u201d mottosuyla, 23-24-25 A\u011fustos tarihlerinde d\u00fczenlenecek olan Karbo\u011faz\u0131 \u00c7evre Festivali ba\u015fl\u0131yor. Birbirinden renkli etkinliklerin yer alaca\u011f\u0131 festival 3 g\u00fcn boyunca kat\u0131l\u0131mc\u0131lara unutulmaz bir deneyim sunacak.<\/p>\n\n\n\n<p>Tarsus Belediyesi ve Mersin B\u00fcy\u00fck\u015fehir Belediyesi katk\u0131lar\u0131yla d\u00fczenlenen Karbo\u011faz\u0131 \u00c7evre Festivali\u2019nde do\u011faseverler bir araya gelecek. Kahraman G\u00fclek Mahallesi\u2019ndeki Karbo\u011faz\u0131 Piknik Alan\u0131\u2019nda ger\u00e7ekle\u015ftirilecek olan festival, do\u011fayla bulu\u015fmay\u0131 ve \u00e7evre bilincini art\u0131rmay\u0131 hedefliyor.<\/p>\n\n\n\n<p>KAMP ATE\u015e\u0130 YAKILACAK<\/p>\n\n\n\n<p>\u00dc\u00e7 g\u00fcn s\u00fcrecek olan etkinlikte kat\u0131l\u0131mc\u0131lar, do\u011fa y\u00fcr\u00fcy\u00fc\u015flerinden at\u00f6lye \u00e7al\u0131\u015fmalar\u0131na kadar bir\u00e7ok farkl\u0131 aktiviteye kat\u0131lma imkan\u0131 bulacak. Festivalin ilk g\u00fcn\u00fc kat\u0131l\u0131mc\u0131lar saat 18.00\u2019da kamp \u00e7ad\u0131rlar\u0131n\u0131 kurmaya ba\u015flayacaklar. Ak\u015fam saatlerinde kamp ate\u015finin yak\u0131lmas\u0131 ve ard\u0131ndan sinema g\u00f6sterimi ile g\u00fcn sona erecek.<\/p>\n\n\n\n<p>KONSERLE KATILIMCILAR KEY\u0130FL\u0130 ANLAR YA\u015eAYACAK<\/p>\n\n\n\n<p>Festivalin ikinci g\u00fcn\u00fc sabah sporu ve do\u011fa y\u00fcr\u00fcy\u00fc\u015f\u00fc ile ba\u015flayacak. G\u00fcn boyunca \u00e7e\u015fitli at\u00f6lyeler ve m\u00fczik dinletileri d\u00fczenlenecek. Ak\u015fam saatlerinde ise Tarsus Kent Orkestras\u0131 taraf\u0131ndan verilecek konserle kat\u0131l\u0131mc\u0131lar keyifli anlar ya\u015fayacak. Festivalin son g\u00fcn\u00fc ise sabah sporu ve do\u011fa y\u00fcr\u00fcy\u00fc\u015f\u00fc ile ba\u015flayacak. \u00c7orba da\u011f\u0131t\u0131m\u0131 ve \u00e7e\u015fitli at\u00f6lye \u00e7al\u0131\u015fmalar\u0131yla devam edecek olan etkinlikler, saat 16.00\u2019da sona erecek.<\/p>\n\n\n\n<p>DO\u011eAYLA \u0130\u00c7 \u0130\u00c7E HAFTASONU DENEY\u0130M\u0130M<\/p>\n\n\n\n<p>Festivalde, s\u0131f\u0131r at\u0131k ve geri-ileri d\u00f6n\u00fc\u015f\u00fcm at\u00f6lyelerinden, do\u011fa y\u00fcr\u00fcy\u00fc\u015flerine, motor sporlar\u0131ndan bisiklet gezilerine kadar pek \u00e7ok etkinlik yer alacak. Ayr\u0131ca \u00e7ad\u0131r ve karavan alanlar\u0131, ritim at\u00f6lyeleri, geleneksel spor etkinlikleri, survivor parkuru gibi \u00e7e\u015fitli aktiviteler de festival boyunca kat\u0131l\u0131mc\u0131larla bulu\u015facak. Karbo\u011faz\u0131 \u00c7evre Festivali, do\u011fa ile i\u00e7 i\u00e7e bir hafta sonu ge\u00e7irmek isteyen herkesi davet ediyor.<\/p>\n","protected":false},"excerpt":{"rendered":"<p>Tarsus Belediyesi taraf\u0131ndan \u201cDo\u011fa \u0130le Bulu\u015f, Gelece\u011fi Koru\u201d mottosuyla, 23-24-25 A\u011fustos tarihlerinde d\u00fczenlenecek olan Karbo\u011faz\u0131 \u00c7evre Festivali ba\u015fl\u0131yor. Birbirinden renkli etkinliklerin yer alaca\u011f\u0131 festival 3 g\u00fcn boyunca kat\u0131l\u0131mc\u0131lara unutulmaz bir deneyim sunacak. Tarsus Belediyesi ve Mersin B\u00fcy\u00fck\u015fehir Belediyesi katk\u0131lar\u0131yla d\u00fczenlenen Karbo\u011faz\u0131 \u00c7evre Festivali\u2019nde do\u011faseverler bir araya gelecek. Kahraman G\u00fclek Mahallesi\u2019ndeki Karbo\u011faz\u0131 Piknik Alan\u0131\u2019nda ger\u00e7ekle\u015ftirilecek olan [&hellip;]<\/p>\n","protected":false},"author":2,"featured_media":34635,"comment_status":"closed","ping_status":"closed","sticky":false,"template":"","format":"standard","meta":{"footnotes":""},"categories":[3,5],"tags":[],"class_list":["post-34634","post","type-post","status-publish","format-standard","has-post-thumbnail","hentry","category-manset","category-mersin"],"views":5,"_links":{"self":[{"href":"https:\/\/mersinkadingazetesi.com\/index.php?rest_route=\/wp\/v2\/posts\/34634"}],"collection":[{"href":"https:\/\/mersinkadingazetesi.com\/index.php?rest_route=\/wp\/v2\/posts"}],"about":[{"href":"https:\/\/mersinkadingazetesi.com\/index.php?rest_route=\/wp\/v2\/types\/post"}],"author":[{"embeddable":true,"href":"https:\/\/mersinkadingazetesi.com\/index.php?rest_route=\/wp\/v2\/users\/2"}],"replies":[{"embeddable":true,"href":"https:\/\/mersinkadingazetesi.com\/index.php?rest_route=%2Fwp%2Fv2%2Fcomments&post=34634"}],"version-history":[{"count":1,"href":"https:\/\/mersinkadingazetesi.com\/index.php?rest_route=\/wp\/v2\/posts\/34634\/revisions"}],"predecessor-version":[{"id":34636,"href":"https:\/\/mersinkadingazetesi.com\/index.php?rest_route=\/wp\/v2\/posts\/34634\/revisions\/34636"}],"wp:featuredmedia":[{"embeddable":true,"href":"https:\/\/mersinkadingazetesi.com\/index.php?rest_route=\/wp\/v2\/media\/34635"}],"wp:attachment":[{"href":"https:\/\/mersinkadingazetesi.com\/index.php?rest_route=%2Fwp%2Fv2%2Fmedia&parent=34634"}],"wp:term":[{"taxonomy":"category","embeddable":true,"href":"https:\/\/mersinkadingazetesi.com\/index.php?rest_route=%2Fwp%2Fv2%2Fcategories&post=34634"},{"taxonomy":"post_tag","embeddable":true,"href":"https:\/\/mersinkadingazetesi.com\/index.php?rest_route=%2Fwp%2Fv2%2Ftags&post=34634"}],"curies":[{"name":"wp","href":"https:\/\/api.w.org\/{rel}","templated":true}]}}