{"id":34643,"date":"2024-08-21T10:26:08","date_gmt":"2024-08-21T07:26:08","guid":{"rendered":"https:\/\/mersinkadingazetesi.com\/?p=34643"},"modified":"2024-08-21T10:26:08","modified_gmt":"2024-08-21T07:26:08","slug":"buyuksehir-kente-yeni-gelen-ogrencilere-kucak-aciyor","status":"publish","type":"post","link":"https:\/\/mersinkadingazetesi.com\/?p=34643","title":{"rendered":"B\u00dcY\u00dcK\u015eEH\u0130R, KENTE YEN\u0130 GELEN \u00d6\u011eRENC\u0130LERE KUCAK A\u00c7IYOR"},"content":{"rendered":"\n<p>\u00d6\u011frenci dostu anlay\u0131\u015f\u0131 ile say\u0131s\u0131z hizmeti hayata ge\u00e7iren ve gen\u00e7lere kucak a\u00e7an Mersin B\u00fcy\u00fck\u015fehir Belediyesi, \u00fcniversite kay\u0131tlar\u0131n\u0131n ba\u015flamas\u0131 ile birlikte bu sene de harekete ge\u00e7erek, kente yeni gelen \u00f6\u011frencilerin yabanc\u0131l\u0131k \u00e7ekmemesi i\u00e7in onlar\u0131 ilk a\u011f\u0131rlayan oldu. Merkezde ME\u015eOT ve Mersin \u00dcniversitesi&#8217;nin giri\u015finde \u00f6\u011frenci bilgilendirme stantlar\u0131 a\u00e7an B\u00fcy\u00fck\u015fehir, Tarsus Otogar\u0131&#8217;nda da gelen \u00f6\u011frencileri kar\u015f\u0131lamak i\u00e7in stant a\u00e7t\u0131.<\/p>\n\n\n\n<p>Mersin B\u00fcy\u00fck\u015fehir Belediye Ba\u015fkan\u0131 Vahap Se\u00e7er&#8217;in sevgi ve selamlar\u0131n\u0131 ileterek, \u00f6\u011frencileri a\u00e7t\u0131klar\u0131 stantlarda kar\u015f\u0131layan personel, gelen \u00f6\u011frencilere B\u00fcy\u00fck\u015fehir&#8217;in say\u0131s\u0131z \u00f6\u011frenci dostu hizmetini aktard\u0131 ve tan\u0131t\u0131m bro\u015f\u00fcr\u00fc da\u011f\u0131tt\u0131.&nbsp;<strong>&#8216;Mahalle Mutfaklar\u0131&#8217;<\/strong>,&nbsp;<strong>&#8216;\u00c7ama\u015f\u0131r Kafe&#8217;<\/strong>,&nbsp;<strong>&#8216;5 Liraya Ula\u015f\u0131m&#8217;<\/strong>,&nbsp;<strong>&#8216;Merci Dan\u0131\u015fmanl\u0131k Merkezi&#8217;<\/strong>,&nbsp;<strong>&#8216;Kariyer Merkezi&#8217;<\/strong>,&nbsp;<strong>&#8216;\u00d6\u011frenim Yard\u0131mlar\u0131&#8217;<\/strong>, &#8216;<strong>Yeni Nesil K\u00fct\u00fcphaneler&#8217;<\/strong>&nbsp;ve&nbsp;<strong>&#8216;Okuma Salonlar\u0131&#8217;<\/strong>&nbsp;ile&nbsp;<strong>&#8216;Yar\u0131 Zamanl\u0131 \u0130\u015f \u0130mkanlar\u0131&#8217;&nbsp;<\/strong>hakk\u0131nda \u00f6\u011frencilere bilgi veren personel, yeni e\u011fitim hayatlar\u0131nda da ba\u015far\u0131lar diledi.&nbsp;&nbsp;<\/p>\n\n\n\n<p>Yeni bir \u015fehre ayak bast\u0131klar\u0131 ilk anda b\u00f6yle bir s\u00fcrprizle kar\u015f\u0131la\u015fan ve kar\u015f\u0131lanmaktan dolay\u0131 memnuniyet duyan \u00f6\u011frenciler, B\u00fcy\u00fck\u015fehir Belediye Ba\u015fkan\u0131 Vahap Se\u00e7er&#8217;e kendilerini yaln\u0131z hissettirmedi\u011fi i\u00e7in te\u015fekk\u00fcr ettiler.<\/p>\n\n\n\n<p><strong>Ta\u015fk\u0131n: &#8220;\u015eehre yeni gelen \u00f6\u011frencilere yabanc\u0131l\u0131k hissettirmiyoruz&#8221;<\/strong><\/p>\n\n\n\n<p>Sosyal Hizmetler Daire Ba\u015fkanl\u0131\u011f\u0131&#8217;na ba\u011fl\u0131 Halkkent E\u011fitim ve \u00d6\u011fretimi Destekleme Kurs Merkezi&#8217;nde g\u00f6rev yapan Biyoloji \u00d6\u011fretmeni Yaren Ta\u015fk\u0131n, uygulama hakk\u0131nda bilgi vererek,&nbsp;<strong>&#8220;\u015eehrimize yeni gelen \u00f6\u011frencilerimizi kar\u015f\u0131l\u0131yoruz. B\u00f6ylece onlara hem&nbsp;<em>&#8216;Ho\u015f geldin diyoruz&#8217;<\/em>&nbsp;, hem de \u00fcniversite s\u00fcre\u00e7lerinin ba\u015flad\u0131\u011f\u0131 yerde onlar\u0131 motive etmi\u015f oluyoruz. Ayn\u0131 zamanda konaklayacaklar\u0131 yerlere kadar \u00fccretsiz servis imk\u00e2n\u0131 da sa\u011fl\u0131yoruz. Kentimize gelen \u00f6\u011frencilere, B\u00fcy\u00fck\u015fehir Belediyesi&#8217;nin onlara sunmu\u015f oldu\u011fu hizmetlerden bahsettik. Mersin&#8217;in \u00f6\u011frenci dostu bir \u015fehir oldu\u011funu onlara anlatt\u0131k&#8221;<\/strong>&nbsp;ifadelerini kulland\u0131.<\/p>\n\n\n\n<p>B\u00fcy\u00fck\u015fehir&#8217;in \u00f6\u011frenciler i\u00e7in hayata ge\u00e7irdi\u011fi projeler hakk\u0131nda da bilgi aktard\u0131klar\u0131n\u0131 kaydeden Ta\u015fk\u0131n,<strong>&nbsp;&#8220;Kariyer Merkezi&#8217;nin \u00f6\u011frencilere sundu\u011fu yar\u0131 zamanl\u0131 i\u015f imkanlar\u0131 var. Onun d\u0131\u015f\u0131nda \u00f6\u011frencilerin rahat\u00e7a ve huzurla \u00e7al\u0131\u015fabilmeleri i\u00e7in Okuma Salonlar\u0131 ve ders alanlar\u0131n\u0131n mevcut oldu\u011funu s\u00f6yledik. \u00d6\u011frencilerin psikolojik, rehberlik ve dan\u0131\u015fmanl\u0131k alan\u0131nda yararlanabilecekleri MERC\u0130 Dan\u0131\u015fma Merkezleri&#8217;nin oldu\u011fundan bahsettik. Ayn\u0131 zamanda \u00f6\u011frencilerimizin sosyalle\u015febilmesi i\u00e7in tiyatro ve konser gibi etkinliklerle de onlara destek olaca\u011f\u0131m\u0131z\u0131 anlatt\u0131k. B\u00fcy\u00fck\u015fehir Belediyesi olarak \u00f6\u011frencilerimize destek olmaya devam edece\u011fiz&#8221;<\/strong>&nbsp;dedi.<\/p>\n\n\n\n<p><strong>Y\u0131ld\u0131r\u0131m: &#8220;B\u00fcy\u00fck\u015fehir Belediyesi olarak \u00f6\u011frencilerimizin daima yan\u0131nday\u0131z&#8221;<\/strong><\/p>\n\n\n\n<p>Merkez E\u011fitim ve \u00d6\u011fretimi Destekleme Kurs Merkezi&#8217;nde g\u00f6rev yapan Matematik \u00d6\u011fretmeni Haydar Y\u0131ld\u0131r\u0131m, B\u00fcy\u00fck\u015fehir Belediyesi&#8217;nin \u00f6\u011frencilerin bar\u0131nma ihtiyac\u0131n\u0131 gidermek i\u00e7in G\u00fclnar K\u0131z \u00d6\u011frenci Yurdu ve Konukevi ile birlikte merkezde Akdeniz Erkek \u00d6\u011frenci Yurdu hizmetinin bulundu\u011funu ifade etti. Mersin \u00dcniversitesi&#8217;nin ana giri\u015f kap\u0131s\u0131na yak\u0131n B\u00fcy\u00fck\u015fehir&#8217;in \u00c7ama\u015f\u0131r Kafe hizmeti bulundu\u011funu aktaran Y\u0131ld\u0131r\u0131m,&nbsp;<strong>&#8220;Ayn\u0131 zamanda k\u0131\u015f aylar\u0131nda \u00f6\u011frencilere \u00fccretsiz s\u0131cak \u00e7orba hizmetimiz var. \u00d6\u011frencilerimiz Mahalle Mutfaklar\u0131&#8217;ndan 3 \u00e7e\u015fit yeme\u011fi 15 liraya al\u0131rken, 5 lira kar\u015f\u0131l\u0131\u011f\u0131nda da belediye otob\u00fcslerinden faydalanabilirler. Son olarak da \u00fcniversiteyi kazanan ve ailesi Mersin&#8217;de ikamet eden \u00f6\u011frencilerimize, 1 y\u0131l boyunca kar\u015f\u0131l\u0131ks\u0131z \u00f6\u011frenim yard\u0131m\u0131 deste\u011fi sunuyoruz&#8221;<\/strong>&nbsp;diye konu\u015ftu. Ba\u015fkan Vahap Se\u00e7er y\u00f6netiminde Mersin&#8217;in bir \u00f6\u011frenci kenti haline geldi\u011fini s\u00f6zlerine ekleyen Y\u0131ld\u0131r\u0131m,&nbsp;<strong>&#8220;\u015eehrimize gelen t\u00fcm \u00f6\u011frencilerimize&nbsp;<em>&#8216;Ho\u015f geldin&#8217;<\/em>&nbsp;diyor ve B\u00fcy\u00fck\u015fehir Belediyesi olarak daima yanlar\u0131nda oldu\u011fumuzu belirtmek istiyoruz&#8221;<\/strong>&nbsp;dedi.<\/p>\n\n\n\n<p><strong>B\u00fcy\u00fck\u015fehir&#8217;in uygulamas\u0131 gen\u00e7lerden takdir toplad\u0131<\/strong><\/p>\n\n\n\n<p>\u00d6\u011frencilerden Tolga Y\u0131ld\u0131r\u0131m, uygulamay\u0131 \u00e7ok be\u011fendi\u011fini dile getirerek,&nbsp;<strong>&#8220;Ger\u00e7ekten samimi ve sevecen bir uygulama. Arkada\u015flar\u0131m da daha \u00f6nce anlatm\u0131\u015ft\u0131. Burada \u00f6\u011frenci ula\u015f\u0131m fiyatlar\u0131 \u00e7ok uygun ve 3 \u00e7e\u015fit yeme\u011fin 15 lira olmas\u0131 gayet iyi. Burada \u00f6\u011frenciler i\u00e7in bir\u00e7ok imkan var ve Mersin&#8217;in \u00f6\u011frenci \u015fehri oldu\u011funu ger\u00e7ekten anlam\u0131\u015f oldum&#8221;&nbsp;<\/strong>dedi.<\/p>\n\n\n\n<p>Bir ba\u015fka gen\u00e7 Abdullah Kalem ise, uygulaman\u0131n olduk\u00e7a bilgilendirici oldu\u011funu belirterek,&nbsp;<strong>&#8220;\u00d6zellikle &#8216;Yeni Nesil K\u00fct\u00fcphane&#8217; olay\u0131n\u0131 \u00e7ok sevdim. Bir \u00f6\u011frenci i\u00e7in 15 liraya yemek olay\u0131 da m\u00fckemmel. \u00d6\u011frenciler i\u00e7in en \u00f6nemli olay zaten para. Abonman olay\u0131 da \u00e7ok g\u00fczel. \u00dcniversiteye farkl\u0131 \u015fehirlerden gelmi\u015f ve aile deste\u011fi fazla olmayan \u00f6\u011frencilere y\u00f6nelik ger\u00e7ekten g\u00fczel projeler. Ben \u00e7ok be\u011fendim&#8221;&nbsp;<\/strong>diyerek memnuniyetini ifade etti.<\/p>\n","protected":false},"excerpt":{"rendered":"<p>\u00d6\u011frenci dostu anlay\u0131\u015f\u0131 ile say\u0131s\u0131z hizmeti hayata ge\u00e7iren ve gen\u00e7lere kucak a\u00e7an Mersin B\u00fcy\u00fck\u015fehir Belediyesi, \u00fcniversite kay\u0131tlar\u0131n\u0131n ba\u015flamas\u0131 ile birlikte bu sene de harekete ge\u00e7erek, kente yeni gelen \u00f6\u011frencilerin yabanc\u0131l\u0131k \u00e7ekmemesi i\u00e7in onlar\u0131 ilk a\u011f\u0131rlayan oldu. Merkezde ME\u015eOT ve Mersin \u00dcniversitesi&#8217;nin giri\u015finde \u00f6\u011frenci bilgilendirme stantlar\u0131 a\u00e7an B\u00fcy\u00fck\u015fehir, Tarsus Otogar\u0131&#8217;nda da gelen \u00f6\u011frencileri kar\u015f\u0131lamak i\u00e7in stant [&hellip;]<\/p>\n","protected":false},"author":2,"featured_media":34644,"comment_status":"closed","ping_status":"closed","sticky":false,"template":"","format":"standard","meta":{"footnotes":""},"categories":[3],"tags":[],"class_list":["post-34643","post","type-post","status-publish","format-standard","has-post-thumbnail","hentry","category-manset"],"views":4,"_links":{"self":[{"href":"https:\/\/mersinkadingazetesi.com\/index.php?rest_route=\/wp\/v2\/posts\/34643"}],"collection":[{"href":"https:\/\/mersinkadingazetesi.com\/index.php?rest_route=\/wp\/v2\/posts"}],"about":[{"href":"https:\/\/mersinkadingazetesi.com\/index.php?rest_route=\/wp\/v2\/types\/post"}],"author":[{"embeddable":true,"href":"https:\/\/mersinkadingazetesi.com\/index.php?rest_route=\/wp\/v2\/users\/2"}],"replies":[{"embeddable":true,"href":"https:\/\/mersinkadingazetesi.com\/index.php?rest_route=%2Fwp%2Fv2%2Fcomments&post=34643"}],"version-history":[{"count":1,"href":"https:\/\/mersinkadingazetesi.com\/index.php?rest_route=\/wp\/v2\/posts\/34643\/revisions"}],"predecessor-version":[{"id":34645,"href":"https:\/\/mersinkadingazetesi.com\/index.php?rest_route=\/wp\/v2\/posts\/34643\/revisions\/34645"}],"wp:featuredmedia":[{"embeddable":true,"href":"https:\/\/mersinkadingazetesi.com\/index.php?rest_route=\/wp\/v2\/media\/34644"}],"wp:attachment":[{"href":"https:\/\/mersinkadingazetesi.com\/index.php?rest_route=%2Fwp%2Fv2%2Fmedia&parent=34643"}],"wp:term":[{"taxonomy":"category","embeddable":true,"href":"https:\/\/mersinkadingazetesi.com\/index.php?rest_route=%2Fwp%2Fv2%2Fcategories&post=34643"},{"taxonomy":"post_tag","embeddable":true,"href":"https:\/\/mersinkadingazetesi.com\/index.php?rest_route=%2Fwp%2Fv2%2Ftags&post=34643"}],"curies":[{"name":"wp","href":"https:\/\/api.w.org\/{rel}","templated":true}]}}