{"id":34646,"date":"2024-08-21T10:26:47","date_gmt":"2024-08-21T07:26:47","guid":{"rendered":"https:\/\/mersinkadingazetesi.com\/?p=34646"},"modified":"2024-08-21T10:26:48","modified_gmt":"2024-08-21T07:26:48","slug":"msknin-super-lig-takvimi-belli-oldu","status":"publish","type":"post","link":"https:\/\/mersinkadingazetesi.com\/?p=34646","title":{"rendered":"MSK&#8217;N\u0130N S\u00dcPER L\u0130G TAKV\u0130M\u0130 BELL\u0130 OLDU"},"content":{"rendered":"\n<p>Mersin Spor Kul\u00fcb\u00fc&#8217;n\u00fcn (MSK) T\u00fcrkiye Sigorta Basketbol S\u00fcper Ligi&#8217;nde m\u00fccadele takvimi belli oldu. 4 Ekim&#8217;de ba\u015flayacak olan S\u00fcper Lig&#8217;de Denizli temsilcisi Yukatel Merkezefendi Belediyesi Basket ile ilk m\u00fccadelesini verecek olan tak\u0131m\u0131n fikst\u00fcr\u00fcn\u00fc MSK Basketbol \u015eube Sorumlusu Do\u011fukan Uyan \u00e7ekti.<\/p>\n\n\n\n<p>Basketbol Geli\u015fim Merkezi&#8217;nde ger\u00e7ekle\u015ftirilen fikst\u00fcr \u00e7ekimine, T\u00fcrkiye Basketbol Federasyonu (TBF) Ba\u015fkan\u0131 Hidayet T\u00fcrko\u011flu ve y\u00f6netim kurulu \u00fcyeleri ile kul\u00fcp temsilcileri kat\u0131l\u0131rken, kentin tak\u0131m\u0131 MSK ad\u0131na ise kul\u00fcp Basketbol \u015eube Sorumlusu Do\u011fukan Uyan kat\u0131ld\u0131.<\/p>\n\n\n\n<p><strong>Uyan: &#8220;2019&#8217;da kurduk, S\u00fcper Lig&#8217;e kadar getirdik tak\u0131m\u0131&#8221;<\/strong><\/p>\n\n\n\n<p>Kura \u00e7ekiminin ard\u0131ndan BeIN Sports kameralar\u0131na konu\u015fan Uyan, heyecanl\u0131 olduklar\u0131n\u0131 vurgulayarak,&nbsp;<strong>&#8220;Umar\u0131m bu lige \u00e7\u0131k\u0131p da inenlerden de\u011fil, ligde kal\u0131c\u0131 olanlardan oluruz. Daha b\u00fcy\u00fck ba\u015far\u0131lara imza atmak i\u00e7in b\u00fct\u00fcn ama\u00e7lar\u0131m\u0131z\u0131 her \u015feyimizi ona g\u00f6re hedefliyoruz&#8221;<\/strong>&nbsp;dedi. Mersin&#8217;de basketbolun \u00e7ok sevildi\u011fini kaydeden Uyan,&nbsp;<strong>&#8220;Mersin B\u00fcy\u00fck\u015fehir Belediye Spor \u00f6nceki y\u0131llarda S\u00fcper Lig&#8217;deydi, o tak\u0131m d\u00fc\u015ft\u00fc ve kapand\u0131. Biz yeniden s\u0131f\u0131r bir tak\u0131m kurduk 2019&#8217;da. Onu S\u00fcper Lig&#8217;e kadar getirdik. Kentte yerle\u015fik bir spor ve basketbol k\u00fclt\u00fcr\u00fc var. Biz de bu k\u00fclt\u00fcr\u00fcn peki\u015fmesi i\u00e7in gerekeni yap\u0131yoruz&#8221;<\/strong>&nbsp;ifadelerine yer verdi.<\/p>\n\n\n\n<p>Kul\u00fcb\u00fcn ad\u0131n\u0131n de\u011fi\u015fti\u011fine de de\u011finen Uyan,&nbsp;<strong>&#8220;Bildi\u011finiz \u00fczere biz B\u00fcy\u00fck\u015fehir Belediye Spor&#8217;duk. Uzun zaman \u00f6ncesinden biz kul\u00fcb\u00fcm\u00fcz\u00fcn ad\u0131n\u0131 MSK olarak tan\u0131tt\u0131k b\u00fct\u00fcn liglere. Bu y\u0131lda fikst\u00fcre Mersin Spor Kul\u00fcb\u00fc olarak \u00e7\u0131kt\u0131k. Say\u0131n B\u00fcy\u00fck\u015fehir Belediye Ba\u015fkan\u0131m\u0131z\u0131n Vahap Se\u00e7er bize dedi ki,&nbsp;<em>&#8216;Kurumlar\u0131n g\u00f6lgesinden \u00e7\u0131kar\u0131p, bu tak\u0131m\u0131 tamamen \u015fehrin tak\u0131m\u0131 yapal\u0131m. Bu kul\u00fcp de uzun y\u0131llar hi\u00e7bir kurum ad\u0131 olmadan b\u00fct\u00fcn vatanda\u015flar\u0131yla, hem\u015ferileriyle birlikte m\u00fccadele etsin&#8217;<\/em>&nbsp;dedi. Ondan dolay\u0131 da kul\u00fcb\u00fcm\u00fcz\u00fcn ad\u0131n\u0131n bir anlamda da lansman\u0131 oldu&#8221;<\/strong>&nbsp;s\u00f6zlerine yer verdi.<\/p>\n\n\n\n<p><strong>16 tak\u0131m\u0131n yar\u0131\u015faca\u011f\u0131 sezon 4 Ekim&#8217;de ba\u015flayacak<\/strong><\/p>\n\n\n\n<p>16 tak\u0131m\u0131n m\u00fccadele edece\u011fi Basketbol S\u00fcper Ligi&#8217;nde yeni sezon, 4 Ekim&#8217;de ba\u015flayacak. 19 May\u0131s&#8217;ta tamamlanacak normal sezonda ilk 6&#8217;da yer alan tak\u0131mlar do\u011frudan play-off oynama hakk\u0131 elde edecek.<\/p>\n\n\n\n<p>Ligde bu sezon play-in format\u0131 uygulanacak. Play-Off a\u015famas\u0131nda m\u00fccadele edecek son 2 ekip, normal sezonu 7, 8, 9 ve 10&#8217;uncu s\u0131rada bitirenler aras\u0131ndaki play-in a\u015famas\u0131yla belirlenecek. Normal sezonun 7 ile 8&#8217;incisi aras\u0131ndaki ma\u00e7\u0131n galibi, Play-Off&#8217;lara y\u00fckselecek 7. tak\u0131m olacak. Ma\u011flup olan ekip ise 9 ile 10&#8217;uncu aras\u0131ndaki m\u00fccadelenin kazanan\u0131yla kar\u015f\u0131la\u015facak. Bu m\u00fcsabakan\u0131n galibi ise 8. s\u0131radan Play-Off bileti alacak. Normal sezonu son 2 s\u0131rada tamamlayan ekipler ise k\u00fcme d\u00fc\u015fecek.<\/p>\n\n\n\n<p>Ligde sezonun ilk haftas\u0131n\u0131n e\u015fle\u015fmeleri \u015fu \u015fekilde olu\u015ftu:<\/p>\n\n\n\n<p>Yukatel Merkezefendi Belediyesi Basket &#8211; Mersin Spor<\/p>\n\n\n\n<p>Bah\u00e7e\u015fehir Koleji \u2013 Kar\u015f\u0131yaka<\/p>\n\n\n\n<p>TOFA\u015e \u2013 Be\u015fikta\u015f Fibabanka<\/p>\n\n\n\n<p>T\u00fcrk Telekom &#8211; Galatasaray<\/p>\n\n\n\n<p>Fenerbah\u00e7e Beko \u2013 ONVO B\u00fcy\u00fck\u00e7ekmece Basketbol<\/p>\n\n\n\n<p>Anadolu Efes &#8211; Yalovaspor<\/p>\n\n\n\n<p>Manisa Basket \u2013 Bursaspor Basketbol<\/p>\n\n\n\n<p>Alia\u011fa Petkimspor \u2013 Dar\u00fc\u015f\u015fafaka Lassa<br><\/p>\n","protected":false},"excerpt":{"rendered":"<p>Mersin Spor Kul\u00fcb\u00fc&#8217;n\u00fcn (MSK) T\u00fcrkiye Sigorta Basketbol S\u00fcper Ligi&#8217;nde m\u00fccadele takvimi belli oldu. 4 Ekim&#8217;de ba\u015flayacak olan S\u00fcper Lig&#8217;de Denizli temsilcisi Yukatel Merkezefendi Belediyesi Basket ile ilk m\u00fccadelesini verecek olan tak\u0131m\u0131n fikst\u00fcr\u00fcn\u00fc MSK Basketbol \u015eube Sorumlusu Do\u011fukan Uyan \u00e7ekti. Basketbol Geli\u015fim Merkezi&#8217;nde ger\u00e7ekle\u015ftirilen fikst\u00fcr \u00e7ekimine, T\u00fcrkiye Basketbol Federasyonu (TBF) Ba\u015fkan\u0131 Hidayet T\u00fcrko\u011flu ve y\u00f6netim kurulu [&hellip;]<\/p>\n","protected":false},"author":2,"featured_media":34647,"comment_status":"closed","ping_status":"closed","sticky":false,"template":"","format":"standard","meta":{"footnotes":""},"categories":[3,10],"tags":[],"class_list":["post-34646","post","type-post","status-publish","format-standard","has-post-thumbnail","hentry","category-manset","category-spor"],"views":10,"_links":{"self":[{"href":"https:\/\/mersinkadingazetesi.com\/index.php?rest_route=\/wp\/v2\/posts\/34646"}],"collection":[{"href":"https:\/\/mersinkadingazetesi.com\/index.php?rest_route=\/wp\/v2\/posts"}],"about":[{"href":"https:\/\/mersinkadingazetesi.com\/index.php?rest_route=\/wp\/v2\/types\/post"}],"author":[{"embeddable":true,"href":"https:\/\/mersinkadingazetesi.com\/index.php?rest_route=\/wp\/v2\/users\/2"}],"replies":[{"embeddable":true,"href":"https:\/\/mersinkadingazetesi.com\/index.php?rest_route=%2Fwp%2Fv2%2Fcomments&post=34646"}],"version-history":[{"count":1,"href":"https:\/\/mersinkadingazetesi.com\/index.php?rest_route=\/wp\/v2\/posts\/34646\/revisions"}],"predecessor-version":[{"id":34648,"href":"https:\/\/mersinkadingazetesi.com\/index.php?rest_route=\/wp\/v2\/posts\/34646\/revisions\/34648"}],"wp:featuredmedia":[{"embeddable":true,"href":"https:\/\/mersinkadingazetesi.com\/index.php?rest_route=\/wp\/v2\/media\/34647"}],"wp:attachment":[{"href":"https:\/\/mersinkadingazetesi.com\/index.php?rest_route=%2Fwp%2Fv2%2Fmedia&parent=34646"}],"wp:term":[{"taxonomy":"category","embeddable":true,"href":"https:\/\/mersinkadingazetesi.com\/index.php?rest_route=%2Fwp%2Fv2%2Fcategories&post=34646"},{"taxonomy":"post_tag","embeddable":true,"href":"https:\/\/mersinkadingazetesi.com\/index.php?rest_route=%2Fwp%2Fv2%2Ftags&post=34646"}],"curies":[{"name":"wp","href":"https:\/\/api.w.org\/{rel}","templated":true}]}}