{"id":34653,"date":"2024-08-21T12:04:20","date_gmt":"2024-08-21T09:04:20","guid":{"rendered":"https:\/\/mersinkadingazetesi.com\/?p=34653"},"modified":"2024-08-21T12:04:21","modified_gmt":"2024-08-21T09:04:21","slug":"lise-ve-universite-sinavlarinda-dereceye-giren-ogrenciler-odullendirildi","status":"publish","type":"post","link":"https:\/\/mersinkadingazetesi.com\/?p=34653","title":{"rendered":"Lise ve \u00fcniversite s\u0131navlar\u0131nda dereceye giren \u00f6\u011frenciler \u00f6d\u00fcllendirildi"},"content":{"rendered":"\n<p>Mersin \u0130l Milli E\u011fitim M\u00fcd\u00fcrl\u00fc\u011f\u00fc ile Mersin Ticaret ve Sanayi Odas\u0131 (MTSO) 28 No\u2019lu E\u011fitim Hizmetleri Meslek Komitesi taraf\u0131ndan 2024 y\u0131l\u0131 Y\u00fcksek\u00f6\u011fretim Kurumlar\u0131 S\u0131nav\u0131 (YKS) ve Liselere Giri\u015f Sisteminde (LGS) dereceye giren \u00f6\u011frenciler i\u00e7in \u2018Mersin Ba\u015far\u0131 \u00d6d\u00fclleri\u2019 t\u00f6reni d\u00fczenlendi. T\u00f6rene MTSO Y\u00f6netim Kurulu Ba\u015fkan\u0131 Hakan Sefa \u00c7ak\u0131r, Meclis Ba\u015fkan\u0131 Hamit \u0130zol, Y\u00f6netim Kurulu \u00dcyesi G\u00f6kben G\u00f6kbulut, 28 No\u2019lu Komite Meclis \u00dcyeleri Tamer G\u00fcner ve Ferhat \u00c7ak\u0131l ile dereceye giren \u00f6\u011frenciler, aileleri ve \u00f6\u011fretmenleri kat\u0131ld\u0131.&nbsp;<br>T\u00f6rende konu\u015fan 28 No\u2019lu Komite Meclis \u00dcyesi Tamer G\u00fcner, \u201cAmac\u0131m\u0131z ba\u015far\u0131l\u0131 \u00f6\u011frencilerimizi \u00f6d\u00fcllendirmenin yan\u0131nda bu ba\u015far\u0131l\u0131 \u00e7ocuklar\u0131m\u0131z\u0131n Mersin\u2019i her zaman hat\u0131rlamas\u0131n\u0131 sa\u011flamak. \u00dclkemizin gelece\u011fine imza atacak bu ba\u015far\u0131l\u0131 gen\u00e7lerimizin Mersin\u2019i unutmayarak \u015fehirleri ad\u0131na da hizmetlerde bulunmas\u0131na katk\u0131 sunmak\u201d dedi.<\/p>\n\n\n\n<p><strong>\u00c7ak\u0131r: \u201cK\u0131v\u0131lc\u0131m olarak gidip alev topu gibi d\u00f6nmenizi bekliyoruz\u201d<\/strong><br>Konu\u015fmas\u0131na \u00f6\u011frencileri, velileri ve \u00f6\u011fretmenlerini tebrik ederek ba\u015flayan MTSO Y\u00f6netim Kurulu Ba\u015fkan\u0131 Hakan Sefa \u00c7ak\u0131r ise \u015funlar\u0131 s\u00f6yledi:&nbsp;<br>\u201cSizler bug\u00fcn belki \u015fehir d\u0131\u015f\u0131na ama yar\u0131n e\u011fitim almak i\u00e7in yurtd\u0131\u015f\u0131na gideceksiniz. Orada kendinizi geli\u015ftirip hizmet i\u00e7in, gelece\u011fine, geli\u015fimine katk\u0131 sunmak i\u00e7in \u00fclkenize, kentinize d\u00f6nmelisiniz. Bug\u00fcn bir k\u0131v\u0131lc\u0131m olarak gitti\u011finiz yerlerden alev topu gibi d\u00f6nmenizi bekliyoruz.\u201d<br>Mersin\u2019in h\u0131zla geli\u015fti\u011fini, T\u00fcrkiye\u2019nin incisi, \u00f6nc\u00fcs\u00fc olaca\u011f\u0131n\u0131 vurgulayan \u00c7ak\u0131r, \u201cSizler kendinizi geli\u015ftirirken bizler de MTSO olarak yaz\u0131l\u0131m sistemleri, robot sistemleri gibi gelece\u011fe y\u00f6nelik meslek \u00fczerinde \u00e7al\u0131\u015fmalar y\u00fcr\u00fct\u00fcp kentimizi sizlere haz\u0131rl\u0131yoruz. Gitti\u011finiz \u015fehirlerde, \u00fclkelerde \u015fehrinizi unutmay\u0131n\u201d dedi.&nbsp;<br>E\u011fitim ve ticaretin i\u00e7 i\u00e7e oldu\u011funu kaydeden \u00c7ak\u0131r, do\u011fru e\u011fitimin ticareti de do\u011fru y\u00f6nde etkileyece\u011fini aktard\u0131. D\u00fcnyan\u0131n h\u0131zla de\u011fi\u015fti\u011fini ve e\u011fitim sisteminin de bu de\u011fi\u015fen d\u00fcnyan\u0131n gereklerine g\u00f6re olu\u015fturulmas\u0131 gerekti\u011fini dile getiren \u00c7ak\u0131r, \u201cBug\u00fcn herkes ayn\u0131 \u015feyi \u00f6\u011frenip ayn\u0131 yolda y\u00fcr\u00fcmek zorunda. Art\u0131k ki\u015fiye \u00f6zel, yeteneklere \u00f6zel e\u011fitim politikalar\u0131 geli\u015ftirmeliyiz.&nbsp;<br>Konu\u015fmalar sonras\u0131nda dereceye giren \u00f6\u011frencilere plaketleri ve hediyeleri verildi. \u00d6\u011frenciler ve velileri duygular\u0131n\u0131 aktard\u0131. 20204 Y\u0131l\u0131nda LGS ve YKS\u2019de dereceye giren \u00f6\u011frencilerin isimleri \u015f\u00f6yle:&nbsp;<\/p>\n\n\n\n<p><strong>YKS\u2019DE \u0130LK 100\u2019E G\u0130REN \u00d6\u011eRENC\u0130LER<\/strong><br>S\u00fcleyman Mete Gen\u00e7 (\u00d6zel Mersin Elit Koleji Fen Lisesi)<br>\u015eeyma Yonca (\u00d6zel Alt\u0131nkupa Anadolu Lisesi)<br>Esra K\u00f6r\u00fcn (Sesim Sarpkaya Fen Lisesi)<br>\u0130smail G\u00fcven Gilik (Ey\u00fcp Aygar Fen Lisesi)&nbsp;<br>Ar\u0131n Taylan Kara (ODT\u00dc Geli\u015ftirme Vakf\u0131 \u00d6zel Mersin Anadolu Lisesi)<br>Ali Y\u0131lmaz (\u00d6zel Tarsus Amerikan Koleji)<\/p>\n\n\n\n<p><strong>LGS\u2019DE TAM PUAN ALAN \u00d6\u011eRENC\u0130LER<\/strong><br>\u0130lkim Duru Akkoyun (Anamur \u00d6zel S\u0131nav Ortaokulu)<br>Mehmet \u0130lvan (Erdemli \u015eehit \u00d6\u011fretmen Hac\u0131 \u00d6mer Serin Ortaokulu)<br>Zeynep Defne G\u00f6k (Mezitli \u00d6zel Bah\u00e7e\u015fehir Koleji Ortaokulu)<br>Ali Efe Deniz (\u00d6zel Tarsus Gelecek Ortaokulu)<br>Ecem Ad\u0131yak\u0131\u015f (Mehmet Adnan \u00d6z\u00e7elik Ortaokulu)<br>Yavuz Selim Uysal (Yeni\u015fehir Anadolu \u0130mam Hatip Lisesi Ortaokulu)<\/p>\n","protected":false},"excerpt":{"rendered":"<p>Mersin \u0130l Milli E\u011fitim M\u00fcd\u00fcrl\u00fc\u011f\u00fc ile Mersin Ticaret ve Sanayi Odas\u0131 (MTSO) 28 No\u2019lu E\u011fitim Hizmetleri Meslek Komitesi taraf\u0131ndan 2024 y\u0131l\u0131 Y\u00fcksek\u00f6\u011fretim Kurumlar\u0131 S\u0131nav\u0131 (YKS) ve Liselere Giri\u015f Sisteminde (LGS) dereceye giren \u00f6\u011frenciler i\u00e7in \u2018Mersin Ba\u015far\u0131 \u00d6d\u00fclleri\u2019 t\u00f6reni d\u00fczenlendi. T\u00f6rene MTSO Y\u00f6netim Kurulu Ba\u015fkan\u0131 Hakan Sefa \u00c7ak\u0131r, Meclis Ba\u015fkan\u0131 Hamit \u0130zol, Y\u00f6netim Kurulu \u00dcyesi G\u00f6kben [&hellip;]<\/p>\n","protected":false},"author":2,"featured_media":34654,"comment_status":"closed","ping_status":"closed","sticky":false,"template":"","format":"standard","meta":{"footnotes":""},"categories":[3],"tags":[],"class_list":["post-34653","post","type-post","status-publish","format-standard","has-post-thumbnail","hentry","category-manset"],"views":4,"_links":{"self":[{"href":"https:\/\/mersinkadingazetesi.com\/index.php?rest_route=\/wp\/v2\/posts\/34653"}],"collection":[{"href":"https:\/\/mersinkadingazetesi.com\/index.php?rest_route=\/wp\/v2\/posts"}],"about":[{"href":"https:\/\/mersinkadingazetesi.com\/index.php?rest_route=\/wp\/v2\/types\/post"}],"author":[{"embeddable":true,"href":"https:\/\/mersinkadingazetesi.com\/index.php?rest_route=\/wp\/v2\/users\/2"}],"replies":[{"embeddable":true,"href":"https:\/\/mersinkadingazetesi.com\/index.php?rest_route=%2Fwp%2Fv2%2Fcomments&post=34653"}],"version-history":[{"count":1,"href":"https:\/\/mersinkadingazetesi.com\/index.php?rest_route=\/wp\/v2\/posts\/34653\/revisions"}],"predecessor-version":[{"id":34655,"href":"https:\/\/mersinkadingazetesi.com\/index.php?rest_route=\/wp\/v2\/posts\/34653\/revisions\/34655"}],"wp:featuredmedia":[{"embeddable":true,"href":"https:\/\/mersinkadingazetesi.com\/index.php?rest_route=\/wp\/v2\/media\/34654"}],"wp:attachment":[{"href":"https:\/\/mersinkadingazetesi.com\/index.php?rest_route=%2Fwp%2Fv2%2Fmedia&parent=34653"}],"wp:term":[{"taxonomy":"category","embeddable":true,"href":"https:\/\/mersinkadingazetesi.com\/index.php?rest_route=%2Fwp%2Fv2%2Fcategories&post=34653"},{"taxonomy":"post_tag","embeddable":true,"href":"https:\/\/mersinkadingazetesi.com\/index.php?rest_route=%2Fwp%2Fv2%2Ftags&post=34653"}],"curies":[{"name":"wp","href":"https:\/\/api.w.org\/{rel}","templated":true}]}}