{"id":34656,"date":"2024-08-21T12:15:30","date_gmt":"2024-08-21T09:15:30","guid":{"rendered":"https:\/\/mersinkadingazetesi.com\/?p=34656"},"modified":"2024-08-21T12:15:31","modified_gmt":"2024-08-21T09:15:31","slug":"yenisehir-belediyesi-buyuk-kent-kutuphanesi-ve-oyuncak-muzesinin-temelini-atti","status":"publish","type":"post","link":"https:\/\/mersinkadingazetesi.com\/?p=34656","title":{"rendered":"Yeni\u015fehir Belediyesi b\u00fcy\u00fck kent k\u00fct\u00fcphanesi ve oyuncak m\u00fczesinin temelini att\u0131"},"content":{"rendered":"\n<p>Mersin Yeni\u015fehir Belediyesi ve K\u00fcrk E\u011fitim Vakf\u0131 i\u015f birli\u011fiyle yap\u0131lacak kent k\u00fct\u00fcphanesi, oyuncak m\u00fczesi ve \u00e7ocuk k\u00fct\u00fcphanesinden olu\u015facak projenin temeli at\u0131ld\u0131. Mersin\u2019in en i\u015flek caddelerinden biri olan Gazi Mustafa Kemal Bulvar\u0131 \u00fczerinde yer alan projenin 6 ay i\u00e7erisinde tamamlanmas\u0131 hedefleniyor. Temel atma t\u00f6reninde konu\u015fan Yeni\u015fehir Belediye Ba\u015fkan\u0131 Abdullah \u00d6zyi\u011fit, <strong>\u201cSe\u00e7imlerden \u00f6nce bu projelerimizin s\u00f6z\u00fcn\u00fc vermi\u015ftik.&nbsp; G\u00f6reve gelir gelmez \u00e7ok k\u0131sa bir s\u00fcrede \u00fc\u00e7 b\u00fcy\u00fck projemizin de temelini att\u0131k.&nbsp; Halk\u0131m\u0131za verdi\u011fimiz s\u00f6z\u00fc tutman\u0131n gururunu ya\u015f\u0131yoruz.\u201d <\/strong>dedi.<\/p>\n\n\n\n<p>Mersin Yeni\u015fehir Belediyesi ge\u00e7ti\u011fimiz hafta temellerini att\u0131\u011f\u0131 Emine- Halil Aydemir K\u00fclt\u00fcr Kompleksi ve B\u00fclent Celal Oktay \u0130lkokulu\u2019nun ard\u0131ndan b\u00fcy\u00fck kent k\u00fct\u00fcphanesi, oyuncak m\u00fczesi ve \u00e7ocuk k\u00fct\u00fcphanesinden olu\u015facak projenin de temelini att\u0131. E\u011fri\u00e7am Mahallesi\u2019nde yap\u0131lacak projenin temel atma t\u00f6renine Yeni\u015fehir Belediye Ba\u015fkan\u0131 Abdullah \u00d6zyi\u011fit ve in\u015faat\u0131 \u00fcstlenen K\u00fcrk E\u011fitim Vakf\u0131 Ba\u015fkan\u0131 Mehmet K\u00fcrk\u2019\u00fcn yan\u0131 s\u0131ra Cumhuriyet Halk Partisi(CHP) Mersin Milletvekili Talat Din\u00e7er, Mersin B\u00fcy\u00fck\u015fehir Belediye Ba\u015fkanvekili Hamit Mert Avc\u0131, Mersin Ticaret ve Sanayi Odas\u0131 Meclis Ba\u015fkan\u0131 Hamit \u0130zol, KKTC Mersin Muavin Konsolosu Enver Ta\u015fhan, CHP Mersin \u0130l Ba\u015fkanvekili Mehtap Ersoyak, CHP Kad\u0131n Kollar\u0131 Genel Ba\u015fkan Yard\u0131mc\u0131s\u0131 Hatice Us, CHP Yeni\u015fehir Kad\u0131n Kollar\u0131 Ba\u015fkan\u0131 \u0130lknur Akkul, sivil toplum kurulu\u015flar\u0131n\u0131n ba\u015fkan ve temsilcileri, mahalle muhtarlar\u0131, belediye meclis \u00fcyeleri ve vatanda\u015flar kat\u0131ld\u0131.<\/p>\n\n\n\n<p><strong>Ba\u015fkan \u00d6zyi\u011fit \u201cK\u00fct\u00fcphanemizdeki kafeteryam\u0131zda 25 y\u0131l boyunca \u00e7ay, su ve \u00e7orba vatanda\u015flar\u0131m\u0131z i\u00e7in \u00fccretsiz olacak.\u201d<\/strong><\/p>\n\n\n\n<p>T\u00f6rende konu\u015fan Yeni\u015fehir Belediye Ba\u015fkan\u0131 Abdullah \u00d6zyi\u011fit, Yeni\u015fehir Belediyesi Leyla K\u00fcrk K\u00fct\u00fcphanesi ve Sosyal Tesisleri\u2019nde 25 y\u0131l boyunca vatanda\u015flara \u00e7ay, su ve \u00e7orba ikram\u0131n\u0131n \u00fccretsiz olaca\u011f\u0131n\u0131 s\u00f6yledi. Ba\u015fkan \u00d6zyi\u011fit, <strong>\u201cProjemizin in\u015faat\u0131n\u0131 \u00fcstlenen hay\u0131rsever i\u015f insan\u0131 Say\u0131n Mehmet K\u00fcrk\u2019e \u015fahs\u0131m ve hem\u015fehrilerim ad\u0131na te\u015fekk\u00fcr ediyorum.&nbsp; K\u00fclt\u00fcr kompleksi ve ilkokulumuzun ard\u0131ndan bug\u00fcn de b\u00fcy\u00fck kent k\u00fct\u00fcphanesi, oyuncak m\u00fczesi ve \u00e7ocuk k\u00fct\u00fcphanesinden olu\u015facak projemizin temelini at\u0131yoruz.&nbsp; Yeni\u015fehir\u2019imize ve Mersin\u2019imize hay\u0131rl\u0131 olmas\u0131n\u0131 diliyorum.&nbsp; K\u00fct\u00fcphanemizdeki kafeteryam\u0131zda 25 y\u0131l boyunca \u00e7ay, su ve \u00e7orba vatanda\u015flar\u0131m\u0131z i\u00e7in \u00fccretsiz olacak.&nbsp; Bu alan insanlar\u0131n bulu\u015farak fikir al\u0131\u015fveri\u015finde bulunabilece\u011fi, birliktelik ruhunu g\u00fc\u00e7lendiren bir sosyal ve k\u00fclt\u00fcrel merkez haline gelecek.&nbsp; Burada sadece yeti\u015fkinlere y\u00f6nelik de\u011fil ayn\u0131 zamanda \u00e7ocuklar\u0131m\u0131za y\u00f6nelik de bir k\u00fct\u00fcphane olu\u015fturaca\u011f\u0131z.&nbsp; Yeni\u015fehir Belediyesi Akademi\u2019de Mersin ve T\u00fcrkiye\u2019de bir ilk olan Bebek K\u00fct\u00fcphanesi a\u00e7m\u0131\u015ft\u0131k \u015fimdi bu yolculu\u011fu, \u00c7ocuk K\u00fct\u00fcphanesi ile devam ettiriyoruz. \u00c7ocuklar\u0131m\u0131z\u0131n erken ya\u015fta okuma al\u0131\u015fkanl\u0131\u011f\u0131 kazanmas\u0131n\u0131 te\u015fvik ederek, onlar\u0131n k\u00fclt\u00fcrel geli\u015fimine katk\u0131da bulunaca\u011f\u0131z.&nbsp; Hem \u00e7ocuklar\u0131m\u0131za hem de \u00e7ocuklu\u011funu yeniden hat\u0131rlamak isteyen yeti\u015fkinlere hitap edecek. Sunay Ak\u0131n gibi de\u011ferli bir sanat\u00e7\u0131n\u0131n katk\u0131lar\u0131yla kentimize g\u00fczel bir m\u00fcze kazand\u0131raca\u011f\u0131z.\u201d <\/strong>ifadelerini kulland\u0131.<\/p>\n\n\n\n<p><strong>\u201cEkonomik imkanlar bizi s\u0131n\u0131rlasa da dayan\u0131\u015fmam\u0131z sayesinde m\u00fccadele etmeye devam ediyoruz.\u201d<\/strong><\/p>\n\n\n\n<p>Halk\u0131n ihtiya\u00e7 ve beklentilerini \u00f6n planda tuttuklar\u0131n\u0131 belirten Ba\u015fkan Abdullah \u00d6zyi\u011fit \u015funlar\u0131 dile getirdi: <strong>\u201cSe\u00e7imlerden \u00f6nce bu projelerimizin s\u00f6z\u00fcn\u00fc vermi\u015ftik.&nbsp; G\u00f6reve gelir gelmez \u00e7ok k\u0131sa bir s\u00fcrede \u00fc\u00e7 b\u00fcy\u00fck projemizin de temelini att\u0131k.&nbsp; Forum AVM\u2019nin hemen giri\u015finde Yeni Kafe a\u00e7t\u0131k, G\u00fcven Park\u2019ta emeklilerimize hitap edecek Mola Evi\u2019ni hizmete a\u00e7aca\u011f\u0131z.&nbsp; Halk\u0131m\u0131za verdi\u011fimiz s\u00f6z\u00fc tutman\u0131n gururunu ya\u015f\u0131yoruz.&nbsp; Her bir projemiz, \u015fehrimizin sosyal, k\u00fclt\u00fcrel ve e\u011fitim altyap\u0131s\u0131n\u0131 g\u00fc\u00e7lendirecek, iyi belediyecili\u011fin somut \u00f6rnekleridir.&nbsp; Bu temellileri yapt\u0131\u011f\u0131m\u0131z kamula\u015ft\u0131rmalar ve planlamalarla att\u0131k. Ekonomik imkanlar bizi s\u0131n\u0131rlasa da dayan\u0131\u015fmam\u0131z sayesinde m\u00fccadele etmeye devam ediyoruz. \u00c7al\u0131\u015fmalar\u0131m\u0131z halk\u00e7\u0131 belediyecili\u011fin birer \u00f6rne\u011fi olarak, toplumsal refah\u0131 g\u00f6zeten, herkes i\u00e7in daha iyi bir ya\u015fam alan\u0131 sunan yakla\u015f\u0131mlar\u0131m\u0131z\u0131 yans\u0131t\u0131yor. Bizim belediyecilik anlay\u0131\u015f\u0131m\u0131z\u0131n merkezinde halk var.&nbsp; Halk\u0131m\u0131z\u0131n ihtiya\u00e7lar\u0131n\u0131 ve beklentilerini \u00f6n planda tutarak, t\u00fcm hizmetlerimizi adil ve e\u015fit bir \u015fekilde sunuyoruz.\u201d<\/strong><\/p>\n\n\n\n<p><strong>\u201cHep birlikte bu projelerimizin a\u00e7\u0131l\u0131\u015flar\u0131nda ve daha nicelerinde bulu\u015fmay\u0131 diliyorum\u201d<\/strong><\/p>\n\n\n\n<p>Toplumun her kesimine y\u00f6nelik projeler geli\u015ftirdiklerini ifade eden Yeni\u015fehir Belediye Ba\u015fkan\u0131 Abdullah \u00d6zyi\u011fit, <strong>\u201cGelece\u011fimizin teminat\u0131 bu temellerle at\u0131l\u0131yor.&nbsp; Bizler her bireyin sesinin duyulmas\u0131n\u0131, her vatanda\u015f\u0131n hakk\u0131n\u0131n g\u00f6zetilmesini, her kesimin e\u015fit hizmet almas\u0131n\u0131 savunuyoruz. Bu anlay\u0131\u015fla, toplumun her bireyine hitap eden projeler geli\u015ftiriyoruz.&nbsp; Dezavantajl\u0131lar ba\u015fta olmak \u00fczere farkl\u0131 kesimlerin ihtiya\u00e7lar\u0131n\u0131 g\u00f6z \u00f6n\u00fcnde bulundurarak hizmetlerimizi \u015fekillendiriyoruz. Att\u0131\u011f\u0131m\u0131z her ad\u0131mda hem\u015fehrilerimizin g\u00fcvenini ve deste\u011fini arkam\u0131zda hissetmek, bizim en b\u00fcy\u00fck g\u00fc\u00e7 kayna\u011f\u0131m\u0131zd\u0131r. Projelerin ger\u00e7ekle\u015fmesinde eme\u011fi ge\u00e7en t\u00fcm ekip arkada\u015flar\u0131ma, desteklerini esirgemeyen hay\u0131rseverlerimize ve en \u00f6nemlisi bize inanan ve destek veren Yeni\u015fehir halk\u0131na te\u015fekk\u00fcr ediyorum.&nbsp; Hep birlikte bu projelerimizin a\u00e7\u0131l\u0131\u015flar\u0131nda ve daha nicelerinde bulu\u015fmay\u0131 diliyorum.\u201d <\/strong>diye konu\u015ftu.<\/p>\n\n\n\n<p><strong>Talat Din\u00e7er, \u201cYeni\u015fehir Belediyemiz ba\u015f d\u00f6nd\u00fcr\u00fcyor, temel atmalar\u0131na yeti\u015femiyoruz.\u201d<\/strong><\/p>\n\n\n\n<p>Cumhuriyet Halk Partisi(CHP) Mersin Milletvekili Talat Din\u00e7er ise yapt\u0131\u011f\u0131 konu\u015fmada Ba\u015fkan Abdullah \u00d6zyi\u011fit\u2019e \u00e7al\u0131\u015fmalar\u0131ndan dolay\u0131 te\u015fekk\u00fcr etti. E\u011fitimin \u00f6nemine dikkat \u00e7eken Din\u00e7er, <strong>\u201cYeni\u015fehir Belediyemiz ba\u015f d\u00f6nd\u00fcr\u00fcyor, temel atmalar\u0131na yeti\u015femiyoruz. E\u011fitim anlam\u0131ndaki bir projenin temel atma t\u00f6reninde bir araday\u0131z. E\u011fitim \u00e7ok \u00f6nemli, e\u011fitim gelece\u011fimize \u0131\u015f\u0131k tutacak en \u00f6nemli eylemlerinden biri. Her \u015feyden vazge\u00e7ebiliriz ama e\u011fitimden vazge\u00e7emeyiz. Dolay\u0131s\u0131yla bu projemiz \u00e7ok k\u0131ymetli. Bu imkan\u0131 sa\u011flayacak olan Yeni\u015fehir Belediye Ba\u015fkan\u0131m\u0131z Abdullah \u00d6zyi\u011fit ve K\u00fcrk ailesine te\u015fekk\u00fcr ediyorum. Yeni\u015fehir b\u00fcy\u00fcyor, Mersin b\u00fcy\u00fcyor. \u0130l\u00e7emiz b\u00fcy\u00fcd\u00fck\u00e7e ihtiya\u00e7lar da b\u00fcy\u00fcyor. Bu kadar geni\u015f bir kitleye hizmet vermek ger\u00e7ekten de beceri istiyor. Belediye ba\u015fkanlar\u0131m\u0131zla gurur duyuyorum. Say\u0131n Abdullah \u00d6zyi\u011fit ve ekibine gayretlerinden dolay\u0131 te\u015fekk\u00fcr ediyorum.\u201d <\/strong>dedi.<\/p>\n\n\n\n<p>Projeyi 6 ay i\u00e7erisinde tamamlamay\u0131 hedeflediklerini s\u00f6yleyen K\u00fcrk E\u011fitim Vakf\u0131 Ba\u015fkan\u0131 Mehmet K\u00fcrk, <strong>\u201cB\u00f6lgemize insan\u0131na ve \u00f6zellikle \u00e7ocuk ve gen\u00e7lerimizin e\u011fitimine katk\u0131 sa\u011flamak amac\u0131yla yap\u0131lacak proje i\u00e7in arazi tahsis ederek bizi te\u015fvik eden Yeni\u015fehir Belediye Ba\u015fkan\u0131m\u0131z Abdullah \u00d6zyi\u011fit\u2019e te\u015fekk\u00fcr ediyoruz. \u0130n\u015fallah 6 ay sonra tesisimizin a\u00e7\u0131l\u0131\u015f\u0131n\u0131 yaparak, kentimize kazand\u0131raca\u011f\u0131z.\u201d<\/strong> ifadelerini kulland\u0131. &nbsp;Mersin B\u00fcy\u00fck\u015fehir Belediye Ba\u015fkanvekili Hamit Mert Avc\u0131 ise koordineli \u00e7al\u0131\u015fmaya devam ettiklerini belirterek \u015fu \u015fekilde konu\u015ftu: <strong>\u201cBelediyecilik sadece salt yol ve su de\u011fil ayn\u0131 zamanda \u015fu anda temel atma t\u00f6reninde bulundu\u011fumuz sosyal projelerdir. Elbette k\u00fct\u00fcphane \u00e7ok g\u00fczel ve olumlu ama ayn\u0131 zamanda yan\u0131nda \u00e7ok g\u00fczel bir de oyuncak m\u00fczesi var. \u0130\u015fte belediyecilik; gen\u00e7lerimize, halka dokunmak bu. Abdullah ba\u015fkan\u0131m\u0131za te\u015fekk\u00fcr ediyoruz, her zaman oldu\u011fu gibi hep birlikte koordineli ve omuz omuza \u00e7al\u0131\u015fmaya devam ediyoruz.\u201d<\/strong><\/p>\n","protected":false},"excerpt":{"rendered":"<p>Mersin Yeni\u015fehir Belediyesi ve K\u00fcrk E\u011fitim Vakf\u0131 i\u015f birli\u011fiyle yap\u0131lacak kent k\u00fct\u00fcphanesi, oyuncak m\u00fczesi ve \u00e7ocuk k\u00fct\u00fcphanesinden olu\u015facak projenin temeli at\u0131ld\u0131. Mersin\u2019in en i\u015flek caddelerinden biri olan Gazi Mustafa Kemal Bulvar\u0131 \u00fczerinde yer alan projenin 6 ay i\u00e7erisinde tamamlanmas\u0131 hedefleniyor. Temel atma t\u00f6reninde konu\u015fan Yeni\u015fehir Belediye Ba\u015fkan\u0131 Abdullah \u00d6zyi\u011fit, \u201cSe\u00e7imlerden \u00f6nce bu projelerimizin s\u00f6z\u00fcn\u00fc vermi\u015ftik.&nbsp; [&hellip;]<\/p>\n","protected":false},"author":2,"featured_media":34657,"comment_status":"closed","ping_status":"closed","sticky":false,"template":"","format":"standard","meta":{"footnotes":""},"categories":[1,2,3],"tags":[],"class_list":["post-34656","post","type-post","status-publish","format-standard","has-post-thumbnail","hentry","category-genel","category-gundem","category-manset"],"views":6,"_links":{"self":[{"href":"https:\/\/mersinkadingazetesi.com\/index.php?rest_route=\/wp\/v2\/posts\/34656"}],"collection":[{"href":"https:\/\/mersinkadingazetesi.com\/index.php?rest_route=\/wp\/v2\/posts"}],"about":[{"href":"https:\/\/mersinkadingazetesi.com\/index.php?rest_route=\/wp\/v2\/types\/post"}],"author":[{"embeddable":true,"href":"https:\/\/mersinkadingazetesi.com\/index.php?rest_route=\/wp\/v2\/users\/2"}],"replies":[{"embeddable":true,"href":"https:\/\/mersinkadingazetesi.com\/index.php?rest_route=%2Fwp%2Fv2%2Fcomments&post=34656"}],"version-history":[{"count":1,"href":"https:\/\/mersinkadingazetesi.com\/index.php?rest_route=\/wp\/v2\/posts\/34656\/revisions"}],"predecessor-version":[{"id":34658,"href":"https:\/\/mersinkadingazetesi.com\/index.php?rest_route=\/wp\/v2\/posts\/34656\/revisions\/34658"}],"wp:featuredmedia":[{"embeddable":true,"href":"https:\/\/mersinkadingazetesi.com\/index.php?rest_route=\/wp\/v2\/media\/34657"}],"wp:attachment":[{"href":"https:\/\/mersinkadingazetesi.com\/index.php?rest_route=%2Fwp%2Fv2%2Fmedia&parent=34656"}],"wp:term":[{"taxonomy":"category","embeddable":true,"href":"https:\/\/mersinkadingazetesi.com\/index.php?rest_route=%2Fwp%2Fv2%2Fcategories&post=34656"},{"taxonomy":"post_tag","embeddable":true,"href":"https:\/\/mersinkadingazetesi.com\/index.php?rest_route=%2Fwp%2Fv2%2Ftags&post=34656"}],"curies":[{"name":"wp","href":"https:\/\/api.w.org\/{rel}","templated":true}]}}