{"id":34665,"date":"2024-08-21T17:22:21","date_gmt":"2024-08-21T14:22:21","guid":{"rendered":"https:\/\/mersinkadingazetesi.com\/?p=34665"},"modified":"2024-08-21T17:22:22","modified_gmt":"2024-08-21T14:22:22","slug":"deva-partili-ekmen-adalet-bakani-tunc-ve-icisleri-bakani-yerlikayaya-orman-yanginlarindaki-sorusturmalari-sordu","status":"publish","type":"post","link":"https:\/\/mersinkadingazetesi.com\/?p=34665","title":{"rendered":"DEVA Partili Ekmen, Adalet Bakan\u0131 Tun\u00e7 ve \u0130\u00e7i\u015fleri Bakan\u0131 Yerlikaya\u2019ya orman yang\u0131nlar\u0131ndaki soru\u015fturmalar\u0131 sordu\u00a0"},"content":{"rendered":"\n<figure class=\"wp-block-table\"><table class=\"has-fixed-layout\"><tbody><tr><td><strong>Deva Partisi Genel Ba\u015fkan Yard\u0131mc\u0131s\u0131 Mehmet Emin Ekmen, Adalet Bakan\u0131&nbsp;<\/strong><strong>Y<\/strong><strong>\u0131lmaz Tun\u00e7 ve \u0130\u00e7i\u015fleri Bakan\u0131 Ali Yerlikaya<\/strong><strong>\u2019<\/strong><strong>ya orman yang\u0131nlar\u0131n\u0131n \u00e7\u0131k\u0131\u015f nedeniyle ilgili y\u00fcr\u00fct\u00fclen soru\u015fturmalardaki son durumu sordu. \u0130ki bakan\u0131n yan\u0131tlamas\u0131 istemiyle TBMM Ba\u015fkanl\u0131\u011f\u0131na soru&nbsp;<\/strong><strong>\u00f6<\/strong><strong>nergesi veren Ekmen,&nbsp;<\/strong><strong>\u201c<\/strong><strong>2023 y\u0131l\u0131 i\u00e7inde ormanl\u0131k alanlarda yang\u0131n \u00e7\u0131kmas\u0131 nedeniyle ka\u00e7 soru\u015fturma a\u00e7\u0131lm\u0131\u015ft\u0131<\/strong><strong>r? A<\/strong><strong>\u00e7\u0131lan bu soru\u015fturmalar\u0131n ka\u00e7\u0131 sonu\u00e7lanm\u0131\u015f ve olay ayd\u0131nlat\u0131lm\u0131\u015ft\u0131<\/strong><strong>r?<\/strong><strong>\u201d sorusunu y\u00f6neltti.<\/strong><strong>&nbsp;<\/strong>DEVA Partisi Genel Ba\u015fkan Yard\u0131mc\u0131s\u0131 ve Mersin Milletvekili Mehmet Emin Ekmen, orman yang\u0131nlar\u0131n\u0131n ard\u0131ndan ba\u015flat\u0131lan soru\u015fturmalar\u0131, T\u00fcrkiye B\u00fcy\u00fck Millet Meclisinin&nbsp;(TBMM) g\u00fcndemine ta\u015f\u0131d\u0131. Adalet Bakan\u0131&nbsp;Y\u0131lmaz Tun\u00e7&nbsp;ve&nbsp;\u0130\u00e7i\u015fleri Bakan\u0131 Ali Yerlikaya\u2019n\u0131n yan\u0131tlamas\u0131 istemiyle TBMM Ba\u015fkanl\u0131\u011f\u0131na soru&nbsp;\u00f6nergeleri veren Ekmen, kamuoyunun orman yang\u0131nlar\u0131n\u0131n \u00e7\u0131k\u0131\u015f nedenlerini ve su\u00e7 unsurlar\u0131n\u0131 merak etti\u011fini dile getirdi.&nbsp;<strong>YANGINLARIN \u00c7IKI\u015e&nbsp;<\/strong><strong>NEDENLER<\/strong><strong>\u0130 MERAK ED\u0130L\u0130YOR<\/strong>Ekmen, 2023 y\u0131l\u0131 ba\u015fta olmak \u00fczere son d\u00f6nemde T\u00fcrkiye genelinde bir\u00e7ok orman yang\u0131n\u0131 meydana geldi\u011fini hat\u0131rlatarak,&nbsp;\u201cBu yang\u0131nlar b\u00fcy\u00fck maddi kay\u0131plara, do\u011fal alanlar\u0131n yok olmas\u0131na ve ekosistemin ciddi \u015fekilde zarar g\u00f6rmesine yol a\u00e7m\u0131\u015ft\u0131r. Orman yang\u0131nlar\u0131, yaln\u0131zca \u00e7evresel bir felaket olman\u0131n&nbsp;\u00f6tesinde, yerle\u015fim yerlerini, insan hayat\u0131n\u0131 ve biyolojik \u00e7e\u015fitlili\u011fi de tehdit etmektedir. Kamuoyunda bu yang\u0131nlar\u0131n \u00e7\u0131k\u0131\u015f nedenleri ve arkas\u0131ndaki olas\u0131 su\u00e7 unsurlar\u0131 hakk\u0131nda yo\u011fun bir merak ve endi\u015fe bulunmaktad\u0131r.\u201d ifadelerini kulland\u0131.&nbsp;<strong>SORU\u015e<\/strong><strong>TURMALAR NE A<\/strong><strong>\u015e<\/strong><strong>AMADA?<\/strong>Soru&nbsp;\u00f6nergesinin devam\u0131nda Ekmen, orman yang\u0131nlar\u0131n\u0131n ter\u00f6r&nbsp;\u00f6rg\u00fctleri ya da organize su\u00e7 unsurlar\u0131 taraf\u0131ndan \u00e7\u0131kar\u0131lm\u0131\u015f olabilece\u011fi y\u00f6n\u00fcnde iddialar\u0131nda g\u00fcndeme geldi\u011finin alt\u0131n\u0131 \u00e7izerek,&nbsp;\u201cBu t\u00fcr yang\u0131nlar\u0131n faillerinin belirlenmesi ve bu su\u00e7lar\u0131n&nbsp;\u00f6n\u00fcne ge\u00e7ilmesi, \u00fclkemizin do\u011fal zenginliklerini koruma \u00e7abalar\u0131n\u0131n&nbsp;\u00f6nemli bir par\u00e7as\u0131d\u0131r. Bu nedenle, 2023 y\u0131l\u0131nda ger\u00e7ekle\u015fen orman yang\u0131nlar\u0131yla ilgili y\u00fcr\u00fct\u00fclen soru\u015fturmalar\u0131n sonu\u00e7lar\u0131 b\u00fcy\u00fck&nbsp;\u00f6nem ta\u015f\u0131maktad\u0131r.\u201d de\u011ferlendirmesinde bulundu.&nbsp;<strong>EKMEN, ADALET BAKANI TUN\u00c7\u2019<\/strong><strong>A VE&nbsp;<\/strong><strong>\u0130\u00c7\u0130\u015e<\/strong><strong>LER<\/strong><strong>\u0130 BAKANI YERL\u0130KAYA<\/strong><strong>\u2019<\/strong><strong>YA 3 SORU SORDU<\/strong>Ekmen, soru&nbsp;\u00f6nergelerinde Adalet Bakan\u0131&nbsp;Y\u0131lmaz Tun\u00e7&nbsp;ve&nbsp;\u0130\u00e7i\u015fleri Bakan\u0131 Ali Yerlikaya\u2019ya \u015fu sorular\u0131 y\u00f6neltti:&nbsp;1- 2023 y\u0131l\u0131 i\u00e7inde ormanl\u0131k alanlarda yang\u0131n \u00e7\u0131kmas\u0131 nedeniyle ka\u00e7 soru\u015fturma a\u00e7\u0131lm\u0131\u015ft\u0131r?2- A\u00e7\u0131lan bu soru\u015fturmalar\u0131n ka\u00e7\u0131 sonu\u00e7lanm\u0131\u015f ve olay ayd\u0131nlat\u0131lm\u0131\u015ft\u0131r?3- Bu soru\u015fturmalar kapsam\u0131nda ter\u00f6r&nbsp;\u00f6rg\u00fct\u00fc PKK veya ba\u015fka bir&nbsp;\u00f6rg\u00fctle ili\u015fkili failler ve yang\u0131n tespit edilmi\u015f midir? Edildiyse, ka\u00e7 vaka ve ka\u00e7 ki\u015fi bu kapsamda soru\u015fturulmu\u015ftur?<\/td><\/tr><\/tbody><\/table><\/figure>\n","protected":false},"excerpt":{"rendered":"<p>Deva Partisi Genel Ba\u015fkan Yard\u0131mc\u0131s\u0131 Mehmet Emin Ekmen, Adalet Bakan\u0131&nbsp;Y\u0131lmaz Tun\u00e7 ve \u0130\u00e7i\u015fleri Bakan\u0131 Ali Yerlikaya\u2019ya orman yang\u0131nlar\u0131n\u0131n \u00e7\u0131k\u0131\u015f nedeniyle ilgili y\u00fcr\u00fct\u00fclen soru\u015fturmalardaki son durumu sordu. \u0130ki bakan\u0131n yan\u0131tlamas\u0131 istemiyle TBMM Ba\u015fkanl\u0131\u011f\u0131na soru&nbsp;\u00f6nergesi veren Ekmen,&nbsp;\u201c2023 y\u0131l\u0131 i\u00e7inde ormanl\u0131k alanlarda yang\u0131n \u00e7\u0131kmas\u0131 nedeniyle ka\u00e7 soru\u015fturma a\u00e7\u0131lm\u0131\u015ft\u0131r? A\u00e7\u0131lan bu soru\u015fturmalar\u0131n ka\u00e7\u0131 sonu\u00e7lanm\u0131\u015f ve olay ayd\u0131nlat\u0131lm\u0131\u015ft\u0131r?\u201d sorusunu y\u00f6neltti.&nbsp;DEVA [&hellip;]<\/p>\n","protected":false},"author":2,"featured_media":34381,"comment_status":"closed","ping_status":"closed","sticky":false,"template":"","format":"standard","meta":{"footnotes":""},"categories":[2,3],"tags":[],"class_list":["post-34665","post","type-post","status-publish","format-standard","has-post-thumbnail","hentry","category-gundem","category-manset"],"views":4,"_links":{"self":[{"href":"https:\/\/mersinkadingazetesi.com\/index.php?rest_route=\/wp\/v2\/posts\/34665"}],"collection":[{"href":"https:\/\/mersinkadingazetesi.com\/index.php?rest_route=\/wp\/v2\/posts"}],"about":[{"href":"https:\/\/mersinkadingazetesi.com\/index.php?rest_route=\/wp\/v2\/types\/post"}],"author":[{"embeddable":true,"href":"https:\/\/mersinkadingazetesi.com\/index.php?rest_route=\/wp\/v2\/users\/2"}],"replies":[{"embeddable":true,"href":"https:\/\/mersinkadingazetesi.com\/index.php?rest_route=%2Fwp%2Fv2%2Fcomments&post=34665"}],"version-history":[{"count":1,"href":"https:\/\/mersinkadingazetesi.com\/index.php?rest_route=\/wp\/v2\/posts\/34665\/revisions"}],"predecessor-version":[{"id":34666,"href":"https:\/\/mersinkadingazetesi.com\/index.php?rest_route=\/wp\/v2\/posts\/34665\/revisions\/34666"}],"wp:featuredmedia":[{"embeddable":true,"href":"https:\/\/mersinkadingazetesi.com\/index.php?rest_route=\/wp\/v2\/media\/34381"}],"wp:attachment":[{"href":"https:\/\/mersinkadingazetesi.com\/index.php?rest_route=%2Fwp%2Fv2%2Fmedia&parent=34665"}],"wp:term":[{"taxonomy":"category","embeddable":true,"href":"https:\/\/mersinkadingazetesi.com\/index.php?rest_route=%2Fwp%2Fv2%2Fcategories&post=34665"},{"taxonomy":"post_tag","embeddable":true,"href":"https:\/\/mersinkadingazetesi.com\/index.php?rest_route=%2Fwp%2Fv2%2Ftags&post=34665"}],"curies":[{"name":"wp","href":"https:\/\/api.w.org\/{rel}","templated":true}]}}