{"id":34676,"date":"2024-08-22T10:41:43","date_gmt":"2024-08-22T07:41:43","guid":{"rendered":"https:\/\/mersinkadingazetesi.com\/?p=34676"},"modified":"2024-08-22T10:41:44","modified_gmt":"2024-08-22T07:41:44","slug":"msk-yeni-sezon-hazirliklarina-basladi","status":"publish","type":"post","link":"https:\/\/mersinkadingazetesi.com\/?p=34676","title":{"rendered":"MSK YEN\u0130 SEZON HAZIRLIKLARINA BA\u015eLADI"},"content":{"rendered":"\n<p>T\u00fcrkiye Basketbol S\u00fcper Lig&#8217;ine y\u00fckselen Mersin Spor Kul\u00fcb\u00fc (MSK), lige iddial\u0131 bir giri\u015f yapmak i\u00e7in haz\u0131rl\u0131klar\u0131na ba\u015flad\u0131. 2024\/2025 sezonu \u00f6ncesindeki haz\u0131rl\u0131k program\u0131n\u0131 netle\u015ftiren Carettalar, bir yandan da transfer \u00e7al\u0131\u015fmalar\u0131 ile tak\u0131m\u0131 g\u00fc\u00e7lendirmeye devam ediyor.<\/p>\n\n\n\n<p>S\u00fcper Lig&#8217;e \u00e7\u0131kman\u0131n heyecan\u0131 ile ilk antrenman\u0131na \u00e7\u0131kan tak\u0131m; yeni sezon haz\u0131rl\u0131klar\u0131na Servet Tazeg\u00fcl Spor Salonu&#8217;nda ba\u015flad\u0131. Carettalar, evindeki ma\u00e7lar\u0131n\u0131 oynanaca\u011f\u0131 salonu \u015fimdiden inletmeye ba\u015flad\u0131.<\/p>\n\n\n\n<p><strong>\u00dcst\u00fcnda\u011f: &#8220;Vizyonumuz ve beklentilerimiz \u00e7ok yukar\u0131da&#8221;<\/strong><\/p>\n\n\n\n<p>Vizyonlar\u0131 ve beklentileri \u00e7ok yukar\u0131da oldu\u011fu i\u00e7in, \u00e7ok \u00e7al\u0131\u015fmalar\u0131 gerekti\u011fini ve yeni sezonun ilk antrenman\u0131na ba\u015flad\u0131klar\u0131n\u0131 belirten MSK Kul\u00fcp Ba\u015fkan\u0131 Berkay \u00dcst\u00fcnda\u011f,&nbsp;<strong>&#8220;Bir iki oyuncumuz daha gelecek. Ligi yukar\u0131larda bitirme ve Play-Off&#8217;lar\u0131 g\u00f6rme hedefimiz var&#8221;<\/strong>&nbsp;s\u00f6zlerine yer verdi. Mersin B\u00fcy\u00fck\u015fehir Belediye Ba\u015fkan\u0131 Vahap Se\u00e7er&#8217;in \u00f6nderli\u011finde yakalad\u0131klar\u0131 ba\u015far\u0131n\u0131n kendileri i\u00e7in \u00e7ok \u00f6nemli oldu\u011funa de\u011finen \u00dcst\u00fcnda\u011f, Mersin halk\u0131n\u0131n da her zaman tak\u0131m\u0131 destekledi\u011fini ve desteklemeye de devam edece\u011fine olan inanc\u0131n\u0131 dile getirerek,&nbsp;<strong>&#8220;Mersin halk\u0131na kap\u0131m\u0131z ve kula\u011f\u0131m\u0131z her zaman a\u00e7\u0131k. Onlar\u0131n her zaman yorumlar\u0131n\u0131 da dinliyoruz. Burada belli bir olu\u015fum var. Bu olu\u015fum; halkla, taraftarla olacak bir \u015fey. Taraftar\u0131m\u0131z\u0131n; ma\u00e7lar\u0131m\u0131zda bizi yaln\u0131z b\u0131rakmamas\u0131n\u0131, her ma\u00e7\u0131m\u0131za gelmelerini arzu ediyoruz. Hepimiz i\u00e7in sa\u011fl\u0131kl\u0131 bir sezon olsun&#8221;<\/strong>&nbsp;\u015feklinde konu\u015ftu.<\/p>\n\n\n\n<p><strong>Sevim: &#8220;Gidebilece\u011fimiz en \u00fcst noktaya kadar gitmeye \u00e7al\u0131\u015faca\u011f\u0131z&#8221;<\/strong><\/p>\n\n\n\n<p>S\u00fcper Lig&#8217;e olmaktan dolay\u0131 gurur duyduklar\u0131n\u0131 vurgulayan MSK Ba\u015fantren\u00f6r\u00fc Can Sevim,&nbsp;<strong>&#8220;Ge\u00e7en y\u0131l g\u00f6revimizi ba\u015far\u0131l\u0131 bir \u015fekilde yerine getirdik. \u015eimdi \u00f6n\u00fcm\u00fczde yeni bir s\u0131nav var. Ona en iyi \u015fekilde haz\u0131rlanmak istiyoruz. Antrenmanlara ba\u015flad\u0131k ve kampa da gidece\u011fiz. Sezona da b\u00fcy\u00fck oranda orada haz\u0131r olaca\u011f\u0131m\u0131z\u0131 d\u00fc\u015f\u00fcn\u00fcyorum&#8221;<\/strong>&nbsp;dedi.<\/p>\n\n\n\n<p>S\u00fcper Lig&#8217;in \u00e7ok daha zorlu olaca\u011f\u0131n\u0131 kaydeden Sevim,&nbsp;<strong>&#8220;Biz ligde gidebilece\u011fimiz en \u00fcst noktaya gitmek ve bununla beraber Avrupa kupalar\u0131na kat\u0131lma hakk\u0131n\u0131 elde etmek istiyoruz. Kesinlikle \u00e7ok daha zor bir m\u00fccadele olacak, ama biz bunu ba\u015farabilecek g\u00fc\u00e7teyiz&#8221;<\/strong>&nbsp;ifadelerine yer verdi. Mersinlilere de seslenen Sevim,&nbsp;<strong>&#8220;Ge\u00e7en y\u0131l \u00f6zellikle Play-Off&#8217;larda muhte\u015fem bir seyirci deste\u011fi vard\u0131. \u015eimdi de bu salonu doldurmalar\u0131n\u0131 bekliyoruz. Bizi burada ne kadar desteklerlerse, biz de onlar\u0131 o kadar iyi yerlere ta\u015f\u0131r\u0131z&#8221;<\/strong>&nbsp;dedi.<\/p>\n\n\n\n<p><strong>Simmons: &#8220;Bu sene de \u00e7ok \u00f6nemli hedeflerimiz var&#8221;<\/strong><\/p>\n\n\n\n<p>Yeni sezon i\u00e7in \u00e7ok heyecanl\u0131 oldu\u011funu vurgulayan oyunculardan Gerel Simmons,&nbsp;<strong>&#8220;Yeni sezon i\u00e7in \u00e7ok heyecanl\u0131y\u0131m. Tak\u0131m ilk kuruldu\u011fundan beri, hedefi olan \u00fcst lige \u00e7\u0131kard\u0131\u011f\u0131m\u0131z i\u00e7in \u00e7ok mutluyuz. Bunu tak\u0131mla ba\u015farmak \u00e7ok \u00f6nemliydi. Bu sene de \u00e7ok \u00f6nemli hedeflerimiz var&#8221; dedi. Mersin halk\u0131ndan da destek isteyen Simmons, &#8220;B\u00fct\u00fcn taraftar\u0131 salona bekliyoruz&#8221;<\/strong>&nbsp;diye seslendi.<\/p>\n\n\n\n<p><strong>Akdamar: &#8220;Bizim itici g\u00fcc\u00fcm\u00fcz taraftar\u0131m\u0131z&#8221;<\/strong><\/p>\n\n\n\n<p>Ge\u00e7en sezon Tofa\u015f&#8217;\u0131n kaptanl\u0131\u011f\u0131n\u0131 yapan ve MSK&#8217;ya transfer olan Tevfik Akdamar, S\u00fcper Lig i\u00e7in heyecanl\u0131 oldu\u011funu vurgulayarak, tak\u0131m\u0131 Avrupa Kupas\u0131 oynayabilen bir hale getirmek istediklerini belirtti. Akdamar,&nbsp;<strong>&#8220;Bizim her zaman i\u00e7in itici g\u00fcc\u00fcm\u00fcz taraftar\u0131m\u0131z olacak. Salon ne kadar doluysa ve ne kadar g\u00fc\u00e7l\u00fc bir tezah\u00fcrata sahipse, biz sahada o kadar daha g\u00fc\u00e7l\u00fc hissedece\u011fiz. O y\u00fczden Mersinlileri her ma\u00e7a bekliyoruz&#8221;<\/strong>&nbsp;dedi.<\/p>\n\n\n\n<p><strong>Tan\u0131\u015fan: &#8220;Taraftar\u0131m\u0131z\u0131n deste\u011fi bizim i\u00e7in \u00e7ok \u00f6nemli&#8221;<\/strong><\/p>\n\n\n\n<p>Tak\u0131ma yeni kat\u0131lan oyunculardan Emre Tan\u0131\u015fan ise, tak\u0131m\u0131n ge\u00e7en sene iyi bir ba\u015far\u0131 yakalad\u0131\u011f\u0131n\u0131 vurgulayarak,&nbsp;<strong>&#8220;Bu sene de ba\u015far\u0131l\u0131 bir sezon ge\u00e7irmek istiyoruz. Taraftar\u0131m\u0131z\u0131n deste\u011fi bizim i\u00e7in \u00e7ok \u00f6nemli. Onlar da umar\u0131m ayn\u0131 \u015fekilde hissederler, ayn\u0131 \u015fekilde buraya gelirler ve beraber m\u00fccadele ederiz. G\u00fczel bir sezon ge\u00e7iririz, ba\u015far\u0131lar elde ederiz. Hep birlikte mutlu oluruz burada&#8221;<\/strong>&nbsp;diye konu\u015ftu.<\/p>\n","protected":false},"excerpt":{"rendered":"<p>T\u00fcrkiye Basketbol S\u00fcper Lig&#8217;ine y\u00fckselen Mersin Spor Kul\u00fcb\u00fc (MSK), lige iddial\u0131 bir giri\u015f yapmak i\u00e7in haz\u0131rl\u0131klar\u0131na ba\u015flad\u0131. 2024\/2025 sezonu \u00f6ncesindeki haz\u0131rl\u0131k program\u0131n\u0131 netle\u015ftiren Carettalar, bir yandan da transfer \u00e7al\u0131\u015fmalar\u0131 ile tak\u0131m\u0131 g\u00fc\u00e7lendirmeye devam ediyor. S\u00fcper Lig&#8217;e \u00e7\u0131kman\u0131n heyecan\u0131 ile ilk antrenman\u0131na \u00e7\u0131kan tak\u0131m; yeni sezon haz\u0131rl\u0131klar\u0131na Servet Tazeg\u00fcl Spor Salonu&#8217;nda ba\u015flad\u0131. Carettalar, evindeki ma\u00e7lar\u0131n\u0131 oynanaca\u011f\u0131 [&hellip;]<\/p>\n","protected":false},"author":2,"featured_media":34677,"comment_status":"closed","ping_status":"closed","sticky":false,"template":"","format":"standard","meta":{"footnotes":""},"categories":[34,3,10],"tags":[],"class_list":["post-34676","post","type-post","status-publish","format-standard","has-post-thumbnail","hentry","category-flas-haber","category-manset","category-spor"],"views":4,"_links":{"self":[{"href":"https:\/\/mersinkadingazetesi.com\/index.php?rest_route=\/wp\/v2\/posts\/34676"}],"collection":[{"href":"https:\/\/mersinkadingazetesi.com\/index.php?rest_route=\/wp\/v2\/posts"}],"about":[{"href":"https:\/\/mersinkadingazetesi.com\/index.php?rest_route=\/wp\/v2\/types\/post"}],"author":[{"embeddable":true,"href":"https:\/\/mersinkadingazetesi.com\/index.php?rest_route=\/wp\/v2\/users\/2"}],"replies":[{"embeddable":true,"href":"https:\/\/mersinkadingazetesi.com\/index.php?rest_route=%2Fwp%2Fv2%2Fcomments&post=34676"}],"version-history":[{"count":1,"href":"https:\/\/mersinkadingazetesi.com\/index.php?rest_route=\/wp\/v2\/posts\/34676\/revisions"}],"predecessor-version":[{"id":34678,"href":"https:\/\/mersinkadingazetesi.com\/index.php?rest_route=\/wp\/v2\/posts\/34676\/revisions\/34678"}],"wp:featuredmedia":[{"embeddable":true,"href":"https:\/\/mersinkadingazetesi.com\/index.php?rest_route=\/wp\/v2\/media\/34677"}],"wp:attachment":[{"href":"https:\/\/mersinkadingazetesi.com\/index.php?rest_route=%2Fwp%2Fv2%2Fmedia&parent=34676"}],"wp:term":[{"taxonomy":"category","embeddable":true,"href":"https:\/\/mersinkadingazetesi.com\/index.php?rest_route=%2Fwp%2Fv2%2Fcategories&post=34676"},{"taxonomy":"post_tag","embeddable":true,"href":"https:\/\/mersinkadingazetesi.com\/index.php?rest_route=%2Fwp%2Fv2%2Ftags&post=34676"}],"curies":[{"name":"wp","href":"https:\/\/api.w.org\/{rel}","templated":true}]}}