{"id":34679,"date":"2024-08-22T10:43:53","date_gmt":"2024-08-22T07:43:53","guid":{"rendered":"https:\/\/mersinkadingazetesi.com\/?p=34679"},"modified":"2024-08-22T10:43:54","modified_gmt":"2024-08-22T07:43:54","slug":"mersinden-kadin-kooperatifi-mersin-kan-portakalinin-cografi-isaret-tescilini-aldi","status":"publish","type":"post","link":"https:\/\/mersinkadingazetesi.com\/?p=34679","title":{"rendered":"MERS\u0130NDEN KADIN KOOPERAT\u0130F\u0130, MERS\u0130N KAN PORTAKALI&#8217;NIN CO\u011eRAF\u0130 \u0130\u015eARET TESC\u0130L\u0130N\u0130 ALDI"},"content":{"rendered":"\n<p>Mersinden Kad\u0131n Kooperatifi; Mersin&#8217;e, Mersin tar\u0131m\u0131na, \u00fcretimine ve \u00e7ift\u00e7isine de\u011fer katan \u00e7al\u0131\u015fmalar\u0131n\u0131 s\u00fcrd\u00fcr\u00fcyor. Kuruldu\u011fu g\u00fcnden bu yana y\u00fcr\u00fctt\u00fc\u011f\u00fc projelerle Mersin&#8217;in hem tar\u0131msal \u00fcretimine hem \u00e7ift\u00e7isine hem de \u00fcreticisine katk\u0131 sunan Mersinden Kad\u0131n Kooperatifi, nesli t\u00fckenmekte olan Moro cinsi Kan Portakal\u0131&#8217;n\u0131n co\u011frafi i\u015faret tescilini alarak narenciye cenneti Mersin i\u00e7in \u00f6nemli bir \u00e7al\u0131\u015fmaya daha imza atm\u0131\u015f oldu. Al\u0131nan co\u011frafi i\u015faret tescili sayesinde unutulmaya y\u00fcz tutmu\u015f Mersin Kan Portakal\u0131&#8217;n\u0131 \u00e7ift\u00e7ilerin yeniden \u00fcretmesi te\u015fvik edilerek \u00fcretim art\u0131r\u0131lacak. Yap\u0131lan inovatif \u00fcr\u00fcnler sayesinde Mersin Kan Portakal\u0131&#8217;n\u0131n yerel ve ulusal raflarda sunum yelpazesi geni\u015fletilecek ve gelecek nesillerin de tadabilece\u011fi bir meyve olarak \u00fcretilmeye devam edecek.<\/p>\n\n\n\n<p><strong>2 y\u0131ld\u0131r s\u00fcren tescil \u00e7al\u0131\u015fmalar\u0131 meyvesini verdi<\/strong><\/p>\n\n\n\n<p>2020 y\u0131l\u0131nda bu yana Mersin Kan Portakal\u0131&#8217;n\u0131n \u00fcretiminin devam etmesi i\u00e7in \u00e7al\u0131\u015fmalara ba\u015flayan Mersinden Kad\u0131n Kooperatifi, Mersinden Markas\u0131 olarak meyvenin ya\u015f ve kuru halinin sat\u0131\u015f\u0131n\u0131 ger\u00e7ekle\u015ftirirken, kan portakal\u0131 limonatas\u0131n\u0131n yan\u0131 s\u0131ra kurutulmu\u015f halini de \u00e7ay olarak t\u00fcketicilerle bulu\u015fturdu. Bu sayede \u00fcreticilerde bir fark\u0131ndal\u0131k olu\u015fturan Mersinden Kad\u0131n Kooperatifi, a\u011fa\u00e7lar\u0131 kesilen ve \u00c7ift\u00e7i Kay\u0131t Sistemi&#8217;nde bile yer almayan Mersin Kan Portakal\u0131&#8217;n\u0131n katma de\u011fer kazanabilmesi i\u00e7in 2022 y\u0131l\u0131nda harekete ge\u00e7ti. Bu noktada Mersin B\u00fcy\u00fck\u015fehir Belediyesi Tar\u0131msal Hizmetler Dairesi Ba\u015fkanl\u0131\u011f\u0131, Y\u00dcciTA (Y\u00f6resel \u00dcr\u00fcnler ve Co\u011frafi \u0130\u015faretler T\u00fcrkiye Ara\u015ft\u0131rma A\u011f\u0131) Ba\u015fkan\u0131 Prof. Dr. Yavuz Tekeli ve Metro T\u00fcrkiye ile yollar\u0131 kesi\u015fen Mersinden Kad\u0131n Kooperatifi, co\u011frafi i\u015faret tescil s\u00fcrecini ba\u015flatt\u0131. Bu s\u00fcre\u00e7te \u00e7ift\u00e7iler, farkl\u0131 kurum ve kurulu\u015flarla da g\u00f6r\u00fc\u015fen Mersinden Kad\u0131n Kooperatifi, 2 y\u0131ll\u0131k \u00f6zverili ve emek dolu bir \u00e7al\u0131\u015fman\u0131n ard\u0131ndan Mersin Kan Portakal\u0131&#8217;n\u0131n co\u011frafi i\u015faret tescilini ald\u0131.<\/p>\n\n\n\n<p><strong>Hedef; Mersin Kan Portakal\u0131&#8217;n\u0131n \u00fcretimini yeniden canland\u0131rmak<\/strong><\/p>\n\n\n\n<p>Co\u011frafi \u0130\u015faret tescili a\u015famalar\u0131n\u0131 ba\u015far\u0131yla sonu\u00e7land\u0131ran Mersinden Kad\u0131n Kooperatifi bundan sonraki s\u00fcre\u00e7te de bu tescili alman\u0131n sorumluluklar\u0131n\u0131 s\u00fcrd\u00fcrecek. Y\u00f6neti\u015fim ve denetim gibi s\u00fcre\u00e7leri de s\u0131k\u0131 bir \u015fekilde g\u00f6t\u00fcrecek olan Mersinden Kad\u0131n Kooperatifi, kan portakal\u0131 ile ilgili inovatif \u00fcr\u00fcnler geli\u015ftirmeye devam edecek. Geli\u015ftirilen bu \u00fcr\u00fcnlerin raflarda yer almas\u0131, \u00fcreticiyi daha \u00e7ok te\u015fvik ederken, \u00fcretiminin de artmas\u0131 sa\u011flanacak. \u00dcretim i\u00e7in te\u015fvik niteli\u011finde olan co\u011frafi i\u015faret tescili, Mersin Kan Portakal\u0131&#8217;n\u0131n ad\u0131n\u0131n daha \u00e7ok duyulmas\u0131na da katk\u0131 sunacak.<\/p>\n\n\n\n<p><strong>Se\u00e7er: &#8220;Mersin kan portakal\u0131 co\u011frafi i\u015faret tescili Mersinimize ve \u00fclkemize hay\u0131rl\u0131 olsun&#8221;<\/strong><\/p>\n\n\n\n<p>Mersinden Kad\u0131n Kooperatifi Y\u00f6netim Kurulu Ba\u015fkan\u0131 Meral Se\u00e7er, kan portakal\u0131 i\u00e7in co\u011frafi i\u015faret tescilini ald\u0131klar\u0131n\u0131 belirterek,&nbsp;<strong>&#8220;Mersinden Kad\u0131n Kooperatifi olarak narenciye cenneti Mersin&#8217;in \u00f6z varl\u0131\u011f\u0131 Mersin kan portakal\u0131n\u0131n co\u011frafi i\u015faretini alm\u0131\u015f bulunmaktay\u0131z. Tad\u0131n\u0131, kokusunu, rengini bu topraklardan alan ve nesli t\u00fckenmekle y\u00fcz y\u00fcze kalm\u0131\u015f Mersin kan portakal\u0131n\u0131n gelecek nesillere aktar\u0131lmas\u0131 ve \u00e7ift\u00e7ilerin \u00fcretiminden vazge\u00e7memeleri i\u00e7in kooperatif olarak 2020 y\u0131l\u0131nda \u00e7al\u0131\u015fmalar\u0131m\u0131za ba\u015flad\u0131k. Gerek ya\u015f olarak gerekse enerjisini g\u00fcne\u015ften alan kurutma tesisimizde kurutarak ulusal raflarda yer almas\u0131na vesile olduk&#8221;&nbsp;<\/strong>dedi.<\/p>\n\n\n\n<p>Se\u00e7er, co\u011frafi i\u015faret tescilinin \u00fcr\u00fcnlerin korunmas\u0131 ve hikayesinin s\u00fcrmesi i\u00e7in olduk\u00e7a \u00f6nemli oldu\u011funu ifade ederek,&nbsp;<strong>&#8220;Co\u011frafi i\u015faretli \u00fcr\u00fcnler; \u00fcr\u00fcnlerin, \u00e7evrenin ve do\u011fan\u0131n korunmas\u0131na, gastronomiye, turizme, k\u0131rsal kalk\u0131nmaya k\u0131sacas\u0131 insanlar\u0131n do\u011fdu\u011fu yerde doymas\u0131na vesile olan resmi kalite i\u015faretidir. Mersin kan portakal\u0131 co\u011frafi i\u015faret tescilinin Mersinimize ve \u00fclkemize hay\u0131rl\u0131 olmas\u0131n\u0131 diliyoruz. Bu s\u00fcre\u00e7te birlikte \u00e7al\u0131\u015ft\u0131\u011f\u0131m\u0131z Mersin B\u00fcy\u00fck\u015fehir Belediyesi Tar\u0131msal Hizmetler Dairesi Ba\u015fkanl\u0131\u011f\u0131 ekibine, Y\u00dcciTA Ba\u015fkan\u0131 Prof. Dr. Yavuz Tekeli ve Metro T\u00fcrkiye&#8217;ye te\u015fekk\u00fcr ederiz&#8221;<\/strong>&nbsp;diye konu\u015ftu.<\/p>\n","protected":false},"excerpt":{"rendered":"<p>Mersinden Kad\u0131n Kooperatifi; Mersin&#8217;e, Mersin tar\u0131m\u0131na, \u00fcretimine ve \u00e7ift\u00e7isine de\u011fer katan \u00e7al\u0131\u015fmalar\u0131n\u0131 s\u00fcrd\u00fcr\u00fcyor. Kuruldu\u011fu g\u00fcnden bu yana y\u00fcr\u00fctt\u00fc\u011f\u00fc projelerle Mersin&#8217;in hem tar\u0131msal \u00fcretimine hem \u00e7ift\u00e7isine hem de \u00fcreticisine katk\u0131 sunan Mersinden Kad\u0131n Kooperatifi, nesli t\u00fckenmekte olan Moro cinsi Kan Portakal\u0131&#8217;n\u0131n co\u011frafi i\u015faret tescilini alarak narenciye cenneti Mersin i\u00e7in \u00f6nemli bir \u00e7al\u0131\u015fmaya daha imza atm\u0131\u015f oldu. [&hellip;]<\/p>\n","protected":false},"author":2,"featured_media":34680,"comment_status":"closed","ping_status":"closed","sticky":false,"template":"","format":"standard","meta":{"footnotes":""},"categories":[7,34,2,3],"tags":[],"class_list":["post-34679","post","type-post","status-publish","format-standard","has-post-thumbnail","hentry","category-dunya","category-flas-haber","category-gundem","category-manset"],"views":8,"_links":{"self":[{"href":"https:\/\/mersinkadingazetesi.com\/index.php?rest_route=\/wp\/v2\/posts\/34679"}],"collection":[{"href":"https:\/\/mersinkadingazetesi.com\/index.php?rest_route=\/wp\/v2\/posts"}],"about":[{"href":"https:\/\/mersinkadingazetesi.com\/index.php?rest_route=\/wp\/v2\/types\/post"}],"author":[{"embeddable":true,"href":"https:\/\/mersinkadingazetesi.com\/index.php?rest_route=\/wp\/v2\/users\/2"}],"replies":[{"embeddable":true,"href":"https:\/\/mersinkadingazetesi.com\/index.php?rest_route=%2Fwp%2Fv2%2Fcomments&post=34679"}],"version-history":[{"count":1,"href":"https:\/\/mersinkadingazetesi.com\/index.php?rest_route=\/wp\/v2\/posts\/34679\/revisions"}],"predecessor-version":[{"id":34681,"href":"https:\/\/mersinkadingazetesi.com\/index.php?rest_route=\/wp\/v2\/posts\/34679\/revisions\/34681"}],"wp:featuredmedia":[{"embeddable":true,"href":"https:\/\/mersinkadingazetesi.com\/index.php?rest_route=\/wp\/v2\/media\/34680"}],"wp:attachment":[{"href":"https:\/\/mersinkadingazetesi.com\/index.php?rest_route=%2Fwp%2Fv2%2Fmedia&parent=34679"}],"wp:term":[{"taxonomy":"category","embeddable":true,"href":"https:\/\/mersinkadingazetesi.com\/index.php?rest_route=%2Fwp%2Fv2%2Fcategories&post=34679"},{"taxonomy":"post_tag","embeddable":true,"href":"https:\/\/mersinkadingazetesi.com\/index.php?rest_route=%2Fwp%2Fv2%2Ftags&post=34679"}],"curies":[{"name":"wp","href":"https:\/\/api.w.org\/{rel}","templated":true}]}}