{"id":34689,"date":"2024-08-22T17:01:25","date_gmt":"2024-08-22T14:01:25","guid":{"rendered":"https:\/\/mersinkadingazetesi.com\/?p=34689"},"modified":"2024-08-22T17:01:25","modified_gmt":"2024-08-22T14:01:25","slug":"bekirde-mahallesinin-yollari-soguk-asfaltla-kaplandi","status":"publish","type":"post","link":"https:\/\/mersinkadingazetesi.com\/?p=34689","title":{"rendered":"BEK\u0130RDE MAHALLES\u0130N\u0130N YOLLARI SO\u011eUK ASFALTLA KAPLANDI"},"content":{"rendered":"\n<p>Akdeniz Belediyesi, tar\u0131msal \u00fcretimin yo\u011fun oldu\u011fu mahallelerin yollar\u0131nda so\u011fuk asfalt (sathi kaplama) \u00e7al\u0131\u015fmalar\u0131na devam ediyor. Yenilenen yollar sayesinde \u00fcreticilerin ula\u015f\u0131mda yer yer ya\u015fad\u0131\u011f\u0131 s\u0131k\u0131nt\u0131lar ortadan kalkarken, b\u00f6lge sakinlerinin de ya\u015fam\u0131 kolayla\u015f\u0131yor.<\/p>\n\n\n\n<p>Akdeniz Belediyesi Fen \u0130\u015fleri M\u00fcd\u00fcrl\u00fc\u011f\u00fc, k\u0131rsal-merkez ay\u0131rt etmeden il\u00e7e genelinde ula\u015f\u0131m sorununu ortadan kald\u0131rmak ad\u0131na s\u0131cak ve so\u011fuk asfalt \u00e7al\u0131\u015fmalar\u0131n\u0131 aral\u0131ks\u0131z s\u00fcrd\u00fcr\u00fcyor. Bu kapsamda a\u011f\u0131r i\u015f makineleri deste\u011fiyle Bekirde Mahallesi\u2019nin yollar\u0131nda sathi kaplama \u00e7al\u0131\u015fmalar\u0131 ba\u015flat\u0131ld\u0131. Hizmete tan\u0131k olan Bekirde Mahallesi sakinleri, her t\u00fcrl\u00fc ula\u015f\u0131mlar\u0131n\u0131 kolayla\u015ft\u0131ran ve ya\u015fad\u0131klar\u0131 b\u00f6lgenin \u00e7ehresini de\u011fi\u015ftiren hizmet nedeniyle hem E\u015f Ba\u015fkanlar Nuriye Arslan ve Ho\u015fyar Sar\u0131y\u0131ld\u0131z, hem de a\u015f\u0131r\u0131 s\u0131ca\u011fa ra\u011fmen \u00e7al\u0131\u015fmalar\u0131 y\u00fcr\u00fcten fen i\u015fleri ekiplerine te\u015fekk\u00fcr etti.<\/p>\n\n\n\n<p>\u201cMahallemizin en \u00fccra k\u00f6\u015felerine hizmet veriliyor\u201d<\/p>\n\n\n\n<p>Hizmetten duydu\u011fu memnuniyeti dile getiren Bekirde Mahallesi Muhtar\u0131 Cemil Hardal; \u201cBekirde Mahallemizin \u00fccra k\u00f6\u015felerine y\u0131llard\u0131r yap\u0131lmam\u0131\u015f bir hizmet veriliyor. Bu sebeple Akdeniz Belediyesi E\u015f Ba\u015fkanlar\u0131m\u0131z Say\u0131n Ho\u015fyar Sar\u0131y\u0131ld\u0131z ve Say\u0131n Nuriye Arslan\u2019a, ayr\u0131ca fen i\u015fleri m\u00fcd\u00fcrl\u00fc\u011f\u00fc ekiplerine \u00e7ok te\u015fekk\u00fcr ediyorum\u201d \u015feklinde konu\u015ftu.<\/p>\n\n\n\n<p>\u00d6te yandan Fen \u0130\u015fleri M\u00fcd\u00fcrl\u00fc\u011f\u00fc, haz\u0131rlad\u0131\u011f\u0131 plan ve program kapsam\u0131nda ihtiya\u00e7 duyan her yerle\u015fim yerinde, s\u0131cak ve so\u011fuk asfalt serim \u00e7al\u0131\u015fmalar\u0131na, yeni yollar a\u00e7ma hizmetine devam edecek.<\/p>\n","protected":false},"excerpt":{"rendered":"<p>Akdeniz Belediyesi, tar\u0131msal \u00fcretimin yo\u011fun oldu\u011fu mahallelerin yollar\u0131nda so\u011fuk asfalt (sathi kaplama) \u00e7al\u0131\u015fmalar\u0131na devam ediyor. Yenilenen yollar sayesinde \u00fcreticilerin ula\u015f\u0131mda yer yer ya\u015fad\u0131\u011f\u0131 s\u0131k\u0131nt\u0131lar ortadan kalkarken, b\u00f6lge sakinlerinin de ya\u015fam\u0131 kolayla\u015f\u0131yor. Akdeniz Belediyesi Fen \u0130\u015fleri M\u00fcd\u00fcrl\u00fc\u011f\u00fc, k\u0131rsal-merkez ay\u0131rt etmeden il\u00e7e genelinde ula\u015f\u0131m sorununu ortadan kald\u0131rmak ad\u0131na s\u0131cak ve so\u011fuk asfalt \u00e7al\u0131\u015fmalar\u0131n\u0131 aral\u0131ks\u0131z s\u00fcrd\u00fcr\u00fcyor. Bu kapsamda [&hellip;]<\/p>\n","protected":false},"author":2,"featured_media":34690,"comment_status":"closed","ping_status":"closed","sticky":false,"template":"","format":"standard","meta":{"footnotes":""},"categories":[3],"tags":[],"class_list":["post-34689","post","type-post","status-publish","format-standard","has-post-thumbnail","hentry","category-manset"],"views":4,"_links":{"self":[{"href":"https:\/\/mersinkadingazetesi.com\/index.php?rest_route=\/wp\/v2\/posts\/34689"}],"collection":[{"href":"https:\/\/mersinkadingazetesi.com\/index.php?rest_route=\/wp\/v2\/posts"}],"about":[{"href":"https:\/\/mersinkadingazetesi.com\/index.php?rest_route=\/wp\/v2\/types\/post"}],"author":[{"embeddable":true,"href":"https:\/\/mersinkadingazetesi.com\/index.php?rest_route=\/wp\/v2\/users\/2"}],"replies":[{"embeddable":true,"href":"https:\/\/mersinkadingazetesi.com\/index.php?rest_route=%2Fwp%2Fv2%2Fcomments&post=34689"}],"version-history":[{"count":1,"href":"https:\/\/mersinkadingazetesi.com\/index.php?rest_route=\/wp\/v2\/posts\/34689\/revisions"}],"predecessor-version":[{"id":34691,"href":"https:\/\/mersinkadingazetesi.com\/index.php?rest_route=\/wp\/v2\/posts\/34689\/revisions\/34691"}],"wp:featuredmedia":[{"embeddable":true,"href":"https:\/\/mersinkadingazetesi.com\/index.php?rest_route=\/wp\/v2\/media\/34690"}],"wp:attachment":[{"href":"https:\/\/mersinkadingazetesi.com\/index.php?rest_route=%2Fwp%2Fv2%2Fmedia&parent=34689"}],"wp:term":[{"taxonomy":"category","embeddable":true,"href":"https:\/\/mersinkadingazetesi.com\/index.php?rest_route=%2Fwp%2Fv2%2Fcategories&post=34689"},{"taxonomy":"post_tag","embeddable":true,"href":"https:\/\/mersinkadingazetesi.com\/index.php?rest_route=%2Fwp%2Fv2%2Ftags&post=34689"}],"curies":[{"name":"wp","href":"https:\/\/api.w.org\/{rel}","templated":true}]}}