{"id":34695,"date":"2024-08-23T12:26:36","date_gmt":"2024-08-23T09:26:36","guid":{"rendered":"https:\/\/mersinkadingazetesi.com\/?p=34695"},"modified":"2024-08-23T12:26:36","modified_gmt":"2024-08-23T09:26:36","slug":"secer-ukraynanin-bagimsizlik-gununu-kutladi-dilegimiz-tum-dunyada-barisin-hukum-surmesi","status":"publish","type":"post","link":"https:\/\/mersinkadingazetesi.com\/?p=34695","title":{"rendered":"SE\u00c7ER, UKRAYNA&#8217;NIN BA\u011eIMSIZLIK G\u00dcN\u00dc&#8217;N\u00dc KUTLADI: &#8220;D\u0130LE\u011e\u0130M\u0130Z T\u00dcM D\u00dcNYADA BARI\u015eIN H\u00dcK\u00dcM S\u00dcRMES\u0130&#8221;"},"content":{"rendered":"\n<p>Mersin Ukrayna Yard\u0131mla\u015fma ve Dayan\u0131\u015fma Derne\u011fi Ba\u015fkan Yard\u0131mc\u0131s\u0131 Ludmila Ard\u0131\u00e7, dernek \u00fcyeleri ve \u00e7ocuklar\u0131, Mersin B\u00fcy\u00fck\u015fehir Belediye Ba\u015fkan\u0131 Vahap Se\u00e7er&#8217;i ziyaret etti.<\/p>\n\n\n\n<p>Ziyarette Ba\u015fkan Se\u00e7er; modern crossover orkestras\u0131 Prime Orkestra&#8217;n\u0131n Dance Sympho Show 80&#8217;ler-90&#8217;lar program\u0131yla 17 Eyl\u00fcl 2024 Sal\u0131 g\u00fcn\u00fc saat 20.00&#8217;de Yeni\u015fehir Belediyesi Atat\u00fcrk K\u00fclt\u00fcr Merkezi&#8217;nde ger\u00e7ekle\u015ftirilecek olan konsere onur konu\u011fu olarak davet edildi. Ayr\u0131ca, Ba\u015fkan Yard\u0131mc\u0131s\u0131 Ludmila Ard\u0131\u00e7 ve dernek \u00fcyeleri; Mersin B\u00fcy\u00fck\u015fehir Belediyesi D\u0131\u015f \u0130li\u015fkiler ve Projeler \u015eube M\u00fcd\u00fcrl\u00fc\u011f\u00fc taraf\u0131ndan kendilerine sa\u011flanan destekler i\u00e7in de Ba\u015fkan Se\u00e7er&#8217;e te\u015fekk\u00fcrlerini iletti.<\/p>\n\n\n\n<p><strong>Se\u00e7er miniklerle keyifli bir sohbet ge\u00e7irdi<\/strong><\/p>\n\n\n\n<p>Ziyarette \u00e7ocuklar taraf\u0131ndan Ba\u015fkan Se\u00e7er&#8217;e; \u00fczerinde &#8216;<strong>Ukrayna-T\u00fcrkiye&#8217;&nbsp;<\/strong>yaz\u0131l\u0131 pasta hediye edilirken, ziyaret sonunda da yine \u00e7ocuklar taraf\u0131ndan kendi dillerinde \u015fark\u0131 s\u00f6ylendi. Ziyarette \u00e7ocuklarla tek tek tan\u0131\u015fan Ba\u015fkan Se\u00e7er, onlarla bol bol sohbet etti.<\/p>\n\n\n\n<p><strong>Se\u00e7er, Ukrayna&#8217;n\u0131n Ba\u011f\u0131ms\u0131zl\u0131k G\u00fcn\u00fc&#8217;n\u00fc kutlad\u0131<\/strong><\/p>\n\n\n\n<p>Ukrayna&#8217;n\u0131n Ba\u011f\u0131ms\u0131zl\u0131k G\u00fcn\u00fc&#8217;n\u00fc kutlayarak konu\u015fmas\u0131na ba\u015flayan Ba\u015fkan Se\u00e7er<strong>, &#8220;Umut ederim Ukrayna&#8217;da sava\u015f da bir an \u00f6nce sona erer. Bar\u0131\u015f olur. Kimse \u00fcz\u00fclmez. \u00c7ocuklar \u00f6lmez. \u00c7ocuklar annesiz, babas\u0131z kalmaz. Dile\u011fimiz t\u00fcm d\u00fcnyada bar\u0131\u015f\u0131n h\u00fck\u00fcm s\u00fcrmesi&#8221;<\/strong>&nbsp;dedi ve dernek hakk\u0131nda bilgiler ald\u0131. Ba\u015fkan Yard\u0131mc\u0131s\u0131 Ard\u0131\u00e7 da yakla\u015f\u0131k 500 \u00fcyelerinin oldu\u011fundan s\u00f6z etti.<\/p>\n\n\n\n<p>Dernek \u00fcyeleri de destekler i\u00e7in te\u015fekk\u00fcr ederken, T\u00fcrkiye&#8217;deki okullarda \u00e7ocuklar\u0131n\u0131n \u00e7ok iyi e\u011fitim ald\u0131klar\u0131ndan bahsettiler. \u00c7e\u015fitli kurs imkanlar\u0131n\u0131n aileleri ve \u00e7ocuklar\u0131 da mutlu etti\u011finden s\u00f6z eden \u00fcyeler, Mersin&#8217;deki imkanlar\u0131n \u00e7o\u011funa Ukrayna&#8217;da sahip olmad\u0131klar\u0131ndan da bahsettiler. \u00c7ocuklar\u0131n\u0131n rahat ve huzurlu bir bi\u00e7imde Mersin&#8217;de e\u011fitim ald\u0131klar\u0131n\u0131 ifade eden \u00fcyeler, memnuniyetlerini dile getirdiler.<\/p>\n\n\n\n<p>Ziyarette ayr\u0131ca Eyl\u00fcl ay\u0131nda yapmay\u0131 planlad\u0131klar\u0131 sergiye de Ba\u015fkan Se\u00e7er&#8217;i davet eden \u00fcyeler, serginin gelirinin de Ukrayna&#8217;daki sava\u015ftan etkilenen \u00e7ocuklara gidece\u011fini belirttiler.<\/p>\n\n\n\n<p>Ziyaret sonunda minikler Ba\u015fkan Se\u00e7er&#8217;e kendi dillerinde \u015fark\u0131 s\u00f6yledi, ziyarette e\u011flenceli anlar ya\u015fand\u0131. Se\u00e7er, \u015fark\u0131 s\u00f6yleyen \u00e7ocuklara te\u015fekk\u00fcr ederek, onlar\u0131 alk\u0131\u015flad\u0131.&nbsp;<\/p>\n","protected":false},"excerpt":{"rendered":"<p>Mersin Ukrayna Yard\u0131mla\u015fma ve Dayan\u0131\u015fma Derne\u011fi Ba\u015fkan Yard\u0131mc\u0131s\u0131 Ludmila Ard\u0131\u00e7, dernek \u00fcyeleri ve \u00e7ocuklar\u0131, Mersin B\u00fcy\u00fck\u015fehir Belediye Ba\u015fkan\u0131 Vahap Se\u00e7er&#8217;i ziyaret etti. Ziyarette Ba\u015fkan Se\u00e7er; modern crossover orkestras\u0131 Prime Orkestra&#8217;n\u0131n Dance Sympho Show 80&#8217;ler-90&#8217;lar program\u0131yla 17 Eyl\u00fcl 2024 Sal\u0131 g\u00fcn\u00fc saat 20.00&#8217;de Yeni\u015fehir Belediyesi Atat\u00fcrk K\u00fclt\u00fcr Merkezi&#8217;nde ger\u00e7ekle\u015ftirilecek olan konsere onur konu\u011fu olarak davet edildi. [&hellip;]<\/p>\n","protected":false},"author":2,"featured_media":34696,"comment_status":"closed","ping_status":"closed","sticky":false,"template":"","format":"standard","meta":{"footnotes":""},"categories":[7,3],"tags":[],"class_list":["post-34695","post","type-post","status-publish","format-standard","has-post-thumbnail","hentry","category-dunya","category-manset"],"views":2,"_links":{"self":[{"href":"https:\/\/mersinkadingazetesi.com\/index.php?rest_route=\/wp\/v2\/posts\/34695"}],"collection":[{"href":"https:\/\/mersinkadingazetesi.com\/index.php?rest_route=\/wp\/v2\/posts"}],"about":[{"href":"https:\/\/mersinkadingazetesi.com\/index.php?rest_route=\/wp\/v2\/types\/post"}],"author":[{"embeddable":true,"href":"https:\/\/mersinkadingazetesi.com\/index.php?rest_route=\/wp\/v2\/users\/2"}],"replies":[{"embeddable":true,"href":"https:\/\/mersinkadingazetesi.com\/index.php?rest_route=%2Fwp%2Fv2%2Fcomments&post=34695"}],"version-history":[{"count":1,"href":"https:\/\/mersinkadingazetesi.com\/index.php?rest_route=\/wp\/v2\/posts\/34695\/revisions"}],"predecessor-version":[{"id":34697,"href":"https:\/\/mersinkadingazetesi.com\/index.php?rest_route=\/wp\/v2\/posts\/34695\/revisions\/34697"}],"wp:featuredmedia":[{"embeddable":true,"href":"https:\/\/mersinkadingazetesi.com\/index.php?rest_route=\/wp\/v2\/media\/34696"}],"wp:attachment":[{"href":"https:\/\/mersinkadingazetesi.com\/index.php?rest_route=%2Fwp%2Fv2%2Fmedia&parent=34695"}],"wp:term":[{"taxonomy":"category","embeddable":true,"href":"https:\/\/mersinkadingazetesi.com\/index.php?rest_route=%2Fwp%2Fv2%2Fcategories&post=34695"},{"taxonomy":"post_tag","embeddable":true,"href":"https:\/\/mersinkadingazetesi.com\/index.php?rest_route=%2Fwp%2Fv2%2Ftags&post=34695"}],"curies":[{"name":"wp","href":"https:\/\/api.w.org\/{rel}","templated":true}]}}