{"id":34698,"date":"2024-08-23T12:28:16","date_gmt":"2024-08-23T09:28:16","guid":{"rendered":"https:\/\/mersinkadingazetesi.com\/?p=34698"},"modified":"2024-08-23T12:28:16","modified_gmt":"2024-08-23T09:28:16","slug":"ekmenden-kanun-teklifi-vakif-universiteleri-ve-ozel-yurtlarin-ucret-artis-oranlari-enflasyon-oranini-gecmesin","status":"publish","type":"post","link":"https:\/\/mersinkadingazetesi.com\/?p=34698","title":{"rendered":"Ekmen\u2019den kanun teklifi: Vak\u0131f \u00fcniversiteleri ve \u00f6zel yurtlar\u0131n \u00fccret art\u0131\u015f oranlar\u0131, enflasyon oran\u0131n\u0131 ge\u00e7mesin\u00a0"},"content":{"rendered":"\n<figure class=\"wp-block-table\"><table class=\"has-fixed-layout\"><tbody><tr><td><strong>DEVA Partisi Genel Ba\u015fkan Yard\u0131mc\u0131s\u0131 Mehmet Emin Ekmen, e\u011fitim ve \u00f6\u011fretim d<\/strong><strong>\u00f6<\/strong><strong>neminin ba\u015flamas\u0131na k\u0131sa bir s\u00fcre kala&nbsp;<\/strong><strong>\u00f6<\/strong><strong>zel yurt ve vak\u0131<\/strong><strong>f&nbsp;<\/strong><strong>\u00fcniversitelerinin fahi\u015f \u00fc<\/strong><strong>cret art<\/strong><strong>\u0131\u015flar\u0131ndan kaynaklanan \u015fikayetlerin son bulmas\u0131 i\u00e7in&nbsp;<\/strong><strong>\u201c<\/strong><strong>kay\u0131<\/strong><strong>t y<\/strong><strong>\u0131l\u0131 fiyat tarifesi esas al\u0131narak, Toptan E\u015fya Fiyat Endeksi (TEFE) ve T\u00fcketici Fiyat Endeksi (T<\/strong><strong>\u00dc<\/strong><strong>FE) oran\u0131na sabitlenmesi\u201d y<\/strong><strong>\u00f6<\/strong><strong>n\u00fcnde kanun teklifi verdi.&nbsp;<\/strong><strong>&nbsp;<\/strong>S\u00f6z konusu teklifin kabul\u00fc halinde e\u011fitim ve bar\u0131nma bedellerindeki art\u0131\u015f\u0131n kontrol edilece\u011fini s\u00f6yleyen Ekmen, \u201cBu d\u00fczenleme ailelerin ve \u00f6\u011frencilerin maliyet bask\u0131s\u0131 alt\u0131nda ezilmesini&nbsp;\u00f6nleyecektir.\u201d dedi.&nbsp;DEVA Partisi Genel Ba\u015fkan Yard\u0131mc\u0131s\u0131 ve Mersin Milletvekili Mehmet Emin Ekmen, e\u011fitim ve \u00f6\u011fretim d\u00f6neminin ba\u015flamas\u0131na k\u0131sa bir s\u00fcre kala bar\u0131nma fiyatlar\u0131 ba\u015fta olmak \u00fczere artan \u00fcniversite fiyatlar\u0131na kar\u015f\u0131 \u00f6\u011frencilerin ezilmemesi ve&nbsp;\u201cToptan E\u015fya Fiyat Endeksi (TEFE) ve T\u00fcketici Fiyat Endeksi (T\u00dcFE) oran\u0131na sabitlenmesi\u201d i\u00e7in T\u00fcrkiye B\u00fcy\u00fck Millet Meclisi (TBMM) Ba\u015fkanl\u0131\u011f\u0131na Y\u00fcksek\u00f6\u011fretim Kanunu\u2019nda de\u011fi\u015fiklik yap\u0131lmas\u0131na dair kanun teklifi sundu.&nbsp;&nbsp;Meclis \u00e7al\u0131\u015fmalar\u0131nda konuyu her f\u0131rsatta g\u00fcndeme getiren Ekmen, \u00f6\u011frenci ve velilerin artan maliyetler alt\u0131nda ezilmemesi i\u00e7in gerekli ad\u0131mlar\u0131n h\u0131zl\u0131ca at\u0131lmas\u0131n\u0131 istedi.&nbsp;<strong>\u201c<\/strong><strong>TEFE&nbsp;<\/strong><strong>\u0130<\/strong><strong>LE T<\/strong><strong>\u00dc<\/strong><strong>FE ORANLARIYLA SAB\u0130<\/strong><strong>TLENS<\/strong><strong>\u0130N\u201d<\/strong>T\u00fcrkiye&#8217;de&nbsp;\u00f6zel yurt ve vak\u0131f&nbsp;\u00fcniversitelerinin e\u011fitim ve bar\u0131nma hizmetleri i\u00e7in talep ettikleri \u00fccretlerin enflasyon nedeniyle fahi\u015f rakamlara \u00e7\u0131kt\u0131\u011f\u0131n\u0131 dile getiren Ekmen,&nbsp;\u201cBu durum, \u00f6\u011frenci ve velileri ciddi \u015fekilde ma\u011fdur etmekte ve bir\u00e7ok&nbsp;\u00f6\u011frenci, ekonomik nedenlerden dolay\u0131 kay\u0131tlar\u0131n\u0131 sildirmek zorunda kalmaktad\u0131r. E\u011fitim hakk\u0131n\u0131n korunmas\u0131&nbsp;ve f\u0131rsat e\u015fitli\u011finin sa\u011flanmas\u0131 ad\u0131na, bu ma\u011fduriyetlerin&nbsp;\u00f6n\u00fcne ge\u00e7ilmesi b\u00fcy\u00fck&nbsp;\u00f6nem arz etmektedir. \u00d6\u011frenci ve velilerin maddi y\u00fck\u00fcn\u00fc hafifletmek amac\u0131yla, her y\u0131l yap\u0131lacak zam oranlar\u0131n\u0131n, kay\u0131t y\u0131l\u0131 fiyat tarifesi esas al\u0131narak Toptan E\u015fya Fiyat Endeksi (TEFE) ve T\u00fcketici Fiyat Endeksi (T\u00dcFE) oran\u0131na sabitlenmesi gerekmektedir. Bu d\u00fczenleme, e\u011fitim ve bar\u0131nma hizmetleri bedellerindeki art\u0131\u015flar\u0131n kontrol alt\u0131na al\u0131nmas\u0131n\u0131 sa\u011flayarak, ailelerin ve \u00f6\u011frencilerin maliyet bask\u0131s\u0131 alt\u0131nda ezilmesini&nbsp;\u00f6nleyecektir.\u201d ifadelerini kulland\u0131.&nbsp;&nbsp;<strong>YILLIK ARTI<\/strong><strong>\u015e T<\/strong><strong>\u00dc<\/strong><strong>FE ORANLARINI A\u015e<\/strong><strong>MAMALI<\/strong>&nbsp;Kanun teklifinde Ekmen, TEFE\u2019nin ve T\u00dcFE oran\u0131na sabitlenmesinin e\u011fitimde f\u0131rsat e\u015fitli\u011fi ile sosyal adaletin sa\u011flayaca\u011f\u0131n\u0131n alt\u0131n\u0131 \u00e7izerek,&nbsp;\u201cBu gerek\u00e7elerle haz\u0131rlanan kanun teklifi ile 2547 say\u0131l\u0131&nbsp;Y\u00fcksek\u00f6\u011fretim Kanunu&#8217;nda de\u011fi\u015fiklik yap\u0131larak, \u00f6\u011frenci ve velilerin ekonomik olarak daha fazla ma\u011fdur edilmemesi hedeflenmektedir. Bu d\u00fczenlemeler ile&nbsp;\u00f6zel e\u011fitim ve bar\u0131nma hizmetlerinde fiyat art\u0131\u015flar\u0131n\u0131n makul seviyelerde tutulmas\u0131 ve e\u011fitimde s\u00fcreklili\u011fin sa\u011flanmas\u0131 ama\u00e7lanmaktad\u0131r. Kanun teklifi ile bar\u0131nma ihtiya\u00e7lar\u0131n\u0131 kar\u015f\u0131lamas\u0131 ve bu hizmetlerin \u00fccretlerinin y\u0131ll\u0131k art\u0131\u015f oranlar\u0131n\u0131n T\u00dcFE oran\u0131n\u0131 a\u015fmamas\u0131, ayr\u0131ca&nbsp;\u00f6zel \u00f6\u011fretim kurumlar\u0131n\u0131n y\u0131ll\u0131k \u00f6\u011frenim \u00fccreti art\u0131\u015flar\u0131n\u0131n T\u00dcFE oran\u0131 ile s\u0131n\u0131rland\u0131r\u0131lmas\u0131 \u00f6ng\u00f6r\u00fclmektedir. Bu d\u00fczenlemelerle, \u00f6\u011frenci ve velilerin ekonomik zorluklar nedeniyle e\u011fitim haklar\u0131ndan mahrum kalmas\u0131n\u0131n&nbsp;\u00f6n\u00fcne ge\u00e7ilmesi planlanmaktad\u0131r.\u201d de\u011ferlendirmesinde bulundu.<\/td><\/tr><\/tbody><\/table><\/figure>\n","protected":false},"excerpt":{"rendered":"<p>DEVA Partisi Genel Ba\u015fkan Yard\u0131mc\u0131s\u0131 Mehmet Emin Ekmen, e\u011fitim ve \u00f6\u011fretim d\u00f6neminin ba\u015flamas\u0131na k\u0131sa bir s\u00fcre kala&nbsp;\u00f6zel yurt ve vak\u0131f&nbsp;\u00fcniversitelerinin fahi\u015f \u00fccret art\u0131\u015flar\u0131ndan kaynaklanan \u015fikayetlerin son bulmas\u0131 i\u00e7in&nbsp;\u201ckay\u0131t y\u0131l\u0131 fiyat tarifesi esas al\u0131narak, Toptan E\u015fya Fiyat Endeksi (TEFE) ve T\u00fcketici Fiyat Endeksi (T\u00dcFE) oran\u0131na sabitlenmesi\u201d y\u00f6n\u00fcnde kanun teklifi verdi.&nbsp;&nbsp;S\u00f6z konusu teklifin kabul\u00fc halinde e\u011fitim ve [&hellip;]<\/p>\n","protected":false},"author":2,"featured_media":34381,"comment_status":"closed","ping_status":"closed","sticky":false,"template":"","format":"standard","meta":{"footnotes":""},"categories":[1,2,3,6],"tags":[],"class_list":["post-34698","post","type-post","status-publish","format-standard","has-post-thumbnail","hentry","category-genel","category-gundem","category-manset","category-siyaset-2"],"views":5,"_links":{"self":[{"href":"https:\/\/mersinkadingazetesi.com\/index.php?rest_route=\/wp\/v2\/posts\/34698"}],"collection":[{"href":"https:\/\/mersinkadingazetesi.com\/index.php?rest_route=\/wp\/v2\/posts"}],"about":[{"href":"https:\/\/mersinkadingazetesi.com\/index.php?rest_route=\/wp\/v2\/types\/post"}],"author":[{"embeddable":true,"href":"https:\/\/mersinkadingazetesi.com\/index.php?rest_route=\/wp\/v2\/users\/2"}],"replies":[{"embeddable":true,"href":"https:\/\/mersinkadingazetesi.com\/index.php?rest_route=%2Fwp%2Fv2%2Fcomments&post=34698"}],"version-history":[{"count":1,"href":"https:\/\/mersinkadingazetesi.com\/index.php?rest_route=\/wp\/v2\/posts\/34698\/revisions"}],"predecessor-version":[{"id":34699,"href":"https:\/\/mersinkadingazetesi.com\/index.php?rest_route=\/wp\/v2\/posts\/34698\/revisions\/34699"}],"wp:featuredmedia":[{"embeddable":true,"href":"https:\/\/mersinkadingazetesi.com\/index.php?rest_route=\/wp\/v2\/media\/34381"}],"wp:attachment":[{"href":"https:\/\/mersinkadingazetesi.com\/index.php?rest_route=%2Fwp%2Fv2%2Fmedia&parent=34698"}],"wp:term":[{"taxonomy":"category","embeddable":true,"href":"https:\/\/mersinkadingazetesi.com\/index.php?rest_route=%2Fwp%2Fv2%2Fcategories&post=34698"},{"taxonomy":"post_tag","embeddable":true,"href":"https:\/\/mersinkadingazetesi.com\/index.php?rest_route=%2Fwp%2Fv2%2Ftags&post=34698"}],"curies":[{"name":"wp","href":"https:\/\/api.w.org\/{rel}","templated":true}]}}