{"id":34700,"date":"2024-08-23T12:32:07","date_gmt":"2024-08-23T09:32:07","guid":{"rendered":"https:\/\/mersinkadingazetesi.com\/?p=34700"},"modified":"2024-08-23T12:32:08","modified_gmt":"2024-08-23T09:32:08","slug":"baskan-isikbay-bu-ihmalkarlik-affedilemez","status":"publish","type":"post","link":"https:\/\/mersinkadingazetesi.com\/?p=34700","title":{"rendered":"BA\u015eKAN I\u015eIKBAY BU \u0130HMALK\u00c2RLIK AFFED\u0130LEMEZ!"},"content":{"rendered":"\n<p>Demokrasi ve At\u0131l\u0131m Partisi (DEVA) Mersin \u0130l Ba\u015fkan\u0131 Taner I\u015f\u0131kbay, Ege b\u00f6lgesinde ya\u015fanan orman yang\u0131nlar\u0131na kar\u015f\u0131 h\u00fck\u00fcmetin ihmalkar tutumunu sert bir \u015fekilde ele\u015ftirdi. I\u015f\u0131kbay, yang\u0131nlarla m\u00fccadelede gerekli \u00f6nlemlerin al\u0131nmad\u0131\u011f\u0131n\u0131 belirterek, h\u00fck\u00fcmetin &#8220;itibardan tasarruf olmaz&#8221; diyerek gerekli yang\u0131n s\u00f6nd\u00fcrme u\u00e7aklar\u0131n\u0131 almamas\u0131n\u0131 b\u00fcy\u00fck bir hata olarak nitelendirdi.<\/p>\n\n\n\n<p>Taner I\u015f\u0131kbay, Ege&#8217;deki orman yang\u0131nlar\u0131n\u0131n \u00fclkemizin do\u011fal g\u00fczelliklerini ve ekosistemini yok etti\u011fini ifade ederek: &#8220;Her y\u0131l ayn\u0131 manzaray\u0131 g\u00f6rmekten b\u0131kt\u0131k. Orman yang\u0131nlar\u0131 kar\u015f\u0131s\u0131nda \u00e7aresiz kal\u0131yoruz, \u00e7\u00fcnk\u00fc iktidar bu konuda \u00fczerine d\u00fc\u015fen sorumlulu\u011fu yerine getirmiyor. &#8216;\u0130tibardan tasarruf olmaz&#8217; diyerek l\u00fcks harcamalardan ka\u00e7\u0131nmayan iktidar, ne yaz\u0131k ki yang\u0131n s\u00f6nd\u00fcrme u\u00e7aklar\u0131n\u0131 temin etmekten ka\u00e7\u0131n\u0131yor. Bu ihmalkarl\u0131k, do\u011fam\u0131z\u0131n ve gelece\u011fimizin yok olmas\u0131na neden oluyor. Yang\u0131n s\u00f6nd\u00fcrme u\u00e7aklar\u0131 ve helikopterleri, yang\u0131nlarla m\u00fccadelede hayati \u00f6neme sahiptir. Ancak iktidar\u0131n bu konuda yeterli ad\u0131mlar\u0131 atmad\u0131\u011f\u0131n\u0131 g\u00f6r\u00fcyoruz. Halk\u0131m\u0131z yang\u0131nlarla m\u00fccadele ederken, h\u00fck\u00fcmetin pasif kalmas\u0131 kabul edilemez. Ormanlar\u0131m\u0131z\u0131 korumak, gelece\u011fimizi korumakt\u0131r. Bu \u00fclkenin do\u011fas\u0131n\u0131 ve ye\u015filini korumak i\u00e7in kararl\u0131 ad\u0131mlar atmak zorunday\u0131z. Yang\u0131nlarla m\u00fccadele eden kahraman itfaiyecilerimizin yan\u0131nda olmal\u0131, onlara en iyi imkanlar\u0131 sunmal\u0131y\u0131z. Bu sorumluluk hepimizin, ama en \u00e7ok da \u00fclkeyi y\u00f6netenlerin omuzlar\u0131ndad\u0131r&#8221; dedi.<\/p>\n","protected":false},"excerpt":{"rendered":"<p>Demokrasi ve At\u0131l\u0131m Partisi (DEVA) Mersin \u0130l Ba\u015fkan\u0131 Taner I\u015f\u0131kbay, Ege b\u00f6lgesinde ya\u015fanan orman yang\u0131nlar\u0131na kar\u015f\u0131 h\u00fck\u00fcmetin ihmalkar tutumunu sert bir \u015fekilde ele\u015ftirdi. I\u015f\u0131kbay, yang\u0131nlarla m\u00fccadelede gerekli \u00f6nlemlerin al\u0131nmad\u0131\u011f\u0131n\u0131 belirterek, h\u00fck\u00fcmetin &#8220;itibardan tasarruf olmaz&#8221; diyerek gerekli yang\u0131n s\u00f6nd\u00fcrme u\u00e7aklar\u0131n\u0131 almamas\u0131n\u0131 b\u00fcy\u00fck bir hata olarak nitelendirdi. Taner I\u015f\u0131kbay, Ege&#8217;deki orman yang\u0131nlar\u0131n\u0131n \u00fclkemizin do\u011fal g\u00fczelliklerini ve ekosistemini [&hellip;]<\/p>\n","protected":false},"author":2,"featured_media":34701,"comment_status":"closed","ping_status":"closed","sticky":false,"template":"","format":"standard","meta":{"footnotes":""},"categories":[2,3],"tags":[],"class_list":["post-34700","post","type-post","status-publish","format-standard","has-post-thumbnail","hentry","category-gundem","category-manset"],"views":4,"_links":{"self":[{"href":"https:\/\/mersinkadingazetesi.com\/index.php?rest_route=\/wp\/v2\/posts\/34700"}],"collection":[{"href":"https:\/\/mersinkadingazetesi.com\/index.php?rest_route=\/wp\/v2\/posts"}],"about":[{"href":"https:\/\/mersinkadingazetesi.com\/index.php?rest_route=\/wp\/v2\/types\/post"}],"author":[{"embeddable":true,"href":"https:\/\/mersinkadingazetesi.com\/index.php?rest_route=\/wp\/v2\/users\/2"}],"replies":[{"embeddable":true,"href":"https:\/\/mersinkadingazetesi.com\/index.php?rest_route=%2Fwp%2Fv2%2Fcomments&post=34700"}],"version-history":[{"count":1,"href":"https:\/\/mersinkadingazetesi.com\/index.php?rest_route=\/wp\/v2\/posts\/34700\/revisions"}],"predecessor-version":[{"id":34702,"href":"https:\/\/mersinkadingazetesi.com\/index.php?rest_route=\/wp\/v2\/posts\/34700\/revisions\/34702"}],"wp:featuredmedia":[{"embeddable":true,"href":"https:\/\/mersinkadingazetesi.com\/index.php?rest_route=\/wp\/v2\/media\/34701"}],"wp:attachment":[{"href":"https:\/\/mersinkadingazetesi.com\/index.php?rest_route=%2Fwp%2Fv2%2Fmedia&parent=34700"}],"wp:term":[{"taxonomy":"category","embeddable":true,"href":"https:\/\/mersinkadingazetesi.com\/index.php?rest_route=%2Fwp%2Fv2%2Fcategories&post=34700"},{"taxonomy":"post_tag","embeddable":true,"href":"https:\/\/mersinkadingazetesi.com\/index.php?rest_route=%2Fwp%2Fv2%2Ftags&post=34700"}],"curies":[{"name":"wp","href":"https:\/\/api.w.org\/{rel}","templated":true}]}}