{"id":34703,"date":"2024-08-23T12:33:47","date_gmt":"2024-08-23T09:33:47","guid":{"rendered":"https:\/\/mersinkadingazetesi.com\/?p=34703"},"modified":"2024-08-23T12:33:47","modified_gmt":"2024-08-23T09:33:47","slug":"vali-ali-hamza-pehlivan-mersin-sehit-altug-verdi-polis-meslek-egitim-merkezi-mezuniyet-torenine-katildi","status":"publish","type":"post","link":"https:\/\/mersinkadingazetesi.com\/?p=34703","title":{"rendered":"VAL\u0130 AL\u0130 HAMZA PEHL\u0130VAN, MERS\u0130N \u015eEH\u0130T ALTU\u011e VERD\u0130 POL\u0130S MESLEK E\u011e\u0130T\u0130M MERKEZ\u0130 MEZUN\u0130YET T\u00d6REN\u0130NE KATILDI"},"content":{"rendered":"\n<p>Valimiz Ali Hamza Pehlivan, Mersin \u015eehit Altu\u011f Verdi Polis Meslek E\u011fitim Merkezi (POMEM) 30. D\u00f6nem Mezuniyet T\u00f6renine kat\u0131ld\u0131.<\/p>\n\n\n\n<p>Mersin \u015eehit Altu\u011f Verdi Polis Meslek E\u011fitim Merkezi kapal\u0131 spor salonunda sayg\u0131 duru\u015fu ve \u0130stiklal Mar\u015f\u0131\u2019m\u0131z\u0131n okunmas\u0131yla ba\u015flayan t\u00f6rende bir konu\u015fma ger\u00e7ekle\u015ftiren Vali Pehlivan; \u201cBug\u00fcn okulumuz 30. d\u00f6nem mezunlar\u0131n\u0131 veriyor. 285 kad\u0131n polis karde\u015fimiz bug\u00fcn mesleklerine kavu\u015fuyor ve T\u00fcrk Polis Te\u015fkilat\u0131na dahil oluyor . Okulumuz kuruldu\u011fu 2009 y\u0131l\u0131ndan bug\u00fcne kadar 6.024 mezun vererek yurdumuzun her k\u00f6\u015fesinde g\u00f6rev yapmakta olan polisleri yeti\u015ftirmi\u015ftir.<\/p>\n\n\n\n<p>Bug\u00fcn de 30. d\u00f6nem mezunlar\u0131m\u0131z olarak gen\u00e7 karde\u015flerimizi yurdumuzun \u00e7e\u015fitli illerine, il\u00e7elerine g\u00f6nderece\u011fiz. Biliyoruz ve inan\u0131yoruz ki; Polis karde\u015flerimiz gittikleri yer, yurdumuzun hangi co\u011frafyas\u0131, hangi ili, hangi il\u00e7esi olursa olsun, vatan\u0131m\u0131z\u0131n ayr\u0131lmaz bir par\u00e7as\u0131 oldu\u011fu bilinciyle, her bir kar\u0131\u015f\u0131n\u0131n \u015eehitlerimizin kanlar\u0131yla sulanm\u0131\u015f oldu\u011fu bilinciyle hareket edeceklerdir. Her zaman \u015eehitlerimizin ve gazilerimizin manevi hat\u0131ralar\u0131na lay\u0131k olmak i\u00e7in g\u00f6rev yapacaklard\u0131r. Bu g\u00f6revlerini yaparken; hukuka, hukukun \u00fcst\u00fcnl\u00fc\u011f\u00fcne g\u00f6re hareket edecek; anayasaya, yasalara ve ilgili mevzuat h\u00fck\u00fcmlerine riayet edeceklerdir.\u201d ifadelerini kulland\u0131.<\/p>\n\n\n\n<p>Mezun olan \u00f6\u011frencilerin \u00f6nce vatan, \u00f6nce bayrak, \u00f6nce millet,\u00f6nce insan\u0131m\u0131z diyeceklerini belirten Vali Pehlivan konu\u015fmas\u0131na; \u201c\u00d6nce insan\u0131m\u0131z, vatanda\u015f\u0131m\u0131z diyerek vatanda\u015f\u0131m\u0131z\u0131n huzuru, mutlulu\u011fu, g\u00fcvenli\u011fi, esenli\u011fi diyecek ve bu bilin\u00e7le hareket edecekler. \u0130nan\u0131yoruz ve biliyoruz ki bu gen\u00e7 karde\u015flerimiz, okul s\u0131ralar\u0131nda gerek buraya gelmeden \u00f6nceki e\u011fitim s\u00fcre\u00e7lerinde gerekse burada alm\u0131\u015f olduklar\u0131 e\u011fitimler vesilesiyle \u00f6\u011frendiklerini en iyi \u015fekilde tatbik edeceklerdir. Zira, \u015fimdi art\u0131k tatbik zaman\u0131, uygulama zaman\u0131d\u0131r. Edinilen teorik bilgileri \u015fimdi hayata ge\u00e7irme zaman\u0131d\u0131r.&nbsp;<\/p>\n\n\n\n<p>Bunu yaparken de elbette \u00f6\u011frendiklerini sahaya yans\u0131tacaklar. Bununla birlikte tecr\u00fcbe biriktireceklerdir. Sahada g\u00f6revlerini icra ederken edindikleri tecr\u00fcbeleri, bilgi da\u011farc\u0131klar\u0131na ekleyerek yollar\u0131na devam edecekler. Ancak bu sayede yerlerinde saymam\u0131\u015f olacaklar ve her ge\u00e7en g\u00fcn ba\u015far\u0131 merdivenlerini birer birer yukar\u0131 do\u011fru \u00e7\u0131kacaklard\u0131r.\u201d \u015feklinde devam etti.<\/p>\n\n\n\n<p>Vali Pehlivan; \u201cBinlerce y\u0131ll\u0131k ge\u00e7mi\u015fe sahip T\u00fcrkiye Cumhuriyeti devletinin \u00fcniformas\u0131n\u0131 giydiniz. G\u00f6\u011fs\u00fcn\u00fczde rengini \u015eehitlerimizin kan\u0131ndan alan \u015fanl\u0131 bayra\u011f\u0131m\u0131z\u0131 ta\u015f\u0131yacaks\u0131n\u0131z. Sizler heyecanl\u0131s\u0131n\u0131z, bizler de heyecanl\u0131y\u0131z. Sizler gururlusunuz, bizler de gururluyuz. Heyecanl\u0131s\u0131n\u0131z, \u00e7\u00fcnk\u00fc polis te\u015fkilat\u0131 gibi 179 y\u0131ll\u0131k bir ge\u00e7mi\u015fe sahip te\u015fkilata kat\u0131l\u0131yor ve bu te\u015fkilat sayesinde devletimizin birer mensubu olarak g\u00f6rev yapmak \u00fczere yola \u00e7\u0131k\u0131yorsunuz. Bizler heyecanl\u0131y\u0131z, \u00e7\u00fcnk\u00fc sizler gibi gen\u00e7, dinamik vatan\u0131na, milletine, bayra\u011f\u0131na, milli ve manevi de\u011ferlerine ba\u011fl\u0131 p\u0131r\u0131l p\u0131r\u0131l evlatlar\u0131m\u0131z\u0131 T\u00fcrk Polis Te\u015fkilat\u0131na kazand\u0131r\u0131yoruz.&nbsp;<\/p>\n\n\n\n<p>Gururlusunuz biliyoruz. \u00c7\u00fcnk\u00fc bu \u015fanl\u0131 bayra\u011fa, bu b\u00fcy\u00fck devlete, bu aziz millete hizmet etme f\u0131rsat\u0131 elde ettiniz. Bizler de gururluyuz, \u00e7\u00fcnk\u00fc sizlerden \u00f6nce nice nice nesillerin bu devlete, bu millete hizmet etti\u011fi gibi sizler de bu hizmet bayra\u011f\u0131n\u0131 al\u0131p en yukar\u0131lara do\u011fru ta\u015f\u0131ma gayreti i\u00e7erisinde olacaks\u0131n\u0131z.<\/p>\n\n\n\n<p>K\u00f6k\u00fcm\u00fcz Mazide, G\u00f6z\u00fcm\u00fcz \u00c2tide!<\/p>\n\n\n\n<p>Cumhuriyetimiz 100 ya\u015f\u0131nda. 100 y\u0131l \u00f6nce Gazi Mustafa Kemal Atat\u00fcrk \u00f6nderli\u011finde ecdad\u0131m\u0131z, \u015fanl\u0131 bir m\u00fccadele ortaya koydu ve Cumhuriyetimizin kurulu\u015funu ger\u00e7ekle\u015ftirdi. Evveliyat\u0131nda y\u00fczlerce, binlerce y\u0131la dayal\u0131 bir tarihimiz var. Devlet ve millet gelene\u011fimiz, medeniyet ge\u00e7mi\u015fimiz var. K\u00f6k\u00fcm\u00fcz mazide, g\u00f6z\u00fcm\u00fcz \u00e2tide.\u201d dedi.&nbsp;<\/p>\n\n\n\n<p>Vali Pehlivan, yeni bir y\u00fczy\u0131la, Say\u0131n Cumhurba\u015fkan\u0131m\u0131z\u0131n ifadeleriyle \u2018T\u00fcrkiye Y\u00fczy\u0131l\u0131\u2019na girmi\u015f bulundu\u011fumuzu belirterek; \u201cT\u00fcrkiye Cumhuriyeti devletinin ikinci y\u00fczy\u0131l\u0131n\u0131n ilk y\u0131l\u0131nday\u0131z. Birinci y\u00fczy\u0131ldan ve \u015fanl\u0131 tarihimizden g\u00fc\u00e7 alarak, bu y\u00fczy\u0131l\u0131 da hep birlikte en g\u00fc\u00e7l\u00fc \u015fekilde in\u015fa edece\u011fiz. Bunu yaparken, elbette ki g\u00fcvenlik ve asayi\u015f en \u00f6nemli, en \u00f6ncelikli konular\u0131m\u0131zdan biri olacakt\u0131r. \u00c7\u00fcnk\u00fc co\u011frafya olarak d\u00fcnyan\u0131n geneline bakt\u0131\u011f\u0131m\u0131zda en stratejik ve en kritik b\u00f6lgede bulunuyoruz. Etraf\u0131m\u0131zda bir ate\u015f \u00e7emberi mevcut. \u015eer odaklar\u0131, ter\u00f6r \u00f6rg\u00fctleri var. G\u00fcvenlik birimlerimiz ge\u00e7mi\u015fte oldu\u011fu gibi bundan sonra da ter\u00f6r \u00f6rg\u00fctlerine, \u015fer odaklar\u0131na, su\u00e7 ve su\u00e7luya kar\u015f\u0131 m\u00fccadelesine en etkin bir \u015fekilde devam edecek ki bu y\u00fczy\u0131lda di\u011fer b\u00fct\u00fcn hizmet alanlar\u0131nda kalk\u0131nmaya, geli\u015fmeye ve g\u00fc\u00e7l\u00fc gelece\u011fe do\u011fru yol almaya devam edece\u011fiz.&nbsp;<\/p>\n\n\n\n<p>Bug\u00fcne kadar hi\u00e7bir \u015fer oda\u011f\u0131, hi\u00e7bir ter\u00f6r \u00f6rg\u00fct\u00fc \u00fclkemize ve milletimize asla diz \u00e7\u00f6kt\u00fcremedi bundan sonra da asla diz \u00e7\u00f6kt\u00fcremeyecek. \u00c7\u00fcnk\u00fc bizim s\u0131ras\u0131 geldi\u011finde vatan\u0131 i\u00e7in can\u0131n\u0131 seve seve vermeye haz\u0131r olan nesillerimiz, gurur duydu\u011fumuz gen\u00e7lerimiz var. Biz kenetlenerek, birbirimizden g\u00fc\u00e7 alarak, aile b\u00fcy\u00fcklerimizin de duas\u0131yla hi\u00e7bir \u015fer oda\u011f\u0131ndan korkmuyoruz, korkmayaca\u011f\u0131z ve m\u00fccadelemize hep birlikte devam edece\u011fiz.<\/p>\n\n\n\n<p>Bizim Ana \u00c7at\u0131m\u0131z T\u00fcrkiye Cumhuriyeti Devletidir.<\/p>\n\n\n\n<p>Sevgili gen\u00e7 karde\u015flerim; vatana hizmet yolunda \u00f6n\u00fcn\u00fczde uzun bir yol var. Bu yolda y\u00fcr\u00fcrken kararl\u0131 olun. Kendinize g\u00fcvenin. Birbirinize g\u00fcvenin. \u0130\u00e7inde yer alaca\u011f\u0131n\u0131z ekiplerde her \u015feyden \u00f6nce bu g\u00fcveni birbirinize telkin edin. Ba\u011fl\u0131 oldu\u011funuz devletimizden ba\u015fka herhangi bir unsura, herhangi bir oda\u011fa angaje olmak gibi bir g\u00fcndeminiz asla olmas\u0131n. Bizim ana g\u00fcndemimiz, ana \u00e7at\u0131m\u0131z T\u00fcrkiye Cumhuriyeti devletidir. Bizim sorumlu oldu\u011fumuz, hizmet etmekten gurur duydu\u011fumuz aziz T\u00fcrk milletidir. \u015eunu hi\u00e7bir zaman unutmay\u0131n; milletimizin g\u00f6nl\u00fc \u015fefkat, a\u011fz\u0131 dua doludur. Siz yapt\u0131\u011f\u0131n\u0131z her faydal\u0131 hizmet kar\u015f\u0131s\u0131nda aziz milletimizin her ferdinin duas\u0131n\u0131 alacaks\u0131n\u0131z ve o dualar\u0131n da yolunuzu ayd\u0131nlataca\u011f\u0131na, aya\u011f\u0131n\u0131za ta\u015f de\u011fdirmeyece\u011fine inan\u0131yoruz.\u201d dedi.<\/p>\n\n\n\n<p>Vali Pehlivan; \u201cAllah&#8217;\u0131n izniyle bu bilin\u00e7le hareket etti\u011finizde ve bir y\u00f6n\u00fcyle devletimizin \u015fefkat y\u00fcz\u00fcn\u00fc vatanda\u015f\u0131m\u0131z\u0131n zor durumunda g\u00f6sterdi\u011finizde ama su\u00e7a ve su\u00e7luya kar\u015f\u0131 da k\u0131l\u0131\u00e7tan dahi keskin oldu\u011funuzda ve vatanda\u015f\u0131m\u0131z\u0131n huzurunu, asayi\u015fi, g\u00fcvenli\u011fini daim k\u0131ld\u0131\u011f\u0131n\u0131zda b\u00fct\u00fcn milletimizin hay\u0131r dualar\u0131 sizinle beraberdir. Hi\u00e7 endi\u015feniz olmas\u0131n.<\/p>\n\n\n\n<p>Bu bilin\u00e7le hareket ediniz. Milletimizin g\u00fcvenine, dualar\u0131na talip olunuz ve bu dualara, bu g\u00fcvene lay\u0131k olmak i\u00e7in, yurdumuzun d\u00f6rt bir taraf\u0131nda mesai mefhumu g\u00f6zetmeksizin gece, g\u00fcnd\u00fcz, azimle, kararl\u0131l\u0131kla, \u00f6zveriyle ve fedakarl\u0131kla t\u0131pk\u0131 \u015fu anda g\u00f6revi ba\u015f\u0131nda olan T\u00fcrk Polis Te\u015fkilat\u0131m\u0131z\u0131n ve di\u011fer g\u00fcvenlik birimlerimizin mensuplar\u0131 gibi, di\u011fer kamu g\u00f6revlilerimiz gibi g\u00f6rev yapmay\u0131 s\u00fcrd\u00fcr\u00fcn\u00fcz. \u0130yiyi \u00e7o\u011falt\u0131n, iyiyi \u00f6rnek al\u0131n, iyi \u00f6rnekler ortaya koymaya \u00e7al\u0131\u015f\u0131n. Sizden sonra gelen nesillere de g\u00fczel hat\u0131ralar, g\u00fczel hizmetler, g\u00fczel eserler b\u0131rak\u0131n.&nbsp;<\/p>\n\n\n\n<p>K\u0131ymetli ailelerimiz; bu evlatlar\u0131n\u0131zla ne kadar gurur duysan\u0131z azd\u0131r. Onlar, kar\u015f\u0131m\u0131zda bir gurur tablosu olarak duruyor. Emek ettiniz. Onlar\u0131 yeti\u015ftirdiniz. Bu ya\u015flara getirdiniz ve bu okulda \u00f6\u011fretmenlerine teslim ettiniz. Bug\u00fcnden itibaren de devletimizin en k\u00f6kl\u00fc te\u015fkilatlar\u0131ndan birisi olan T\u00fcrk Polis Te\u015fkilat\u0131na emanet ediyorsunuz. Onlara g\u00f6z\u00fcn\u00fcz gibi bakt\u0131n\u0131z. \u015eimdi onlar devletimizin emanetindedir ve \u00fcstlenmi\u015f olduklar\u0131 vazife gere\u011fi vatanda\u015f\u0131m\u0131za g\u00f6zleri gibi bakacaklar, vatanda\u015flar\u0131m\u0131za g\u00f6n\u00fclden hizmet edeceklerdir. Su\u00e7a ve su\u00e7luya asla ge\u00e7it vermeyeceklerdir. Sizler de bug\u00fcne kadar oldu\u011fu gibi bundan sonra da onlar\u0131n ba\u015far\u0131lar\u0131yla gurur duymaya devam edeceksiniz. Biz sizlere m\u00fcte\u015fekkiriz. Emeklerinizden dolay\u0131 hepinize ayr\u0131 ayr\u0131 te\u015fekk\u00fcr ediyor, \u015f\u00fckranlar\u0131m\u0131z\u0131 sunuyorum.&nbsp;<\/p>\n\n\n\n<p>Gen\u00e7lerimizi ders vererek yeti\u015ftiren b\u00fct\u00fcn \u00f6\u011fretim g\u00f6revlilerimize de ayr\u0131ca te\u015fekk\u00fcr ediyorum. Onlar da da\u011farc\u0131klar\u0131nda olan b\u00fct\u00fcn bilgileri gen\u00e7 karde\u015flerimizle payla\u015ft\u0131lar. Onlara, Atat\u00fcrk&#8217;\u00fcn 1929 y\u0131l\u0131nda ifade etti\u011fi gibi; \u201cHerkesin polisi kendi vicdan\u0131d\u0131r. Fakat, polis vicdan\u0131 olmayanlar\u0131n kar\u015f\u0131s\u0131ndad\u0131r.\u201d dediler. Bu gen\u00e7 karde\u015flerimiz vicdan\u0131 olmayanlar\u0131n kar\u015f\u0131s\u0131nda olmaya devam edeceklerdir.<\/p>\n\n\n\n<p>Bu duygularla, bu g\u00fczel e\u011fitim kurumlar\u0131n\u0131n her ge\u00e7en g\u00fcn \u00e7ok daha iyi noktalara gelmesinde, b\u00fct\u00fcn di\u011fer kamu hizmeti alanlar\u0131nda oldu\u011fu gibi katk\u0131lar\u0131n\u0131, desteklerini esirgemeyen ba\u015fta Say\u0131n Cumhurba\u015fkan\u0131m\u0131z olmak \u00fczere Say\u0131n \u0130\u00e7i\u015fleri Bakan\u0131m\u0131za, Emniyet Genel M\u00fcd\u00fcrl\u00fc\u011f\u00fcm\u00fcze, Polis Akademisi Ba\u015fkanl\u0131\u011f\u0131m\u0131za, A&#8217;dan Z&#8217;ye her kademede g\u00f6rev yapan gerek amir d\u00fczeyinde gerek memur d\u00fczeyinde t\u00fcm te\u015fkilat mensuplar\u0131na huzurlar\u0131n\u0131zda \u015f\u00fckranlar\u0131m\u0131 sunuyorum. Mezuniyet t\u00f6renimizin hay\u0131rlara vesile olmas\u0131n\u0131 temenni ediyorum. Gen\u00e7 polislerimiz, yokunuz ve baht\u0131n\u0131z a\u00e7\u0131k olsun. Allah yar ve yard\u0131mc\u0131n\u0131z olsun.\u201d dedi.<\/p>\n\n\n\n<p>Mezuniyet t\u00f6reninde sinevizyon g\u00f6sterimi yap\u0131ld\u0131. Polis Akademisi Ba\u015fkan\u0131 Prof. Dr. Y\u0131lmaz \u00c7olak\u2019\u0131n tebrik ve kutlama mesaj\u0131 okundu.<\/p>\n\n\n\n<p>T\u00f6rende, Polis Meslek E\u011fitim Merkezi M\u00fcd\u00fcr\u00fc Mustafa Erdal C\u0131las\u0131n da bir konu\u015fma ger\u00e7ekle\u015ftirdi.<\/p>\n\n\n\n<p>Mersin \u015eehit Altu\u011f Verdi Polis Meslek E\u011fitim Merkezi 30. d\u00f6nem birincisi \u00c7a\u011fla \u00c7al\u0131\u015fkan programda yapm\u0131\u015f oldu\u011fu konu\u015fman\u0131n ard\u0131ndan ya\u015f k\u00fct\u00fc\u011f\u00fcne plaket \u00e7akt\u0131.&nbsp;<br><br>Vali Ali Hamza Pehlivan\u2019\u0131n dereceye giren Polis adaylar\u0131na diploma ve \u00f6d\u00fcllerini takdim etti\u011fi t\u00f6rende, 285 kad\u0131n polis memur aday\u0131 yemin ederek mezun oldu.<br><br>Programa, Adli Yarg\u0131 Adalet Komisyonu Ba\u015fkan\u0131 Mustafa Kahveci, Yeni\u015fehir Kaymakam\u0131 Nevzat \u015eeng\u00f6k, \u0130l Emniyet M\u00fcd\u00fcr\u00fc Kamil Karab\u00f6rk, \u0130l Jandarma Komutan\u0131 Tu\u011fgeneral Ercan Atasoy, Sahil G\u00fcvenlik Akdeniz B\u00f6lge Komutan\u0131 Tu\u011famiral O\u011fuz Bavbek il protokol \u00fcyeleri, emniyet mensuplar\u0131 ve mezun polis adaylar\u0131n\u0131n aileleri kat\u0131ld\u0131.<\/p>\n","protected":false},"excerpt":{"rendered":"<p>Valimiz Ali Hamza Pehlivan, Mersin \u015eehit Altu\u011f Verdi Polis Meslek E\u011fitim Merkezi (POMEM) 30. D\u00f6nem Mezuniyet T\u00f6renine kat\u0131ld\u0131. Mersin \u015eehit Altu\u011f Verdi Polis Meslek E\u011fitim Merkezi kapal\u0131 spor salonunda sayg\u0131 duru\u015fu ve \u0130stiklal Mar\u015f\u0131\u2019m\u0131z\u0131n okunmas\u0131yla ba\u015flayan t\u00f6rende bir konu\u015fma ger\u00e7ekle\u015ftiren Vali Pehlivan; \u201cBug\u00fcn okulumuz 30. d\u00f6nem mezunlar\u0131n\u0131 veriyor. 285 kad\u0131n polis karde\u015fimiz bug\u00fcn mesleklerine kavu\u015fuyor [&hellip;]<\/p>\n","protected":false},"author":2,"featured_media":34704,"comment_status":"closed","ping_status":"closed","sticky":false,"template":"","format":"standard","meta":{"footnotes":""},"categories":[34,1,2,3],"tags":[],"class_list":["post-34703","post","type-post","status-publish","format-standard","has-post-thumbnail","hentry","category-flas-haber","category-genel","category-gundem","category-manset"],"views":4,"_links":{"self":[{"href":"https:\/\/mersinkadingazetesi.com\/index.php?rest_route=\/wp\/v2\/posts\/34703"}],"collection":[{"href":"https:\/\/mersinkadingazetesi.com\/index.php?rest_route=\/wp\/v2\/posts"}],"about":[{"href":"https:\/\/mersinkadingazetesi.com\/index.php?rest_route=\/wp\/v2\/types\/post"}],"author":[{"embeddable":true,"href":"https:\/\/mersinkadingazetesi.com\/index.php?rest_route=\/wp\/v2\/users\/2"}],"replies":[{"embeddable":true,"href":"https:\/\/mersinkadingazetesi.com\/index.php?rest_route=%2Fwp%2Fv2%2Fcomments&post=34703"}],"version-history":[{"count":1,"href":"https:\/\/mersinkadingazetesi.com\/index.php?rest_route=\/wp\/v2\/posts\/34703\/revisions"}],"predecessor-version":[{"id":34705,"href":"https:\/\/mersinkadingazetesi.com\/index.php?rest_route=\/wp\/v2\/posts\/34703\/revisions\/34705"}],"wp:featuredmedia":[{"embeddable":true,"href":"https:\/\/mersinkadingazetesi.com\/index.php?rest_route=\/wp\/v2\/media\/34704"}],"wp:attachment":[{"href":"https:\/\/mersinkadingazetesi.com\/index.php?rest_route=%2Fwp%2Fv2%2Fmedia&parent=34703"}],"wp:term":[{"taxonomy":"category","embeddable":true,"href":"https:\/\/mersinkadingazetesi.com\/index.php?rest_route=%2Fwp%2Fv2%2Fcategories&post=34703"},{"taxonomy":"post_tag","embeddable":true,"href":"https:\/\/mersinkadingazetesi.com\/index.php?rest_route=%2Fwp%2Fv2%2Ftags&post=34703"}],"curies":[{"name":"wp","href":"https:\/\/api.w.org\/{rel}","templated":true}]}}