{"id":34706,"date":"2024-08-23T12:34:47","date_gmt":"2024-08-23T09:34:47","guid":{"rendered":"https:\/\/mersinkadingazetesi.com\/?p=34706"},"modified":"2024-08-23T12:34:47","modified_gmt":"2024-08-23T09:34:47","slug":"icisleri-bakani-ali-yerlikaya-ile-genclik-ve-spor-bakani-osman-askin-bakin-baskanliginda-vks-toplantisi-gerceklestirildi","status":"publish","type":"post","link":"https:\/\/mersinkadingazetesi.com\/?p=34706","title":{"rendered":"\u0130\u00c7\u0130\u015eLER\u0130 BAKANI AL\u0130 YERL\u0130KAYA \u0130LE GEN\u00c7L\u0130K VE SPOR BAKANI OSMAN A\u015eKIN BAK\u2019IN BA\u015eKANLI\u011eINDA VKS TOPLANTISI GER\u00c7EKLE\u015eT\u0130R\u0130LD\u0130"},"content":{"rendered":"\n<p>Valimiz Ali Hamza Pehlivan, 2024-2025 e\u011fitim \u00f6\u011fretim y\u0131l\u0131nda y\u00fcksek \u00f6\u011fretim \u00f6\u011frencilerinin yurtlarda bar\u0131nd\u0131r\u0131lmas\u0131na ili\u015fkin hususlar\u0131n de\u011ferlendirildi\u011fi VKS yoluyla ger\u00e7ekle\u015ftirilen toplant\u0131ya kat\u0131ld\u0131.<\/p>\n\n\n\n<p>\u0130\u00e7i\u015fleri Bakan\u0131m\u0131z Say\u0131n Ali Yerlikaya ile Gen\u00e7lik ve Spor Bakan\u0131 Say\u0131n Osman A\u015fk\u0131n Bak\u2019\u0131n ba\u015fkanl\u0131\u011f\u0131nda, her iki Bakanl\u0131\u011f\u0131n Bakan Yard\u0131mc\u0131lar\u0131 ve b\u00fcrokratlar\u0131n\u0131n; Video Konferans Sistemi (VKS) y\u00f6ntemiyle 81 \u0130l Valisi ve Gen\u00e7lik ve Spor \u0130l M\u00fcd\u00fcrlerinin kat\u0131l\u0131m\u0131yla ger\u00e7ekle\u015ftirilen toplant\u0131da;&nbsp;\u0130llerin yurt kapasiteleri, yat\u0131r\u0131mlar, tamamlanan ve devam eden \u00e7al\u0131\u015fmalar ele al\u0131nd\u0131.&nbsp;<\/p>\n\n\n\n<p>Toplant\u0131da, Gen\u00e7lik ve Spor Bakanl\u0131\u011f\u0131 Kredi Yurtlar Kurumuna ba\u011fl\u0131 yurtlarda, \u00fcniversitelerde e\u011fitim alacak olan \u00f6\u011frencilerin bar\u0131nd\u0131r\u0131lmas\u0131, her ge\u00e7en y\u0131l hem kapasite hem de ko\u015fullar\u0131 itibariyle daha da iyi durumlara ula\u015fan bar\u0131nma imkanlar\u0131n\u0131n en etkin \u015fekilde de\u011ferlendirilmesi, yeni sezona y\u00f6nelik haz\u0131rl\u0131klar\u0131n yak\u0131ndan takip edilmesi, neticelendirilmesi ve ilgili \u00e7e\u015fitli konular de\u011ferlendirildi.&nbsp;<\/p>\n\n\n\n<p>Toplant\u0131ya Mersin \u0130limizden Valimiz Ali Hamza Pehlivan ile birlikte Gen\u00e7lik ve Spor \u0130l M\u00fcd\u00fcr\u00fc \u00d6kke\u015f Demir de kat\u0131ld\u0131.<\/p>\n","protected":false},"excerpt":{"rendered":"<p>Valimiz Ali Hamza Pehlivan, 2024-2025 e\u011fitim \u00f6\u011fretim y\u0131l\u0131nda y\u00fcksek \u00f6\u011fretim \u00f6\u011frencilerinin yurtlarda bar\u0131nd\u0131r\u0131lmas\u0131na ili\u015fkin hususlar\u0131n de\u011ferlendirildi\u011fi VKS yoluyla ger\u00e7ekle\u015ftirilen toplant\u0131ya kat\u0131ld\u0131. \u0130\u00e7i\u015fleri Bakan\u0131m\u0131z Say\u0131n Ali Yerlikaya ile Gen\u00e7lik ve Spor Bakan\u0131 Say\u0131n Osman A\u015fk\u0131n Bak\u2019\u0131n ba\u015fkanl\u0131\u011f\u0131nda, her iki Bakanl\u0131\u011f\u0131n Bakan Yard\u0131mc\u0131lar\u0131 ve b\u00fcrokratlar\u0131n\u0131n; Video Konferans Sistemi (VKS) y\u00f6ntemiyle 81 \u0130l Valisi ve Gen\u00e7lik ve Spor [&hellip;]<\/p>\n","protected":false},"author":2,"featured_media":34707,"comment_status":"closed","ping_status":"closed","sticky":false,"template":"","format":"standard","meta":{"footnotes":""},"categories":[1,2,3,5],"tags":[],"class_list":["post-34706","post","type-post","status-publish","format-standard","has-post-thumbnail","hentry","category-genel","category-gundem","category-manset","category-mersin"],"views":4,"_links":{"self":[{"href":"https:\/\/mersinkadingazetesi.com\/index.php?rest_route=\/wp\/v2\/posts\/34706"}],"collection":[{"href":"https:\/\/mersinkadingazetesi.com\/index.php?rest_route=\/wp\/v2\/posts"}],"about":[{"href":"https:\/\/mersinkadingazetesi.com\/index.php?rest_route=\/wp\/v2\/types\/post"}],"author":[{"embeddable":true,"href":"https:\/\/mersinkadingazetesi.com\/index.php?rest_route=\/wp\/v2\/users\/2"}],"replies":[{"embeddable":true,"href":"https:\/\/mersinkadingazetesi.com\/index.php?rest_route=%2Fwp%2Fv2%2Fcomments&post=34706"}],"version-history":[{"count":1,"href":"https:\/\/mersinkadingazetesi.com\/index.php?rest_route=\/wp\/v2\/posts\/34706\/revisions"}],"predecessor-version":[{"id":34708,"href":"https:\/\/mersinkadingazetesi.com\/index.php?rest_route=\/wp\/v2\/posts\/34706\/revisions\/34708"}],"wp:featuredmedia":[{"embeddable":true,"href":"https:\/\/mersinkadingazetesi.com\/index.php?rest_route=\/wp\/v2\/media\/34707"}],"wp:attachment":[{"href":"https:\/\/mersinkadingazetesi.com\/index.php?rest_route=%2Fwp%2Fv2%2Fmedia&parent=34706"}],"wp:term":[{"taxonomy":"category","embeddable":true,"href":"https:\/\/mersinkadingazetesi.com\/index.php?rest_route=%2Fwp%2Fv2%2Fcategories&post=34706"},{"taxonomy":"post_tag","embeddable":true,"href":"https:\/\/mersinkadingazetesi.com\/index.php?rest_route=%2Fwp%2Fv2%2Ftags&post=34706"}],"curies":[{"name":"wp","href":"https:\/\/api.w.org\/{rel}","templated":true}]}}