{"id":34709,"date":"2024-08-23T16:13:07","date_gmt":"2024-08-23T13:13:07","guid":{"rendered":"https:\/\/mersinkadingazetesi.com\/?p=34709"},"modified":"2024-08-23T16:13:08","modified_gmt":"2024-08-23T13:13:08","slug":"baskan-yildiz-futbol-sahasinin-yenileme-calismalarini-inceledi","status":"publish","type":"post","link":"https:\/\/mersinkadingazetesi.com\/?p=34709","title":{"rendered":"&#8220;BA\u015eKAN YILDIZ, FUTBOL SAHASININ YEN\u0130LEME \u00c7ALI\u015eMALARINI \u0130NCELED\u0130&#8221;"},"content":{"rendered":"\n<p><strong>Toroslar Belediyesi, b\u00f6lge halk\u0131n\u0131n sosyal ve sportif ihtiya\u00e7lar\u0131n\u0131 kar\u015f\u0131lamak i\u00e7in \u00e7al\u0131\u015fmalar\u0131n\u0131 aral\u0131ks\u0131z s\u00fcrd\u00fcr\u00fcyor.<\/strong><\/p>\n\n\n\n<p>Uzun zamand\u0131r ihmal edilen ve at\u0131l halde bulunan Turgut T\u00fcrkalp Futbol Sahas\u0131, ba\u015ftan a\u015fa\u011f\u0131 yenileniyor. 5 bin metrekare alandan olu\u015fan saha, kapsaml\u0131 bir yenileme s\u00fcrecinden ge\u00e7erek yeniden halk\u0131n kullan\u0131m\u0131na a\u00e7\u0131lacak.<\/p>\n\n\n\n<p>Toroslar Belediye Ba\u015fkan\u0131 Abdurrahman Y\u0131ld\u0131z, Turgut T\u00fcrkalp Mahallesi&#8217;nde bulunan saha ve \u00e7evresinde y\u00fcr\u00fct\u00fclen \u00e7al\u0131\u015fmalar\u0131 yerinde inceledi ve yap\u0131lan yenilikleri Toroslar halk\u0131na m\u00fcjdeledi.<\/p>\n\n\n\n<p><strong>&#8220;SAHA VE \u00c7EVRES\u0130NDE HUMMALI B\u0130R \u00c7ALI\u015eMA Y\u00dcR\u00dcT\u00dcYORUZ&#8221;<\/strong><\/p>\n\n\n\n<p>Mahalle Muhtar\u0131 Ramazan Avcil ve teknik ekibiyle birlikte futbol sahas\u0131n\u0131 ve \u00e7evresini gezerek incelemelerde bulunan Ba\u015fkan Y\u0131ld\u0131z, &#8220;Turgut T\u00fcrkalp Mahallemizdeki futbol saham\u0131zda hummal\u0131 bir \u00e7al\u0131\u015fma y\u00fcr\u00fct\u00fcyoruz. Uzun zamand\u0131r ihmal edilen bu saha ve \u00e7evresinde olu\u015fan parklar\u0131n ve spor alanlar\u0131n\u0131n bak\u0131m\u0131n\u0131 arkada\u015flar\u0131m\u0131z tamamlayacaklar&#8221; dedi.<\/p>\n\n\n\n<p><strong>&#8220;T\u00dcM HALKIMIZ, 24 SAAT TES\u0130STEN YARARLANAB\u0130LECEK&#8221;<\/strong><\/p>\n\n\n\n<p>Saha alan\u0131n\u0131n sadece futbol oynanmak i\u00e7in de\u011fil komplike bir tesise d\u00f6n\u00fc\u015fece\u011fini dile getiren Ba\u015fkan Y\u0131ld\u0131z, &#8220;Ayn\u0131 zamanda \u00e7evresinde \u00e7ok g\u00fczel a\u011fa\u00e7land\u0131rma, peyzaj i\u015fleri yap\u0131lm\u0131\u015f. Burada belediyemizin ilgili birimleri d\u00fczenleme yapacak. Sporun yan\u0131 s\u0131ra halk\u0131m\u0131z\u0131n piknik yapabilece\u011fi, dinlenebilece\u011fi ve \u00e7ocuklar\u0131m\u0131z\u0131n oyun oynayabilece\u011fi alanlar da olu\u015fturuluyor. Ayn\u0131 zamanda saha \u00e7evresinde spor yap\u0131lan alanlar\u0131n yan\u0131 s\u0131ra basket sahas\u0131 da yap\u0131lacak. Demirta\u015f ve Turgut T\u00fcrkalp Mahalle sakinlerimizin ve Toroslar halk\u0131n\u0131n 24 saat faydalanaca\u011f\u0131 komplike bir tesisi en k\u0131sa s\u00fcrede hizmete a\u00e7aca\u011f\u0131z&#8221; diye konu\u015ftu.<\/p>\n","protected":false},"excerpt":{"rendered":"<p>Toroslar Belediyesi, b\u00f6lge halk\u0131n\u0131n sosyal ve sportif ihtiya\u00e7lar\u0131n\u0131 kar\u015f\u0131lamak i\u00e7in \u00e7al\u0131\u015fmalar\u0131n\u0131 aral\u0131ks\u0131z s\u00fcrd\u00fcr\u00fcyor. Uzun zamand\u0131r ihmal edilen ve at\u0131l halde bulunan Turgut T\u00fcrkalp Futbol Sahas\u0131, ba\u015ftan a\u015fa\u011f\u0131 yenileniyor. 5 bin metrekare alandan olu\u015fan saha, kapsaml\u0131 bir yenileme s\u00fcrecinden ge\u00e7erek yeniden halk\u0131n kullan\u0131m\u0131na a\u00e7\u0131lacak. Toroslar Belediye Ba\u015fkan\u0131 Abdurrahman Y\u0131ld\u0131z, Turgut T\u00fcrkalp Mahallesi&#8217;nde bulunan saha ve \u00e7evresinde [&hellip;]<\/p>\n","protected":false},"author":2,"featured_media":34710,"comment_status":"closed","ping_status":"closed","sticky":false,"template":"","format":"standard","meta":{"footnotes":""},"categories":[1,2,3,10],"tags":[],"class_list":["post-34709","post","type-post","status-publish","format-standard","has-post-thumbnail","hentry","category-genel","category-gundem","category-manset","category-spor"],"views":6,"_links":{"self":[{"href":"https:\/\/mersinkadingazetesi.com\/index.php?rest_route=\/wp\/v2\/posts\/34709"}],"collection":[{"href":"https:\/\/mersinkadingazetesi.com\/index.php?rest_route=\/wp\/v2\/posts"}],"about":[{"href":"https:\/\/mersinkadingazetesi.com\/index.php?rest_route=\/wp\/v2\/types\/post"}],"author":[{"embeddable":true,"href":"https:\/\/mersinkadingazetesi.com\/index.php?rest_route=\/wp\/v2\/users\/2"}],"replies":[{"embeddable":true,"href":"https:\/\/mersinkadingazetesi.com\/index.php?rest_route=%2Fwp%2Fv2%2Fcomments&post=34709"}],"version-history":[{"count":1,"href":"https:\/\/mersinkadingazetesi.com\/index.php?rest_route=\/wp\/v2\/posts\/34709\/revisions"}],"predecessor-version":[{"id":34711,"href":"https:\/\/mersinkadingazetesi.com\/index.php?rest_route=\/wp\/v2\/posts\/34709\/revisions\/34711"}],"wp:featuredmedia":[{"embeddable":true,"href":"https:\/\/mersinkadingazetesi.com\/index.php?rest_route=\/wp\/v2\/media\/34710"}],"wp:attachment":[{"href":"https:\/\/mersinkadingazetesi.com\/index.php?rest_route=%2Fwp%2Fv2%2Fmedia&parent=34709"}],"wp:term":[{"taxonomy":"category","embeddable":true,"href":"https:\/\/mersinkadingazetesi.com\/index.php?rest_route=%2Fwp%2Fv2%2Fcategories&post=34709"},{"taxonomy":"post_tag","embeddable":true,"href":"https:\/\/mersinkadingazetesi.com\/index.php?rest_route=%2Fwp%2Fv2%2Ftags&post=34709"}],"curies":[{"name":"wp","href":"https:\/\/api.w.org\/{rel}","templated":true}]}}