{"id":34712,"date":"2024-08-23T16:14:05","date_gmt":"2024-08-23T13:14:05","guid":{"rendered":"https:\/\/mersinkadingazetesi.com\/?p=34712"},"modified":"2024-08-23T16:14:06","modified_gmt":"2024-08-23T13:14:06","slug":"secerden-mersinlilere-cagri-amacimiz-onlari-yasatmak","status":"publish","type":"post","link":"https:\/\/mersinkadingazetesi.com\/?p=34712","title":{"rendered":"SE\u00c7ER&#8217;DEN MERS\u0130NL\u0130LERE \u00c7A\u011eRI; &#8220;AMACIMIZ ONLARI YA\u015eATMAK&#8221;"},"content":{"rendered":"\n<p>Mersin B\u00fcy\u00fck\u015fehir Belediye Ba\u015fkan\u0131 Vahap Se\u00e7er, sokak hayvanlar\u0131n\u0131n ya\u015fat\u0131lmas\u0131 i\u00e7in haz\u0131rlanan&nbsp;<strong>&#8216;Ya\u015fam\u0131 sahiplen, destek B\u00fcy\u00fck\u015fehir&#8217;den&#8217;<\/strong>&nbsp;kampanyas\u0131na ili\u015fkin bas\u0131n toplant\u0131s\u0131 d\u00fczenledi.<\/p>\n\n\n\n<p><strong>&#8220;Biz herkesin Belediyesiyiz&#8221;<\/strong><\/p>\n\n\n\n<p>Mersin B\u00fcy\u00fck\u015fehir Belediyesi Nik\u00e2h ve Etkinlik Salonu&#8217;nda d\u00fczenlenen bas\u0131n toplant\u0131s\u0131nda Ba\u015fkan Vahap Se\u00e7er, T\u00fcrkiye&#8217;nin g\u00fcndemine oturan ve sokak hayvanlar\u0131n\u0131n&nbsp;<strong><em>&#8216;uyutulma&#8217;<\/em><\/strong>&nbsp;ad\u0131 alt\u0131nda \u00f6ld\u00fcr\u00fclmesine zemin haz\u0131rlayan&nbsp;<strong>&#8216;Sokak Hayvanlar\u0131 Yasas\u0131&#8217;<\/strong>&nbsp;kar\u015f\u0131s\u0131nda ya\u015fam\u0131 sahiplenmek ve sokak hayvanlar\u0131n\u0131 ya\u015fatmak i\u00e7in B\u00fcy\u00fck\u015fehir olarak uzun s\u00fcredir bir \u00e7al\u0131\u015fma ger\u00e7ekle\u015ftirdiklerini aktard\u0131. Yap\u0131lan \u00e7al\u0131\u015fmalar\u0131n kentin t\u00fcm payda\u015flar\u0131yla birlikte y\u00fcr\u00fct\u00fclmesinin hayvanlar\u0131n ya\u015fat\u0131lmas\u0131 i\u00e7in son derece \u00f6nemli oldu\u011funa dikkat \u00e7eken Se\u00e7er,&nbsp;<strong>&#8220;Burada temel konu; toplumun t\u00fcm kesimlerini bu \u00e7al\u0131\u015fmaya d\u00e2hil etmek. Ben Mersin&#8217;de hayvan d\u00fc\u015fman\u0131 hem\u015fehrim oldu\u011funu d\u00fc\u015f\u00fcnm\u00fcyorum ama bunun yan\u0131nda talihsiz baz\u0131 sald\u0131r\u0131lar sonucu zarar g\u00f6rm\u00fc\u015f insanlar\u0131n oldu\u011funu da biliyoruz. Yapaca\u011f\u0131m\u0131z \u00e7al\u0131\u015fmalarla toplumun her kesimini memnun edecek bir sonu\u00e7 ortaya \u00e7\u0131karmam\u0131z laz\u0131m&#8221;<\/strong>&nbsp;dedi.<\/p>\n\n\n\n<p>Mersin&#8217;deki her canl\u0131n\u0131n ya\u015fam hakk\u0131na sayg\u0131 duyduklar\u0131na vurgu yapan Se\u00e7er,&nbsp;<strong>&#8220;Biz Mersin B\u00fcy\u00fck\u015fehir Belediyesi olarak ya da \u015fahs\u0131m Mersin B\u00fcy\u00fck\u015fehir Belediye Ba\u015fkan\u0131 olarak her zaman \u015funu zikrediyoruz;&nbsp;<em>&#8216;Biz herkesin Belediyesiyiz. Biz her canl\u0131n\u0131n Belediye Ba\u015fkan\u0131y\u0131z&#8217;<\/em>&nbsp;diyoruz. Onun i\u00e7in k\u0131\u015f\u0131n kara zemheride, kar alt\u0131nda, Toroslar&#8217;\u0131n eteklerinde mahsur ve yemsiz kalan yaban hayvanlar\u0131na g\u00f6t\u00fcr\u00fcp yem b\u0131rak\u0131yoruz. Biz herkese, toplumun her kesimine sayg\u0131l\u0131y\u0131z. Herkesi kucaklama zorunlulu\u011fumuz var&#8221;<\/strong>&nbsp;diye konu\u015ftu.<\/p>\n\n\n\n<p><strong>&#8220;Mersin B\u00fcy\u00fck\u015fehir Belediyesi 31 bin 496 adet k\u00f6pe\u011fi k\u0131s\u0131rla\u015ft\u0131rd\u0131&#8221;<\/strong><\/p>\n\n\n\n<p>Mersin&#8217;deki sokak hayvanlar\u0131n\u0131n say\u0131sal ve rehabilitasyon durumu ile ilgili verileri de payla\u015fan Se\u00e7er,&nbsp;&nbsp;B\u00fcy\u00fck\u015fehir b\u00fcnyesinde faaliyet g\u00f6steren bak\u0131mevlerinde son 10 y\u0131lda toplam 31 bin 496 adet k\u00f6pe\u011fin k\u0131s\u0131rla\u015ft\u0131r\u0131ld\u0131\u011f\u0131n\u0131 aktard\u0131. Bu k\u00f6peklerin de 30 bin 571&#8217;inin bir \u00f6nceki yasa \u00e7er\u00e7evesinde al\u0131nd\u0131\u011f\u0131 ortama geri b\u0131rak\u0131ld\u0131\u011f\u0131n\u0131 s\u00f6yleyen Se\u00e7er, \u015fu anda Mersin il s\u0131n\u0131rlar\u0131 i\u00e7erisinde k\u0131s\u0131rla\u015ft\u0131r\u0131lm\u0131\u015f k\u00f6pek say\u0131s\u0131n\u0131n yakla\u015f\u0131k olarak 16-17 bin civar\u0131nda oldu\u011funu belirtti. Mersin il s\u0131n\u0131rlar\u0131 i\u00e7erisinde de 4-5 bin civar\u0131nda k\u0131s\u0131rla\u015ft\u0131r\u0131lmam\u0131\u015f, k\u00fcpeli olmayan sokak hayvanlar\u0131 oldu\u011funu tahmin ettiklerini s\u00f6yleyen Se\u00e7er,&nbsp;<strong>&#8220;Toplamda yakla\u015f\u0131k 20-22 bin aras\u0131 sokak k\u00f6pe\u011fimiz var ama bunun 16-17 bini k\u0131s\u0131rla\u015ft\u0131r\u0131lm\u0131\u015f ve kay\u0131t alt\u0131na al\u0131nm\u0131\u015f. Bu \u00f6nemli bir rakamd\u0131r, bu de\u011ferli bir \u00e7al\u0131\u015fman\u0131n \u00fcr\u00fcn\u00fcd\u00fcr. Mersin B\u00fcy\u00fck\u015fehir Belediyesi son 10 y\u0131lda bu anlamda \u00e7ok verimli \u00e7al\u0131\u015fmalar yapm\u0131\u015ft\u0131r&#8221;<\/strong>&nbsp;ifadelerini kulland\u0131.<\/p>\n\n\n\n<p><strong>&#8220;Sokaklardaki k\u00fcpesiz k\u00f6pek pop\u00fclasyonunun en \u00f6nemli sebebi kontrols\u00fcz \u00e7o\u011falma&#8221;<\/strong><\/p>\n\n\n\n<p>Sokaklardaki k\u00fcpesiz k\u00f6pek pop\u00fclasyonunun en \u00f6nemli sebeplerinden birisinin k\u00f6ylerde \u00e7oban ya da bek\u00e7ilik amac\u0131yla beslenen k\u00f6peklerin kay\u0131t alt\u0131na al\u0131nmamas\u0131 ve kontrols\u00fcz \u00e7o\u011falmas\u0131 oldu\u011funa i\u015faret eden Se\u00e7er,&nbsp;<strong>&#8220;Yeni yasada da 2025 y\u0131l\u0131n\u0131n sonuna kadar Tar\u0131m ve Orman Bakanl\u0131\u011f\u0131 bu hayvanlar\u0131 kay\u0131t alt\u0131na alma zorunlulu\u011fundand\u0131r. E\u011fer burada bir zafiyet ya\u015fan\u0131rsa yine sokaklarda k\u00fcpesiz, kay\u0131t alt\u0131na al\u0131nmam\u0131\u015f hayvan pop\u00fclasyonuna rastlayabiliriz. Ancak Bakanl\u0131k ciddiyetle i\u015fini yapt\u0131\u011f\u0131 takdirde bizim yapt\u0131\u011f\u0131m\u0131z \u00e7al\u0131\u015fmalara da katk\u0131 sunmu\u015f olacakt\u0131r&#8221;<\/strong>&nbsp;dedi.<\/p>\n\n\n\n<p><strong>Se\u00e7er&#8217;den ya\u015fam\u0131 sahiplenmek i\u00e7in i\u015f birli\u011fi \u00e7a\u011fr\u0131s\u0131!<\/strong><\/p>\n\n\n\n<p>Se\u00e7er, kampanyan\u0131n temel amac\u0131n\u0131n yeni yasada h\u00fck\u00fcm alt\u0131na al\u0131nan sokak k\u00f6peklerini toplamak, rehabilitasyonunu yapmak, veri kay\u0131t sistemini i\u015flemek, k\u0131s\u0131rla\u015ft\u0131rmak, m\u00fcmk\u00fcnse sahiplendirmek, m\u00fcmk\u00fcn de\u011filse de do\u011fal ya\u015fam alanlar\u0131nda ortamlar\u0131n\u0131 iyile\u015ftirip refah i\u00e7erisinde ya\u015famalar\u0131n\u0131 sa\u011flamak oldu\u011funu s\u00f6yledi. B\u00fcy\u00fck\u015fehir olarak temel ama\u00e7lar\u0131n\u0131n&nbsp;<strong>&#8216;ya\u015fam\u0131 sahiplenmek&#8217;<\/strong>&nbsp;oldu\u011funu vurgulayan Se\u00e7er, sokak hayvanlar\u0131n\u0131 ya\u015fatmak i\u00e7in i\u015f birli\u011fi halinde olmalar\u0131 gerekti\u011finin alt\u0131n\u0131 \u00e7izdi. Se\u00e7er,&nbsp;<strong>&#8220;Mersin B\u00fcy\u00fck\u015fehir Belediyesi ve birimleri, ayn\u0131 zamanda i\u015ftiraklerinin yan\u0131 s\u0131ra, il\u00e7e belediyeleri, kamu kurum ve kurulu\u015flar\u0131, Mersin Veteriner Hekimler Odas\u0131, sivil toplum kurulu\u015flar\u0131, mahalle muhtarl\u0131klar\u0131, organize sanayi kurulu\u015flar\u0131, k\u00fc\u00e7\u00fck sanayi kurulu\u015flar\u0131, \u00f6zel sekt\u00f6r kurumlar\u0131; b\u00fct\u00fcn bu payda\u015flar\u0131m\u0131z bize katk\u0131 yapt\u0131\u011f\u0131 s\u00fcrece bu \u00e7al\u0131\u015fman\u0131n ba\u015far\u0131ya ula\u015faca\u011f\u0131n\u0131 d\u00fc\u015f\u00fcn\u00fcyorum ve buna can\u0131 y\u00fcrekten de inan\u0131yorum&#8221;&nbsp;<\/strong>diye konu\u015ftu.<\/p>\n\n\n\n<p>\u00d6ncelikle belediye olarak sokaklarda ya\u015fayan, k\u00fcpesi olmayan k\u00f6pekleri toplayarak, bak\u0131m evlerinde k\u0131s\u0131rla\u015ft\u0131rma i\u015flemleri yapacaklar\u0131n\u0131 ve Bakanl\u0131k veri taban\u0131na kaydedeceklerini s\u00f6yleyen Se\u00e7er,&nbsp;<strong>&#8220;B\u00f6ylece sahipsiz t\u00fcm k\u00f6pekleri k\u0131s\u0131rla\u015ft\u0131rarak, sokaklarda ya\u015fayan k\u00f6pek say\u0131s\u0131n\u0131 asgari seviyeye d\u00fc\u015f\u00fcrece\u011fiz&#8221;&nbsp;<\/strong>dedi.<\/p>\n\n\n\n<p><strong>B\u00fcy\u00fck\u015fehir sahiplendirme merkezleri kuruyor<\/strong><\/p>\n\n\n\n<p>B\u00fcy\u00fck\u015fehir olarak sahiplendirme merkezleri olu\u015fturacaklar\u0131n\u0131 duyuran Se\u00e7er, Merkez Ka\u015fl\u0131 Bak\u0131mevi, Silifke Bak\u0131mevi ve Bozyaz\u0131 Bak\u0131mevi&#8217;nin her birinde bir sahiplendirme merkezi olu\u015fturacaklar\u0131n\u0131 ve yurtta\u015flar\u0131n, can dostlar\u0131 sahiplenmesine katk\u0131 sunacaklar\u0131n\u0131 ifade ederek,&nbsp;<strong>&#8220;Burada vatanda\u015flar\u0131m\u0131z\u0131n vakit ge\u00e7irece\u011fi, \u00e7ay-kahve i\u00e7ecekleri alanlar da olu\u015fturuyoruz. Bu merkezler haftan\u0131n her g\u00fcn\u00fc 09.30-12.00 ve 13.30-16.00 saatleri aras\u0131nda ziyarete a\u00e7\u0131k olacakt\u0131r&#8221;&nbsp;<\/strong>diye konu\u015ftu.<\/p>\n\n\n\n<p><strong>Sahiplendirme dijital platforma da ta\u015f\u0131nd\u0131: &#8216;sahiplen.mersin.bel.tr&#8217;<\/strong><\/p>\n\n\n\n<p>Sahiplendirmenin dijital platformlarda da olaca\u011f\u0131na dikkat \u00e7eken Se\u00e7er,&nbsp;<strong><em>&#8216;sahiplen.mersin.bel.tr&#8217;<\/em><\/strong>&nbsp;sayfas\u0131n\u0131 adres g\u00f6sterdi. Sayfan\u0131n tan\u0131t\u0131m\u0131na \u00e7ok \u00f6nem verdiklerine de\u011finen Se\u00e7er,&nbsp;<strong>&#8220;Geni\u015f kitlelere ula\u015fmak istiyoruz. Yerel ve ulusal influencerlarla g\u00f6n\u00fcll\u00fc i\u015f birli\u011fi yap\u0131yoruz. Bu sayfaya giren yurtta\u015flar\u0131m\u0131z sahiplenecekleri can dostlar\u0131m\u0131z\u0131n foto\u011fraflar\u0131n\u0131 ve \u00f6zelliklerini g\u00f6recekler. Hangi \u0131rka mensup olduklar\u0131n\u0131, hangi renk olduklar\u0131n\u0131, kilosunu, boyunu \u00f6\u011frenerek oradan sahiplenecekleri dostlar\u0131 tercih etme imkanlar\u0131 olacak&#8221;<\/strong>&nbsp;ifadelerine yer verdi.<\/p>\n\n\n\n<p><strong>Se\u00e7er &#8216;ya\u015fam\u0131 sahiplen&#8217; dedi, B\u00fcy\u00fck\u015fehir&#8217;in tesislerine 1&#8217;er can sahiplendi<\/strong><\/p>\n\n\n\n<p>Mersin&#8217;de bulunan b\u00fct\u00fcn kurum ve kurulu\u015flara seslenen Se\u00e7er,&nbsp;<strong>&#8220;Mersin&#8217;de bulunan t\u00fcm kurum ve kurulu\u015flar can dostlar\u0131m\u0131z\u0131 sahiplensinler. Ben Mersin B\u00fcy\u00fck\u015fehir Belediye Ba\u015fkan\u0131 olarak an itibariyle t\u00fcm kurumlar\u0131m\u0131z\u0131n, i\u015ftiraklerimizin, tesislerimizin her birine en az 1 can dost sahiplenme karar\u0131n\u0131 \u015fu andan itibaren al\u0131yorum ve bu iste\u011fimi arkada\u015flar\u0131ma buradan ula\u015ft\u0131r\u0131yorum&#8221;<\/strong>&nbsp;m\u00fcjdesini vererek, b\u00fct\u00fcn kurum ve kurulu\u015flar\u0131n bu konuda hassas olmas\u0131 gerekti\u011finin \u00e7a\u011fr\u0131s\u0131 yapt\u0131.<\/p>\n\n\n\n<p><strong>&#8220;Kampanyan\u0131n sihirli c\u00fcmlesi;&nbsp;<em>&#8216;Birlikte olal\u0131m, yard\u0131mla\u015fal\u0131m&#8217;<\/em>&nbsp;&#8220;<\/strong><\/p>\n\n\n\n<p>Bireysel olarak hayvan sahiplenen yurtta\u015flara da bir m\u00fcjde veren Se\u00e7er,&nbsp;<strong>&#8220;Yurtta\u015flar\u0131m\u0131z bar\u0131naklar\u0131m\u0131zda rehabilite etti\u011fimiz hayvanlar\u0131m\u0131z\u0131 sahiplensinler. Hayvanlar\u0131 sahiplendirmeyle de kalm\u0131yoruz, onlar\u0131n yan\u0131nda da oluyoruz. Belediye her zaman destek oluyor, siz yeter ki hayvanlar\u0131 sahiplenin, onlar\u0131 dost edinin. Biz de hayvanlar\u0131n 2 y\u0131l s\u00fcreyle g\u00fcnl\u00fck kuru mama ihtiya\u00e7lar\u0131n\u0131z\u0131 belirli periyotlarla kar\u015f\u0131layal\u0131m. 3 ayda bir i\u00e7 ve d\u0131\u015f parazit ila\u00e7lar\u0131n\u0131 uygulayal\u0131m. 6 ayda bir pet kuaf\u00f6r hizmeti verelim. Can dostlar\u0131m\u0131z \u015f\u0131k olsun, g\u00fczel olsun, yak\u0131\u015f\u0131kl\u0131 olsun. Y\u0131lda bir kuduz a\u015f\u0131s\u0131 uygulamas\u0131n\u0131 yine biz yapal\u0131m&#8221;&nbsp;<\/strong>dedi. Yavruyken sahiplenilmi\u015f olan k\u00f6peklerin k\u0131s\u0131rla\u015ft\u0131r\u0131lmas\u0131n\u0131n da B\u00fcy\u00fck\u015fehir taraf\u0131ndan yap\u0131laca\u011f\u0131n\u0131 s\u00f6yleyen Se\u00e7er,<strong>&nbsp;&#8220;Parazit ila\u00e7lamas\u0131, pet kuaf\u00f6r hizmeti ve kuduz a\u015f\u0131s\u0131 uygulamak \u00fczere hizmet verecek mobil ara\u00e7lar da haz\u0131rlad\u0131k. \u015eu anda haz\u0131r, o mobil ara\u00e7 bu sayd\u0131\u011f\u0131m\u0131z hizmetleri can dostlar\u0131m\u0131z\u0131 sahiplenen yurtta\u015flar\u0131m\u0131za versin istiyoruz. Bu kampanyan\u0131n asl\u0131nda sihirli c\u00fcmlesi&nbsp;<em>&#8216;Birlikte olal\u0131m, yard\u0131mla\u015fal\u0131m&#8217;&nbsp;<\/em>&#8220;<\/strong>&nbsp;diyerek, toplumun t\u00fcm kesimlerinin kampanyaya sahip \u00e7\u0131kmas\u0131n\u0131 istedi.<\/p>\n\n\n\n<p><strong>Bar\u0131naktan sahiplenilen can dostlar\u0131n\u0131n tedavisine veterinerlerden destek: y\u00fczde 25 indirim<\/strong><\/p>\n\n\n\n<p>Mersin Veteriner Hekimler Odas\u0131&#8217;n\u0131n da bu kampanyaya destek verdi\u011fini ve kentteki veteriner hekimlerle b\u00fcy\u00fck bir ad\u0131m att\u0131klar\u0131n\u0131 kaydeden Se\u00e7er,&nbsp;<strong>&#8220;Her zaman oldu\u011fu gibi bize katk\u0131 sunan, her projemizde yan\u0131m\u0131zda olan Mersin Veteriner Hekimler Odas\u0131&#8217;yla da bir protokol yapt\u0131k. Bak\u0131mevlerimizden sahiplenilen can dostlar\u0131m\u0131z\u0131n herhangi bir hastal\u0131k veya bak\u0131m durumu oldu\u011funda bu uygulamalarda vatanda\u015flar\u0131m\u0131za indirim yapaca\u011f\u0131z. Yapt\u0131\u011f\u0131m\u0131z de\u011ferlendirmelerle Mersin Veteriner Hekimler Odam\u0131za \u00fcye kliniklerde y\u00fczde 25 indirim yap\u0131lacak&#8221;<\/strong>&nbsp;diyerek, bir \u00f6nemli katk\u0131y\u0131 daha duyurdu.<\/p>\n\n\n\n<p><strong>Sahiplenilmeyen can dostlara her detay\u0131 d\u00fc\u015f\u00fcn\u00fclm\u00fc\u015f &#8216;ya\u015fam alanlar\u0131&#8217; olu\u015fturuluyor<\/strong><\/p>\n\n\n\n<p>Sahiplenilmeyen can dostlar i\u00e7in de her detay\u0131 d\u00fc\u015f\u00fcnd\u00fcklerini ve onlar i\u00e7in e\u015fsiz bir ya\u015fam alan\u0131 olu\u015fturacaklar\u0131n\u0131 s\u00f6yleyen Se\u00e7er,&nbsp;<strong>&#8220;Can dostlar\u0131m\u0131z\u0131 e\u011fer sahiplendiremiyorsak, do\u011fal ya\u015fam alanlar\u0131nda, bak\u0131mevlerinde ya\u015famlar\u0131n\u0131 s\u00fcrd\u00fcrmelerine ortam haz\u0131rlamam\u0131z laz\u0131m. Bizim 3 bak\u0131m evimiz var; Merkez, Silifke ve Bozyaz\u0131. Bozyaz\u0131&#8217;da 5 dekar, Silifke&#8217;de 15 dekar ve Merkez Ka\u015fl\u0131&#8217;da 30 dekar olmak \u00fczere toplamda 50 dekar alanda bu \u00e7al\u0131\u015fmalar\u0131 ger\u00e7ekle\u015ftiriyoruz. Bu alanlar\u0131n etraf\u0131n\u0131 panel \u00e7it ile \u00e7eviriyoruz. K\u00f6peklerin mizac\u0131na, b\u00fcy\u00fckl\u00fcklerine, \u0131rklar\u0131na, \u00f6zelliklerine g\u00f6re b\u00f6l\u00fcmler haz\u0131rl\u0131yoruz ve buralara can dostlar\u0131m\u0131z\u0131 yerle\u015ftirece\u011fiz. Her b\u00f6l\u00fcm i\u00e7in de tekli veya 7&#8217;li kul\u00fcbeler i\u00e7erisinde k\u00f6peklerimizin bar\u0131nmas\u0131, otomatik suluklar\u0131 ile taze su i\u00e7meleri, otomatik yemliklerle beslenmeleri ve \u00f6zellikle s\u0131cak g\u00fcnlerde serinlemeleri i\u00e7in her b\u00f6l\u00fcm i\u00e7ine havuz yap\u0131yoruz&#8221;<\/strong>&nbsp;ifadelerine yer verdi. K\u00f6peklerin ya\u011fmurdan veya s\u0131caktan korunmalar\u0131 i\u00e7in de kayalar\u0131 delip suni ma\u011faralar olu\u015fturacaklar\u0131n\u0131 da s\u00f6yleyen Se\u00e7er,&nbsp;<strong>&#8220;Yine geri d\u00f6n\u00fc\u015f\u00fcm malzemelerinden k\u00f6pekler i\u00e7in oyun alanlar\u0131 olu\u015fturuyoruz&#8221;<\/strong>&nbsp;dedi.<\/p>\n\n\n\n<p><strong>Se\u00e7er&#8217;den b\u00fcy\u00fck i\u015f yerlerine \u00e7a\u011fr\u0131: &#8220;Yemek art\u0131klar\u0131n\u0131z\u0131 bize verin&#8221;<\/strong><\/p>\n\n\n\n<p>Bar\u0131naklarda y\u0131ll\u0131k kuru mama t\u00fcketiminin 150 bin kilogram oldu\u011funu s\u00f6yleyen Se\u00e7er, kuru maman\u0131n yan\u0131 s\u0131ra yemekhanelerden toplad\u0131klar\u0131 yemek art\u0131klar\u0131n\u0131 da hayvanlara verdiklerini s\u00f6yledi. Belediye b\u00fcnyesine ald\u0131klar\u0131 bir makine ile yemek art\u0131klar\u0131n\u0131 pelet haline getirdiklerini s\u00f6yleyen Se\u00e7er,&nbsp;<strong>&#8220;Hayvanlar da bunu i\u015ftahla yiyorlar, \u00e7ok da seviyorlar. Bu yemek art\u0131klar\u0131ndan elde edilen peletler \u00f6zelli\u011fini yitirmeden yakla\u015f\u0131k olarak bir hafta kalabiliyor&#8221;<\/strong>&nbsp;dedi. B\u00fcy\u00fck yemek \u015firketlerine, lokantalara, yemekhanelere ve konutlara da \u00e7a\u011fr\u0131 yapan Se\u00e7er,&nbsp;<strong>&#8220;Yemek art\u0131klar\u0131n\u0131z\u0131 l\u00fctfen bize verin. Bu can dostlar\u0131n ya\u015famlar\u0131na siz de katk\u0131 sunun. Herkes bu i\u015fin i\u00e7inde olursa hi\u00e7bir b\u00fct\u00e7e sorunu ya\u015famayaca\u011f\u0131z. Herkes bundan memnun olacak. Her \u015fey parayla da de\u011fil, i\u015fte b\u00f6yle katk\u0131lar da olabilir&#8221;<\/strong>&nbsp;diyerek, toplumun her kesimin bu kampanyaya katk\u0131 sunabilece\u011fini duyurdu.<\/p>\n\n\n\n<p><strong>&#8220;Kampanyada g\u00f6n\u00fcll\u00fc olarak katk\u0131 sunmak isteyen herkes i\u00e7in bir alan a\u00e7t\u0131k&#8221;<\/strong><\/p>\n\n\n\n<p>Kampanya kapsam\u0131nda g\u00f6n\u00fcll\u00fclere de \u00e7a\u011fr\u0131da bulunan Se\u00e7er,&nbsp;<strong>&#8220;Bir di\u011fer konu da, can dostlar\u0131 sahiplenmek isteyen ama uygun ortam\u0131 olmayan yurtta\u015flar\u0131m\u0131z\u0131 ilgilendiriyor.&nbsp;<em>&#8216;Ben de katk\u0131 yapmak istiyorum&#8217;<\/em>&nbsp;diyorsunuz. Bizim do\u011fal ya\u015fam alanlar\u0131nda ya\u015fayan can dostlara yapaca\u011f\u0131n\u0131z katk\u0131yla siz de i\u015fin i\u00e7erisinde olabilirsiniz.&nbsp;<em>&#8216;www. birizberaberiz. org&#8217;<\/em>&nbsp;web sayfam\u0131z \u00fczerinden kul\u00fcbe, kuru mama, k\u0131s\u0131rla\u015ft\u0131rma deste\u011fi konusunda nakdi ba\u011f\u0131\u015flar\u0131 yapabilirsiniz. Bu \u00e7al\u0131\u015fmaya g\u00f6n\u00fcll\u00fc olarak katk\u0131 sunmak isteyen herkes i\u00e7in bir alan a\u00e7t\u0131k. Bir enstr\u00fcman ortaya koyduk. \u0130ster sahiplenebilir, ister nakdi, ister yemek art\u0131\u011f\u0131 sa\u011flayarak katk\u0131 yapabilirsiniz. \u00c7ok alan var&#8221;<\/strong>&nbsp;ifadelerini kulland\u0131.<\/p>\n\n\n\n<p><strong>Se\u00e7er&#8217;den Mersinlilere \u00e7a\u011fr\u0131; &#8220;Amac\u0131m\u0131z onlar\u0131 \u00f6ld\u00fcrmek de\u011fil, ya\u015fatmak olsun&#8221;<\/strong><\/p>\n\n\n\n<p>Toplumun her kesiminden kampanyaya destek olmalar\u0131n\u0131 isteyen Se\u00e7er, birlik ve beraberlik i\u00e7erisinde her t\u00fcrl\u00fc engelin a\u015f\u0131laca\u011f\u0131n\u0131 vurgulayarak,&nbsp;<strong>&#8220;Herkes dahil olsun, herkes bu i\u015fin i\u00e7erisinde olsun. Mersin&#8217;in her konuda oldu\u011fu gibi bu konuda da birlik ve beraberlik i\u00e7erisinde oldu\u011funu T\u00fcrkiye&#8217;ye g\u00f6sterelim. Mersinliler bir araya gelirse a\u015famayacaklar\u0131 engel, ba\u015f edemeyecekleri sorun yok. Kentimiz huzur, karde\u015flik ve insanl\u0131k kentidir. Bir arada ya\u015fama k\u00fclt\u00fcr\u00fcn\u00fcn oldu\u011fu bir kenttir. Biz Do\u011fu&#8217;dan Bat\u0131&#8217;ya, Kuzey&#8217;den G\u00fcney&#8217;e, bu topraklara iyi bir ya\u015fam sa\u011flamak i\u00e7in gelmi\u015f yurtta\u015flar\u0131m\u0131z\u0131n olu\u015fturdu\u011fu bir kentte ya\u015f\u0131yoruz ve her ge\u00e7en g\u00fcn b\u00fcy\u00fcyoruz&#8221;<\/strong>&nbsp;dedi. Se\u00e7er Mersinlilere \u00e7a\u011fr\u0131da bulunarak;&nbsp;<strong>&#8220;Amac\u0131m\u0131z onlar\u0131 \u00f6ld\u00fcrmek de\u011fil, ya\u015fatmak olsun. Gelin bu \u00e7al\u0131\u015fmam\u0131za t\u00fcm Mersinliler katk\u0131 verin. Bu sorun alan\u0131n\u0131 da ortadan kald\u0131ral\u0131m, toplumun her kesimi mutlu olsun&#8221;<\/strong>&nbsp;s\u00f6zlerine yer verdi.<\/p>\n\n\n\n<p><strong>Se\u00e7er&#8217;den yasaya ili\u015fkin merkezi h\u00fck\u00fcmete i\u015f birli\u011fi \u00e7a\u011fr\u0131s\u0131<\/strong><\/p>\n\n\n\n<p>Se\u00e7er, bas\u0131n a\u00e7\u0131klamas\u0131n\u0131n ard\u0131ndan bas\u0131n mensuplar\u0131ndan gelen sorulara yan\u0131t verdi. Bir bas\u0131n mensubundan gelen&nbsp;<strong>&#8216;Sokak Hayvanlar\u0131 Yasas\u0131&#8217;<\/strong>na ili\u015fkin de\u011ferlendirme yapmas\u0131 talebine ili\u015fkin konu\u015fan Se\u00e7er,&nbsp;<strong>&#8220;Bu konuyla ilgili merkezi h\u00fck\u00fcmetin belediyelerle yurtta\u015f\u0131 kar\u015f\u0131 kar\u015f\u0131ya getirip&nbsp;<em>&#8216;buyurun ba\u015f ba\u015fa kal\u0131n, siz sorunu \u00e7\u00f6z\u00fcn&#8217;<\/em>&nbsp;yakla\u015f\u0131m\u0131 var. Bunu da do\u011fru bulmuyorum. Bu \u00fclke 22 y\u0131ld\u0131r 5-10 ayr\u0131 siyasi parti, siyasi g\u00f6r\u00fc\u015f taraf\u0131ndan y\u00f6netilmedi. Tek bir siyasi irade taraf\u0131ndan y\u00f6netildi. 22 y\u0131ld\u0131r siz bunu niye \u00e7\u00f6zmediniz? \u00dcz\u00fcc\u00fc olaylar da oldu. Bu can dostlar\u0131n kontrols\u00fcz bir \u015fekilde sokaklarda olmalar\u0131 olumsuz olaylar\u0131 meydana getiriyor. Ama i\u015fte sorarlar,&nbsp;<em>&#8217;22 y\u0131ld\u0131r neden ger\u00e7ekten bu problemi \u00e7\u00f6zmek i\u00e7in belediyelerle i\u015f birli\u011fi halinde olmad\u0131n\u0131z?&#8217;<\/em>&nbsp;Her alanda ve her konuda oldu\u011fu gibi bu alanda da merkezi h\u00fck\u00fcmet kendinden olmayan belediye anlay\u0131\u015f\u0131, \u00e7eli\u015fkisi ya da \u00e7eki\u015fmesi maalesef var&#8221;<\/strong>&nbsp;dedi.<\/p>\n\n\n\n<p>Merkezi h\u00fck\u00fcmetin yerel y\u00f6netimlerle i\u015f birli\u011fi i\u00e7erisinde olmas\u0131 gerekti\u011finin alt\u0131n\u0131 \u00e7izen Se\u00e7er,&nbsp;<strong>&#8220;Biz \u015funu istiyoruz; merkezi h\u00fck\u00fcmet hangi siyasi partiden olursa olsun yerel y\u00f6netimlerle i\u015f birli\u011fi halinde olmal\u0131d\u0131r.&nbsp;<em>&#8216;Birbirimizi k\u00f6\u015feye s\u0131k\u0131\u015ft\u0131ral\u0131m, kolunu k\u0131v\u0131ral\u0131m, tuzak kural\u0131m, belini b\u00fckelim halk kar\u015f\u0131s\u0131nda itibars\u0131zla\u015ft\u0131ral\u0131m&#8217;<\/em>&nbsp;gibi bir anlay\u0131\u015f\u0131 reddediyorum. Bu belediyeler i\u00e7in de ge\u00e7erli. Burada merkezi h\u00fck\u00fcmetin uygulamalar\u0131na biz yard\u0131mc\u0131 m\u0131 oluyoruz, k\u00f6stek mi oluyoruz? Elbette ki yard\u0131mc\u0131 oluyoruz. O zaman bizim uygulamalar\u0131m\u0131zda ve g\u00f6rev alanlar\u0131m\u0131zda da merkezi h\u00fck\u00fcmet iyi niyet \u00e7er\u00e7evesinde&nbsp;<em>&#8216;temel ama\u00e7 vatanda\u015fa hizmettir&#8217;<\/em>&nbsp;anlay\u0131\u015f\u0131yla bizlere destek olmak durumundad\u0131r&#8221;<\/strong>&nbsp;diyerek s\u00f6zlerini sonland\u0131rd\u0131.<\/p>\n","protected":false},"excerpt":{"rendered":"<p>Mersin B\u00fcy\u00fck\u015fehir Belediye Ba\u015fkan\u0131 Vahap Se\u00e7er, sokak hayvanlar\u0131n\u0131n ya\u015fat\u0131lmas\u0131 i\u00e7in haz\u0131rlanan&nbsp;&#8216;Ya\u015fam\u0131 sahiplen, destek B\u00fcy\u00fck\u015fehir&#8217;den&#8217;&nbsp;kampanyas\u0131na ili\u015fkin bas\u0131n toplant\u0131s\u0131 d\u00fczenledi. &#8220;Biz herkesin Belediyesiyiz&#8221; Mersin B\u00fcy\u00fck\u015fehir Belediyesi Nik\u00e2h ve Etkinlik Salonu&#8217;nda d\u00fczenlenen bas\u0131n toplant\u0131s\u0131nda Ba\u015fkan Vahap Se\u00e7er, T\u00fcrkiye&#8217;nin g\u00fcndemine oturan ve sokak hayvanlar\u0131n\u0131n&nbsp;&#8216;uyutulma&#8217;&nbsp;ad\u0131 alt\u0131nda \u00f6ld\u00fcr\u00fclmesine zemin haz\u0131rlayan&nbsp;&#8216;Sokak Hayvanlar\u0131 Yasas\u0131&#8217;&nbsp;kar\u015f\u0131s\u0131nda ya\u015fam\u0131 sahiplenmek ve sokak hayvanlar\u0131n\u0131 ya\u015fatmak i\u00e7in B\u00fcy\u00fck\u015fehir olarak [&hellip;]<\/p>\n","protected":false},"author":2,"featured_media":34713,"comment_status":"closed","ping_status":"closed","sticky":false,"template":"","format":"standard","meta":{"footnotes":""},"categories":[34,1,2,3,5],"tags":[],"class_list":["post-34712","post","type-post","status-publish","format-standard","has-post-thumbnail","hentry","category-flas-haber","category-genel","category-gundem","category-manset","category-mersin"],"views":3,"_links":{"self":[{"href":"https:\/\/mersinkadingazetesi.com\/index.php?rest_route=\/wp\/v2\/posts\/34712"}],"collection":[{"href":"https:\/\/mersinkadingazetesi.com\/index.php?rest_route=\/wp\/v2\/posts"}],"about":[{"href":"https:\/\/mersinkadingazetesi.com\/index.php?rest_route=\/wp\/v2\/types\/post"}],"author":[{"embeddable":true,"href":"https:\/\/mersinkadingazetesi.com\/index.php?rest_route=\/wp\/v2\/users\/2"}],"replies":[{"embeddable":true,"href":"https:\/\/mersinkadingazetesi.com\/index.php?rest_route=%2Fwp%2Fv2%2Fcomments&post=34712"}],"version-history":[{"count":1,"href":"https:\/\/mersinkadingazetesi.com\/index.php?rest_route=\/wp\/v2\/posts\/34712\/revisions"}],"predecessor-version":[{"id":34714,"href":"https:\/\/mersinkadingazetesi.com\/index.php?rest_route=\/wp\/v2\/posts\/34712\/revisions\/34714"}],"wp:featuredmedia":[{"embeddable":true,"href":"https:\/\/mersinkadingazetesi.com\/index.php?rest_route=\/wp\/v2\/media\/34713"}],"wp:attachment":[{"href":"https:\/\/mersinkadingazetesi.com\/index.php?rest_route=%2Fwp%2Fv2%2Fmedia&parent=34712"}],"wp:term":[{"taxonomy":"category","embeddable":true,"href":"https:\/\/mersinkadingazetesi.com\/index.php?rest_route=%2Fwp%2Fv2%2Fcategories&post=34712"},{"taxonomy":"post_tag","embeddable":true,"href":"https:\/\/mersinkadingazetesi.com\/index.php?rest_route=%2Fwp%2Fv2%2Ftags&post=34712"}],"curies":[{"name":"wp","href":"https:\/\/api.w.org\/{rel}","templated":true}]}}