{"id":34721,"date":"2024-08-25T10:17:41","date_gmt":"2024-08-25T07:17:41","guid":{"rendered":"https:\/\/mersinkadingazetesi.com\/?p=34721"},"modified":"2024-08-25T10:17:41","modified_gmt":"2024-08-25T07:17:41","slug":"baskan-yildiz-toroslar-ilcesinde-hizmet-durmayacak","status":"publish","type":"post","link":"https:\/\/mersinkadingazetesi.com\/?p=34721","title":{"rendered":"BA\u015eKAN YILDIZ, &#8220;TOROSLAR \u0130L\u00c7ES\u0130NDE H\u0130ZMET DURMAYACAK&#8221;"},"content":{"rendered":"\n<p>G\u00fcneykent Mahallesinde mahalle temizli\u011fi kampanyas\u0131na kat\u0131lan Toroslar Belediye Ba\u015fkan\u0131 Abdurrahman Y\u0131ld\u0131z, &#8221;Bizim b\u00fct\u00e7emizi kesebilirsiniz, vergi ad\u0131 alt\u0131nda Sosyal G\u00fcvenlik Kurumu arac\u0131l\u0131\u011f\u0131yla param\u0131za el koyabilirsiniz, ama her zaman s\u00f6yledi\u011fim gibi biz halk\u0131m\u0131zla beraber dayan\u0131\u015farak da olsa hizmetimize devam edece\u011fiz. Toroslar il\u00e7esinde hizmet durmayacak&#8221; dedi.<\/p>\n\n\n\n<p>Toroslar Belediyesinin,&nbsp; 31 Mart 2024&#8217;ten sonra il\u00e7ede ba\u015flat\u0131lan temizlik seferberli\u011fine dikkat \u00e7ekmek ve vatanda\u015flar aras\u0131nda \u00e7evre temzli\u011fine duyarl\u0131k yaratmak amac\u0131yla &#8220;Mahallede Temizlik Var&#8221; slogan\u0131yla d\u00fczenledi\u011fi temizlik kampanyas\u0131 bu hafta G\u00fcneykent Mahallesi&#8217;nde ger\u00e7ekle\u015fti.<\/p>\n\n\n\n<p>Toroslar Belediye Ba\u015fkan\u0131 Abdurrahman Y\u0131ld\u0131z, sabah\u0131n erken saatlerinde belediye ba\u015fkan yard\u0131mc\u0131lar\u0131, meclis \u00fcyeleri, muhtarlar, mahalle halk\u0131, aktivistler ve g\u00f6n\u00fcll\u00fclerin bulundu\u011fu ekipler ile birlikte temizlik \u00e7al\u0131\u015fmalar\u0131na kat\u0131ld\u0131.<\/p>\n\n\n\n<p>Belediye ara\u00e7lar\u0131 ve i\u015f makineleri ise yol ve \u00e7\u00f6p konteynerlerini y\u0131kaman\u0131n yan\u0131 s\u0131ra ot bi\u00e7me, kald\u0131r\u0131m s\u00fcp\u00fcrme ve moloz temizli\u011fi faaliyetlerinde bulundu.<\/p>\n\n\n\n<p><strong>&#8220;\u0130L\u00c7EM\u0130Z\u0130N HER MAHALLES\u0130NDE TEM\u0130ZL\u0130K SEFERBERL\u0130\u011e\u0130M\u0130Z S\u00dcRECEK&#8221;<\/strong><\/p>\n\n\n\n<p>31 Mart 2024&#8217;te se\u00e7ilmelerinin hemen ard\u0131ndan &#8220;Daha temiz Toroslar&#8221; i\u00e7in temizlik seferberli\u011fini ba\u015flatt\u0131klar\u0131n\u0131 hat\u0131rlatan Ba\u015fkan Y\u0131ld\u0131z, halkla dayan\u0131\u015fman\u0131n \u00f6nemine vurgu yaparak \u015funlar\u0131 s\u00f6yledi: &#8220;Bug\u00fcn G\u00fcneykent mahallemizi temizlemek i\u00e7in buraday\u0131z. Mahalle sakinlerimiz, kom\u015fular\u0131m\u0131z, muhtar\u0131m\u0131z, meclis \u00fcyelerimiz, b\u00fct\u00fcn \u00e7al\u0131\u015fanlar\u0131m\u0131z ile birlikte bug\u00fcn G\u00fcneykent mahallemizi temizleyece\u011fiz. \u0130l\u00e7emizin her mahallesinde temizlik seferberli\u011fimiz s\u00fcrecek.&#8221;<\/p>\n\n\n\n<p><strong>&#8220;350 B\u0130N TOROSLAR HALKININ EME\u011e\u0130N\u0130 BU \u0130\u015e\u0130N \u0130\u00c7\u0130NE KATIYORUZ&#8221;<\/strong><\/p>\n\n\n\n<p>Ba\u015fkan Y\u0131ld\u0131z, temizlik kampanyas\u0131n\u0131n Toroslar halk\u0131n\u0131n il\u00e7eyi daha ya\u015fanabilir k\u0131lma \u00e7abas\u0131n\u0131n bir par\u00e7as\u0131 oldu\u011funu belirterek, &#8220;Toroslar&#8217;\u0131 daha kaliteli, konforlu ve ya\u015fanabilir bir kent haline getirmek i\u00e7in 350 bin Toroslar halk\u0131n\u0131n eme\u011fini bu i\u015fin i\u00e7ine kat\u0131yoruz. Halk\u0131m\u0131z, il\u00e7emizi daha ya\u015fan\u0131labilir bir hale getirmek i\u00e7in \u00e7aba sarf ediyor. Biz de bu \u00e7aban\u0131n her zaman i\u00e7inde olaca\u011f\u0131z. Toroslar il\u00e7emiz, insanlar\u0131n daha \u00e7ok dayan\u0131\u015fma halinde oldu\u011fu, bar\u0131\u015f ve karde\u015f\u00e7e ya\u015fad\u0131\u011f\u0131 bir il\u00e7e haline gelecek&#8221; dedi.<\/p>\n\n\n\n<p><strong>&#8220;EN \u0130Y\u0130 TEM\u0130ZL\u0130K H\u0130\u00c7 K\u0130RLETMEMEKT\u0130R&#8221;<\/strong><\/p>\n\n\n\n<p>G\u00fcneykent Mahalle Muhtar\u0131 Abdullah Ayhan da mahalle halk\u0131 ad\u0131na Ba\u015fkan Y\u0131ld\u0131z&#8217;a, belediye meclis \u00fcyelerine ve ekibine te\u015fekk\u00fcr etti. Ayhan, &#8220;\u00d6n\u00fcm\u00fczde zorlu s\u00fcre\u00e7ler olacak. Bu zorlu s\u00fcre\u00e7lerin \u00fcstesinden hep beraber gelece\u011fiz. En iyi temizlik hi\u00e7 kirletmemektir&#8221; \u015feklinde konu\u015ftu.<\/p>\n","protected":false},"excerpt":{"rendered":"<p>G\u00fcneykent Mahallesinde mahalle temizli\u011fi kampanyas\u0131na kat\u0131lan Toroslar Belediye Ba\u015fkan\u0131 Abdurrahman Y\u0131ld\u0131z, &#8221;Bizim b\u00fct\u00e7emizi kesebilirsiniz, vergi ad\u0131 alt\u0131nda Sosyal G\u00fcvenlik Kurumu arac\u0131l\u0131\u011f\u0131yla param\u0131za el koyabilirsiniz, ama her zaman s\u00f6yledi\u011fim gibi biz halk\u0131m\u0131zla beraber dayan\u0131\u015farak da olsa hizmetimize devam edece\u011fiz. Toroslar il\u00e7esinde hizmet durmayacak&#8221; dedi. Toroslar Belediyesinin,&nbsp; 31 Mart 2024&#8217;ten sonra il\u00e7ede ba\u015flat\u0131lan temizlik seferberli\u011fine dikkat \u00e7ekmek [&hellip;]<\/p>\n","protected":false},"author":2,"featured_media":34722,"comment_status":"closed","ping_status":"closed","sticky":false,"template":"","format":"standard","meta":{"footnotes":""},"categories":[34,2,3,5],"tags":[],"class_list":["post-34721","post","type-post","status-publish","format-standard","has-post-thumbnail","hentry","category-flas-haber","category-gundem","category-manset","category-mersin"],"views":5,"_links":{"self":[{"href":"https:\/\/mersinkadingazetesi.com\/index.php?rest_route=\/wp\/v2\/posts\/34721"}],"collection":[{"href":"https:\/\/mersinkadingazetesi.com\/index.php?rest_route=\/wp\/v2\/posts"}],"about":[{"href":"https:\/\/mersinkadingazetesi.com\/index.php?rest_route=\/wp\/v2\/types\/post"}],"author":[{"embeddable":true,"href":"https:\/\/mersinkadingazetesi.com\/index.php?rest_route=\/wp\/v2\/users\/2"}],"replies":[{"embeddable":true,"href":"https:\/\/mersinkadingazetesi.com\/index.php?rest_route=%2Fwp%2Fv2%2Fcomments&post=34721"}],"version-history":[{"count":1,"href":"https:\/\/mersinkadingazetesi.com\/index.php?rest_route=\/wp\/v2\/posts\/34721\/revisions"}],"predecessor-version":[{"id":34723,"href":"https:\/\/mersinkadingazetesi.com\/index.php?rest_route=\/wp\/v2\/posts\/34721\/revisions\/34723"}],"wp:featuredmedia":[{"embeddable":true,"href":"https:\/\/mersinkadingazetesi.com\/index.php?rest_route=\/wp\/v2\/media\/34722"}],"wp:attachment":[{"href":"https:\/\/mersinkadingazetesi.com\/index.php?rest_route=%2Fwp%2Fv2%2Fmedia&parent=34721"}],"wp:term":[{"taxonomy":"category","embeddable":true,"href":"https:\/\/mersinkadingazetesi.com\/index.php?rest_route=%2Fwp%2Fv2%2Fcategories&post=34721"},{"taxonomy":"post_tag","embeddable":true,"href":"https:\/\/mersinkadingazetesi.com\/index.php?rest_route=%2Fwp%2Fv2%2Ftags&post=34721"}],"curies":[{"name":"wp","href":"https:\/\/api.w.org\/{rel}","templated":true}]}}