{"id":34724,"date":"2024-08-25T10:20:34","date_gmt":"2024-08-25T07:20:34","guid":{"rendered":"https:\/\/mersinkadingazetesi.com\/?p=34724"},"modified":"2024-08-25T10:20:34","modified_gmt":"2024-08-25T07:20:34","slug":"toroslarin-zirvesinde-zafer-ruhuyla-pedalladilar","status":"publish","type":"post","link":"https:\/\/mersinkadingazetesi.com\/?p=34724","title":{"rendered":"&#8220;TOROSLARIN Z\u0130RVES\u0130&#8217;NDE, ZAFER RUHUYLA, &#8220;PEDALLADILAR&#8221;"},"content":{"rendered":"\n<p>Toroslar\u0131n zirvesinde 30 A\u011fustos Zafer kutlamalar\u0131 kapsam\u0131nda y\u00fczlerce sporcu zafer ruhunu hem pedallayarak hem de g\u00f6ky\u00fcz\u00fcnde u\u00e7arak kutluyor.<\/p>\n\n\n\n<p>Mersin Erdemli Belediyesi, Akyas Yama\u00e7 Para\u015f\u00fct\u00fc, Erdemli G\u00f6ky\u00fcz\u00fc \u015eenlikleri ve T\u00fcrkiye Air Sport Federation i\u015fbirli\u011fiyle 30 A\u011fustos Zafer Bayram\u0131&#8217;n\u0131n 102. Y\u0131l\u0131 kapsam\u0131nda bisiklet ve para\u015f\u00fct etkinli\u011fi d\u00fczenleniyor. Etkinli\u011fin adresi ise Erdemli Akp\u0131nar Yaylas\u0131.<\/p>\n\n\n\n<p>T\u00fcrkiye genelinden y\u00fczlerce sporcunun kat\u0131ld\u0131\u011f\u0131 kutlamalar, Ayd\u0131nlar Mahallesi&#8217;nden bisiklet turuyla ba\u015flad\u0131. Sporcularla birlikte Erdemli Belediye Ba\u015fkan\u0131 Mustafa Kara&#8217;da pedallad\u0131.<\/p>\n\n\n\n<p>\u00dc\u00e7 g\u00fcn s\u00fcrecek etkinlikte 150 kilometre tur at\u0131lmas\u0131 hedeflendi\u011fini ifade eden Erdemli Belediye Ba\u015fkan\u0131 Mustafa Kara, &#8220;T\u00fcrkiye&#8217;nin d\u00f6rt bir taraf\u0131ndan yakla\u015f\u0131k 150 bisiklet\u00e7i ve 350 para\u015f\u00fct\u00e7\u00fc arkada\u015f\u0131m\u0131z kat\u0131ld\u0131. 150 kilometre katedilecek. Bunun sonunda da Akp\u0131nar Yaylam\u0131zda para\u015f\u00fct etkinli\u011fimiz olacak. Zafere u\u00e7uyoruz, zafere pedalliyoruz slogan\u0131yla ba\u015flad\u0131\u011f\u0131m\u0131z bu etkinliklere 3 g\u00fcn boyunca Akp\u0131nar Yaylam\u0131zda u\u00e7u\u015f programlar\u0131m\u0131z var. B\u00fct\u00fcn halk\u0131m\u0131z\u0131 da davet ediyoruz&#8221; diye konu\u015ftu.<\/p>\n\n\n\n<p>Festivale ilk defa geldi\u011fi i\u00e7in \u00e7ok heyecanl\u0131 oldu\u011funu ifade eden Selen Y\u0131lmaz, &#8220;Bir heyecanla geldik, bir sevin\u00e7le geldik. Bu benim ilk Erdemli Festivaline geli\u015fim&#8221; diye konu\u015ftu.<\/p>\n\n\n\n<p>B\u00f6yle bir etkinli\u011fe kat\u0131ld\u0131\u011f\u0131 i\u00e7in \u00e7ok mutlu oldu\u011funu ifade eden Arzu K\u00f6k, &#8220;Festival alan\u0131na kadar 15 kilometre katedece\u011fiz. Yar\u0131n da Sakl\u0131 \u015eelaleye gidece\u011fiz. \u00d6ncelikle Erdemli Belediyesi&#8217;ne, bu etkinli\u011fi d\u00fczenleyen, destek veren herkese te\u015fekk\u00fcr ediyorum&#8221; diye konu\u015ftu.<\/p>\n\n\n\n<p>Etkinlikte bisiklet s\u00fcrd\u00fc\u011f\u00fc i\u00e7in memnun oldu\u011funu ifade eden Asl\u0131 \u00c7elik, &#8220;3 g\u00fcnl\u00fck etkinlik s\u00fcresince toplam 150 kilometre s\u00fcrece\u011fiz&#8221; diye konu\u015ftu.<\/p>\n\n\n\n<p>\u00d6te yandan etkinlikler g\u00f6ky\u00fcz\u00fc \u015fenlikleri ile devam edecek.<\/p>\n","protected":false},"excerpt":{"rendered":"<p>Toroslar\u0131n zirvesinde 30 A\u011fustos Zafer kutlamalar\u0131 kapsam\u0131nda y\u00fczlerce sporcu zafer ruhunu hem pedallayarak hem de g\u00f6ky\u00fcz\u00fcnde u\u00e7arak kutluyor. Mersin Erdemli Belediyesi, Akyas Yama\u00e7 Para\u015f\u00fct\u00fc, Erdemli G\u00f6ky\u00fcz\u00fc \u015eenlikleri ve T\u00fcrkiye Air Sport Federation i\u015fbirli\u011fiyle 30 A\u011fustos Zafer Bayram\u0131&#8217;n\u0131n 102. Y\u0131l\u0131 kapsam\u0131nda bisiklet ve para\u015f\u00fct etkinli\u011fi d\u00fczenleniyor. Etkinli\u011fin adresi ise Erdemli Akp\u0131nar Yaylas\u0131. T\u00fcrkiye genelinden y\u00fczlerce sporcunun [&hellip;]<\/p>\n","protected":false},"author":2,"featured_media":34725,"comment_status":"closed","ping_status":"closed","sticky":false,"template":"","format":"standard","meta":{"footnotes":""},"categories":[10],"tags":[],"class_list":["post-34724","post","type-post","status-publish","format-standard","has-post-thumbnail","hentry","category-spor"],"views":16,"_links":{"self":[{"href":"https:\/\/mersinkadingazetesi.com\/index.php?rest_route=\/wp\/v2\/posts\/34724"}],"collection":[{"href":"https:\/\/mersinkadingazetesi.com\/index.php?rest_route=\/wp\/v2\/posts"}],"about":[{"href":"https:\/\/mersinkadingazetesi.com\/index.php?rest_route=\/wp\/v2\/types\/post"}],"author":[{"embeddable":true,"href":"https:\/\/mersinkadingazetesi.com\/index.php?rest_route=\/wp\/v2\/users\/2"}],"replies":[{"embeddable":true,"href":"https:\/\/mersinkadingazetesi.com\/index.php?rest_route=%2Fwp%2Fv2%2Fcomments&post=34724"}],"version-history":[{"count":1,"href":"https:\/\/mersinkadingazetesi.com\/index.php?rest_route=\/wp\/v2\/posts\/34724\/revisions"}],"predecessor-version":[{"id":34726,"href":"https:\/\/mersinkadingazetesi.com\/index.php?rest_route=\/wp\/v2\/posts\/34724\/revisions\/34726"}],"wp:featuredmedia":[{"embeddable":true,"href":"https:\/\/mersinkadingazetesi.com\/index.php?rest_route=\/wp\/v2\/media\/34725"}],"wp:attachment":[{"href":"https:\/\/mersinkadingazetesi.com\/index.php?rest_route=%2Fwp%2Fv2%2Fmedia&parent=34724"}],"wp:term":[{"taxonomy":"category","embeddable":true,"href":"https:\/\/mersinkadingazetesi.com\/index.php?rest_route=%2Fwp%2Fv2%2Fcategories&post=34724"},{"taxonomy":"post_tag","embeddable":true,"href":"https:\/\/mersinkadingazetesi.com\/index.php?rest_route=%2Fwp%2Fv2%2Ftags&post=34724"}],"curies":[{"name":"wp","href":"https:\/\/api.w.org\/{rel}","templated":true}]}}