{"id":34727,"date":"2024-08-25T10:21:58","date_gmt":"2024-08-25T07:21:58","guid":{"rendered":"https:\/\/mersinkadingazetesi.com\/?p=34727"},"modified":"2024-08-25T10:21:58","modified_gmt":"2024-08-25T07:21:58","slug":"kariyer-merkezinden-dijital-dunyada-is-arama-becerileri-ve-linkedln-kullanimi","status":"publish","type":"post","link":"https:\/\/mersinkadingazetesi.com\/?p=34727","title":{"rendered":"KAR\u0130YER MERKEZ\u0130&#8217;NDEN &#8216;D\u0130J\u0130TAL D\u00dcNYADA \u0130\u015e ARAMA BECER\u0130LER\u0130 VE L\u0130NKEDLN KULLANIMI&#8217;"},"content":{"rendered":"\n<p>Mersin B\u00fcy\u00fck\u015fehir Belediyesi&#8217;nin Kariyer Merkezi gen\u00e7lerin profesyonel i\u015f ya\u015famlar\u0131nda iyi bir kariyer sahibi olabilmelerinin yan\u0131 s\u0131ra mesleki ve ki\u015fisel yetenekleri do\u011frultusunda istihdam edilmeleri amac\u0131yla d\u00fczenledi\u011fi e\u011fitim serisini t\u00fcm h\u0131z\u0131yla s\u00fcrd\u00fcr\u00fcyor.<\/p>\n\n\n\n<p>\u0130\u015f arayanlara, \u00f6\u011frencilere ve i\u015fverenlere y\u00f6nelik verdi\u011fi e\u011fitimlerde i\u015f d\u00fcnyas\u0131na dair gerekli bilgi ve pratik deneyimleri kazand\u0131rmay\u0131 hedefleyen Kariyer Merkezi bu kapsamda \u00fcniversite \u00f6\u011frencilerinin talepleri do\u011frultusunda gen\u00e7lere&nbsp;<strong>&#8216;Dijital D\u00fcnyada \u0130\u015f Arama Becerileri ve Linkedln Kullan\u0131m\u0131&#8217;<\/strong>&nbsp;e\u011fitimi verdi.<\/p>\n\n\n\n<p>E\u011fitim kapsam\u0131nda gen\u00e7lere; k\u00fcreselle\u015fme ile birlikte de\u011fi\u015fen i\u015f d\u00fcnyas\u0131nda ba\u015far\u0131l\u0131 olabilmenin anahtar\u0131, i\u015f ve staj imkan\u0131 bulmak ve profesyonel ili\u015fkilerin geli\u015ftirilmesine imkan tan\u0131yan sosyal payla\u015f\u0131m platformlar\u0131ndan biri olan Linkedln uygulamas\u0131n\u0131n do\u011fru kullan\u0131m\u0131 hakk\u0131nda bilgi verildi. \u0130\u015f d\u00fcnyas\u0131na dair gerekli yetkinlikleri ve becerileri kazand\u0131rmak amac\u0131yla d\u00fczenlenen e\u011fitimde merak ettikleri sorulara yan\u0131t bulan gen\u00e7ler, etkinli\u011fi olduk\u00e7a faydal\u0131 buldu.<\/p>\n\n\n\n<p><strong>\u00d6zada: &#8220;Gen\u00e7lerin dijital d\u00fcnyaya ayak uydurmas\u0131 i\u00e7in e\u011fitimler d\u00fczenliyoruz&nbsp;<\/strong><\/p>\n\n\n\n<p>Mersin B\u00fcy\u00fck\u015fehir Belediyesi Kariyer Merkezi M\u00fcd\u00fcr\u00fc Serkan \u00d6zada, en \u00f6nemli hedef kitlelerinden bir tanesinin \u00f6\u011frenciler oldu\u011funu belirterek,&nbsp;<strong>&#8220;\u00d6\u011frencilerimizin mezun olmadan \u00f6nce i\u015f d\u00fcnyas\u0131n\u0131 ve meslekleri tan\u0131malar\u0131n\u0131, \u00e7al\u0131\u015facaklar\u0131 i\u015flerin kriterlerinin neler oldu\u011funu \u00f6\u011frenmeleri konular\u0131nda yard\u0131mc\u0131 oluyoruz. Pandemi d\u00f6nemi tamamen bir dijital devrim. Dijital devrimle birlikte i\u015flerin yapay zeka taraf\u0131ndan yap\u0131lmas\u0131 ile kar\u015f\u0131 kar\u015f\u0131yay\u0131z. Art\u0131k yeni d\u00fcnya d\u00fczeninde bizler de adaylar\u0131n i\u015f ba\u015fvurular\u0131nda bu dijital ortama ayak uydurmalar\u0131n\u0131 sa\u011flamak \u00fczere e\u011fitimler planl\u0131yoruz&#8221;<\/strong>&nbsp;ifadelerine yer verdi.<\/p>\n\n\n\n<p>Kariyer Merkezi olarak i\u015f hayat\u0131n\u0131n getirdi\u011fi de\u011fi\u015fimlere ayak uydurmak i\u00e7in kendilerini ve e\u011fitim mod\u00fcllerini devaml\u0131 g\u00fcncelledi\u011fini aktaran \u00d6zada, g\u00fcn\u00fcm\u00fczde i\u015f a\u011f\u0131n\u0131n Linkedln uygulamas\u0131 \u00fczerinden s\u00fcrd\u00fcr\u00fcld\u00fc\u011f\u00fcn\u00fc vurgulad\u0131. \u00d6zada,&nbsp;<strong>&#8220;Linkedln; i\u015fveren, \u00e7al\u0131\u015fan ve profesyonellerin profillerinin oldu\u011fu, i\u015f arayanlar\u0131n i\u015f ba\u015fvurusu yapabildi\u011fi ya da firmalar\u0131n yetenek avc\u0131lar\u0131 arac\u0131l\u0131\u011f\u0131yla adaylar\u0131n\u0131 bulabildikleri bir platform. Biz de \u00f6\u011frencilerimize Linkedln profili nas\u0131l kullan\u0131l\u0131r, nas\u0131l olu\u015fturulur ve i\u015f a\u011f\u0131 nas\u0131l yarat\u0131labilir bunu g\u00f6sterdik. Ayn\u0131 zamanda dijital ortamda profil olu\u015fturma, di\u011fer taraftan kurumsal firmalar ve profesyonel y\u00f6neticilerle nas\u0131l etkili ileti\u015fim kurulur bunun yollar\u0131n\u0131 g\u00f6stermeye \u00e7al\u0131\u015f\u0131yoruz&#8221;<\/strong>&nbsp;dedi.<\/p>\n\n\n\n<p><strong>Gen\u00e7ler, e\u011fitimi hem \u00e7ok verimli hem de \u00e7ok faydal\u0131 buldu<\/strong><\/p>\n\n\n\n<p>Tarsus \u00dcniversitesi Uluslararas\u0131 Ticaret ve Lojistik B\u00f6l\u00fcm \u00f6\u011frencisi Zeynep Nisa \u015eirin, e\u011fitimi \u00e7ok be\u011fendi\u011fini s\u00f6yleyerek,&nbsp;<strong>&#8220;Asl\u0131nda benim i\u00e7in \u00e7ok iyi oldu \u00e7\u00fcnk\u00fc benim de bir aktif olarak Linkedln profilim var. Burada eksiklerimi, nas\u0131l tamamlamam gerekti\u011fini ve eksik bilgiler olmamas\u0131 gerekti\u011fini \u00f6\u011frendim. Bu k\u0131s\u0131m \u00e7ok \u00f6nemliydi \u00e7\u00fcnk\u00fc Linkedln daha da b\u00fcy\u00fcyen bir i\u015f d\u00fcnyas\u0131na sahip. O y\u00fczden \u00e7ok g\u00fczeldi<\/strong>&#8221; dedi.<\/p>\n\n\n\n<p>E\u011fitimin kendisi i\u00e7in olduk\u00e7a bilgilendirici oldu\u011funu aktaran Tarsus \u00dcniversitesi Uluslararas\u0131 Ticaret ve Lojistik B\u00f6l\u00fcm \u00f6\u011frencisi Sude \u00c7elik,&nbsp;<strong>&#8220;E\u011fitim s\u0131n\u0131f arkada\u015flar\u0131mla beraber bizlere olduk\u00e7a fazla bilgi katt\u0131.&nbsp;<\/strong>&nbsp;<strong>Daha \u00f6nce CV&#8217;mde \u00e7ok fazla yanl\u0131\u015f yapm\u0131\u015f\u0131m onlar\u0131 fark ettim ve \u00e7ok yararl\u0131 oldu. Asl\u0131nda \u00e7o\u011fumuz kendi profilimizde \u00e7ok fazla yanl\u0131\u015f ad\u0131mlar sergiliyormu\u015fuz ve CV&#8217;mizi gereksiz bilgilerle doldurmu\u015fuz. Bunlar\u0131 fark ettik. Kariyer Merkezi e\u011fitimlerin d\u0131\u015f\u0131nda da g\u00fcnl\u00fck hayat\u0131m\u0131zda gelip dan\u0131\u015fabilece\u011fimiz bir yer&#8221;<\/strong>&nbsp;diye konu\u015ftu<\/p>\n\n\n\n<p>E\u011fitimi olduk\u00e7a verimli bulan \u00f6\u011frencilerden \u0130lter Kal\u0131nl\u0131,&nbsp;<strong>&#8220;Kafamdaki \u00f6nyarg\u0131lar\u0131 tamamen bo\u015faltt\u0131m ve Linkedlln program\u0131nda daha \u00f6nce yapt\u0131\u011f\u0131m yanl\u0131\u015flar\u0131m\u0131 g\u00f6rd\u00fcm. E\u011fitimlerin b\u00fcy\u00fck bir art\u0131 oldu\u011funu d\u00fc\u015f\u00fcn\u00fcyorum. \u0130nsanlar\u0131n kariyerini ileri zamanlarda de\u011fi\u015ftirebilece\u011fini ve y\u00f6n verebilece\u011fini d\u00fc\u015f\u00fcn\u00fcyorum. \u00c7ok g\u00fczel bir uygulamayd\u0131&#8221;<\/strong>&nbsp;ifadelerini kulland\u0131.<\/p>\n","protected":false},"excerpt":{"rendered":"<p>Mersin B\u00fcy\u00fck\u015fehir Belediyesi&#8217;nin Kariyer Merkezi gen\u00e7lerin profesyonel i\u015f ya\u015famlar\u0131nda iyi bir kariyer sahibi olabilmelerinin yan\u0131 s\u0131ra mesleki ve ki\u015fisel yetenekleri do\u011frultusunda istihdam edilmeleri amac\u0131yla d\u00fczenledi\u011fi e\u011fitim serisini t\u00fcm h\u0131z\u0131yla s\u00fcrd\u00fcr\u00fcyor. \u0130\u015f arayanlara, \u00f6\u011frencilere ve i\u015fverenlere y\u00f6nelik verdi\u011fi e\u011fitimlerde i\u015f d\u00fcnyas\u0131na dair gerekli bilgi ve pratik deneyimleri kazand\u0131rmay\u0131 hedefleyen Kariyer Merkezi bu kapsamda \u00fcniversite \u00f6\u011frencilerinin talepleri [&hellip;]<\/p>\n","protected":false},"author":2,"featured_media":34728,"comment_status":"closed","ping_status":"closed","sticky":false,"template":"","format":"standard","meta":{"footnotes":""},"categories":[2,3],"tags":[],"class_list":["post-34727","post","type-post","status-publish","format-standard","has-post-thumbnail","hentry","category-gundem","category-manset"],"views":44,"_links":{"self":[{"href":"https:\/\/mersinkadingazetesi.com\/index.php?rest_route=\/wp\/v2\/posts\/34727"}],"collection":[{"href":"https:\/\/mersinkadingazetesi.com\/index.php?rest_route=\/wp\/v2\/posts"}],"about":[{"href":"https:\/\/mersinkadingazetesi.com\/index.php?rest_route=\/wp\/v2\/types\/post"}],"author":[{"embeddable":true,"href":"https:\/\/mersinkadingazetesi.com\/index.php?rest_route=\/wp\/v2\/users\/2"}],"replies":[{"embeddable":true,"href":"https:\/\/mersinkadingazetesi.com\/index.php?rest_route=%2Fwp%2Fv2%2Fcomments&post=34727"}],"version-history":[{"count":1,"href":"https:\/\/mersinkadingazetesi.com\/index.php?rest_route=\/wp\/v2\/posts\/34727\/revisions"}],"predecessor-version":[{"id":34729,"href":"https:\/\/mersinkadingazetesi.com\/index.php?rest_route=\/wp\/v2\/posts\/34727\/revisions\/34729"}],"wp:featuredmedia":[{"embeddable":true,"href":"https:\/\/mersinkadingazetesi.com\/index.php?rest_route=\/wp\/v2\/media\/34728"}],"wp:attachment":[{"href":"https:\/\/mersinkadingazetesi.com\/index.php?rest_route=%2Fwp%2Fv2%2Fmedia&parent=34727"}],"wp:term":[{"taxonomy":"category","embeddable":true,"href":"https:\/\/mersinkadingazetesi.com\/index.php?rest_route=%2Fwp%2Fv2%2Fcategories&post=34727"},{"taxonomy":"post_tag","embeddable":true,"href":"https:\/\/mersinkadingazetesi.com\/index.php?rest_route=%2Fwp%2Fv2%2Ftags&post=34727"}],"curies":[{"name":"wp","href":"https:\/\/api.w.org\/{rel}","templated":true}]}}